{"id":1272339,"date":"2026-08-31T19:09:34","date_gmt":"2026-08-31T19:09:34","guid":{"rendered":"https:\/\/www.europesays.com\/de\/1272339\/"},"modified":"2026-08-31T19:09:34","modified_gmt":"2026-08-31T19:09:34","slug":"jeanette-biedermann-das-baby-ist-da","status":"publish","type":"post","link":"https:\/\/www.europesays.com\/de\/1272339\/","title":{"rendered":"Jeanette Biedermann: Das Baby ist da!"},"content":{"rendered":"<p class=\"AnnotatedMarkup_paragraph__IUT9l\"><strong>Mit 46 Jahren Mutter geworden!<\/strong><br \/>Das ist jetzt Jeanette Biedermann. Die erste Zeit ihrer Schwangerschaft genoss die S\u00e4ngerin ganz privat. Wenige Monate nach der offiziellen Best\u00e4tigung weiht sie ihre Fans nun in ihr n\u00e4chstes s\u00fc\u00dfes Geheimnis ein: Das Baby ist da! Das hat ihr Management RTL best\u00e4tigt. Es ist ein Junge.<\/p>\n<p>Im M\u00e4rz 2026 best\u00e4tigte Jeanette Biedermanns Management RTL, <a href=\"https:\/\/www.rtl.de\/unterhaltung\/stars\/jeanette-biedermann-ist-schwanger-let-s-dance-star-erwartet-mit-46-ihr-erstes-kind-id30434311.html\" target=\"_self\" rel=\"nofollow noopener\">dass sie schwanger ist.<\/a> Kurz darauf folgte ein Instagram-Post der Musikerin, in dem sie erstmals von ihrer Schwangerschaft erz\u00e4hlte: \u201eEs war eine riesen \u00dcberraschung und kam als Weihnachtsgeschenk zu uns! <strong>Nach all den turbulenten Jahren, beginnt nun ein neues Leben!\u201d<\/strong><\/p>\n<p>Und dieses neue Leben wird mit der Geburt ihres ersten Kindes jetzt auf ein ganz neues Level gehoben. Wenige Wochen vor der Geburt verriet uns die Ex-\u201eLet\u2019s Dance\u201c-Kandidatin noch strahlend: \u201eMir geht es super. Ich bin gesund, das Baby ist gesund. Alles ist wunderbar.\u201c<\/p>\n<p>Obwohl ihre Schwangerschaft aufgrund ihres Alters als Risikoschwangerschaft galt, zeigte sie sich mehr als entspannt. \u201eDas ist das Allerwichtigste: sich nicht verr\u00fcckt machen.\u201c<\/p>\n<p>Schon seit Jahren tr\u00e4umte Jeanette davon, Mutter zu werden. F\u00fcr sie war klar: Sollte dieser Weg f\u00fcr sie bestimmt sein, wunderbar. Falls nicht, w\u00e4re das aber auch okay gewesen. Umso sch\u00f6ner, dass sie jetzt mit 46 ihr \u201ekleines Wunder\u201d in die Arme schlie\u00dfen kann. (dga)<\/p>\n","protected":false},"excerpt":{"rendered":"Mit 46 Jahren Mutter geworden!Das ist jetzt Jeanette Biedermann. Die erste Zeit ihrer Schwangerschaft genoss die S\u00e4ngerin ganz&hellip;\n","protected":false},"author":2,"featured_media":1272340,"comment_status":"","ping_status":"","sticky":false,"template":"","format":"standard","meta":{"footnotes":"","_share_on_mastodon":"0"},"categories":[1776],"tags":[1801,29,143739,214,553,8500,30,11711,143737,143738,5276,1802,2045,12,834,5275,215,143736],"class_list":["post-1272339","post","type-post","status-publish","format-standard","has-post-thumbnail","category-prominente","tag-celebrities","tag-deutschland","tag-ems_unterhaltung_stars","tag-entertainment","tag-familie","tag-geburt","tag-germany","tag-jeanette-biedermann","tag-klatsch-und-tratsch","tag-promi-news-aktuell","tag-promi-news","tag-prominente","tag-promis","tag-schlagzeilen","tag-schwangerschaft","tag-star-news","tag-unterhaltung","tag-vip-news"],"share_on_mastodon":{"url":"https:\/\/pubeurope.com\/@de\/117191702407909060","error":""},"_links":{"self":[{"href":"https:\/\/www.europesays.com\/de\/wp-json\/wp\/v2\/posts\/1272339","targetHints":{"allow":["GET"]}}],"collection":[{"href":"https:\/\/www.europesays.com\/de\/wp-json\/wp\/v2\/posts"}],"about":[{"href":"https:\/\/www.europesays.com\/de\/wp-json\/wp\/v2\/types\/post"}],"author":[{"embeddable":true,"href":"https:\/\/www.europesays.com\/de\/wp-json\/wp\/v2\/users\/2"}],"replies":[{"embeddable":true,"href":"https:\/\/www.europesays.com\/de\/wp-json\/wp\/v2\/comments?post=1272339"}],"version-history":[{"count":0,"href":"https:\/\/www.europesays.com\/de\/wp-json\/wp\/v2\/posts\/1272339\/revisions"}],"wp:featuredmedia":[{"embeddable":true,"href":"https:\/\/www.europesays.com\/de\/wp-json\/wp\/v2\/media\/1272340"}],"wp:attachment":[{"href":"https:\/\/www.europesays.com\/de\/wp-json\/wp\/v2\/media?parent=1272339"}],"wp:term":[{"taxonomy":"category","embeddable":true,"href":"https:\/\/www.europesays.com\/de\/wp-json\/wp\/v2\/categories?post=1272339"},{"taxonomy":"post_tag","embeddable":true,"href":"https:\/\/www.europesays.com\/de\/wp-json\/wp\/v2\/tags?post=1272339"}],"curies":[{"name":"wp","href":"https:\/\/api.w.org\/{rel}","templated":true}]}}