{"id":1272355,"date":"2026-08-31T19:21:16","date_gmt":"2026-08-31T19:21:16","guid":{"rendered":"https:\/\/www.europesays.com\/de\/1272355\/"},"modified":"2026-08-31T19:21:16","modified_gmt":"2026-08-31T19:21:16","slug":"das-tanken-in-polen-wird-ab-dienstag-deutlich-teurer-preise-steigen-stark","status":"publish","type":"post","link":"https:\/\/www.europesays.com\/de\/1272355\/","title":{"rendered":"Das Tanken in Polen wird ab Dienstag deutlich teurer \u2013 Preise steigen stark"},"content":{"rendered":"<p class=\"paragraph tw-mx-auto tw-mb-6\">In <a class=\"rtr-entity\" data-rtr-entity=\"Polen\" data-rtr-id=\"7414732b2846a8e11d2c32eb7b4a38037d5f3a32\" data-rtr-score=\"100.58725761772854\" data-rtr-etype=\"location\" data-rtr-index=\"2\" href=\"https:\/\/www.nordkurier.de\/thema\/polen\" rel=\"nofollow noopener\" target=\"_blank\">Polen<\/a> werden die Preise f\u00fcr Benzin und Diesel ab Dienstag deutlich steigen. Mit dem Ende der polnischen Schulferien am 31. August l\u00e4uft auch die G\u00fcltigkeit des aktuellen Spritpreispakets aus.<\/p>\n<p>So stark k\u00f6nnten die Preise steigen<\/p>\n<p class=\"paragraph tw-mx-auto tw-mb-6\">Der f\u00fcr Montag festgelegte Maximalpreis lag f\u00fcr den Liter Normalbenzin bei umgerechnet etwa 1,54 Euro, f\u00fcr Super bei umgerechnet etwa 1,73 Euro und f\u00fcr Diesel bei umgerechnet etwa 1,70 Euro, wie das Energieministerium bekannt gab.<\/p>\n<p class=\"tw-text-neutral-10 tw-py-2 tw-border-t tw-mb-0 tw-text-title-md tw-font-medium tw-border-solid tw-border-b-neutral-10 tw-font-primary\">Empfohlene Artikel<\/p>\n<p class=\"paragraph tw-mx-auto tw-mb-6\">Nach Sch\u00e4tzungen von Branchenkennern d\u00fcrften sich die Preise f\u00fcr Benzin und Diesel nach Ablauf des Tankrabatts umgerechnet 14 bis 20 Cent pro Liter erh\u00f6hen.<\/p>\n<p class=\"paragraph tw-mx-auto tw-mb-6\">Seit dem 17. August galt in Polen ein verringerter Mehrwertsteuersatz von 8 Prozent. Zudem legte das Energieministerium t\u00e4glich einen maximalen Kraftstoff-Einzelhandelspreis fest, der auf der Grundlage der durchschnittlichen Gro\u00dfhandelspreise und der Betriebskosten der gr\u00f6\u00dften Lieferanten festgelegt wurde.<\/p>\n<p class=\"paragraph tw-mx-auto tw-mb-6\">Die Regierung in Warschau wollte mit dem Spritpreispaket den B\u00fcrgern finanzielle Erleichterung bei der R\u00fcckkehr aus dem Urlaub verschaffen.<\/p><\/p>\n","protected":false},"excerpt":{"rendered":"In Polen werden die Preise f\u00fcr Benzin und Diesel ab Dienstag deutlich steigen. Mit dem Ende der polnischen&hellip;\n","protected":false},"author":2,"featured_media":1272356,"comment_status":"","ping_status":"","sticky":false,"template":"","format":"standard","meta":{"footnotes":"","_share_on_mastodon":"0"},"categories":[134],"tags":[175,170,169,29,30,171,174,173,172],"class_list":["post-1272355","post","type-post","status-publish","format-standard","has-post-thumbnail","category-unternehmen-maerkte","tag-business","tag-companies","tag-companies-markets","tag-deutschland","tag-germany","tag-markets","tag-maerkte","tag-unternehmen","tag-unternehmen-maerkte"],"share_on_mastodon":{"url":"https:\/\/pubeurope.com\/@de\/117191749946543366","error":""},"_links":{"self":[{"href":"https:\/\/www.europesays.com\/de\/wp-json\/wp\/v2\/posts\/1272355","targetHints":{"allow":["GET"]}}],"collection":[{"href":"https:\/\/www.europesays.com\/de\/wp-json\/wp\/v2\/posts"}],"about":[{"href":"https:\/\/www.europesays.com\/de\/wp-json\/wp\/v2\/types\/post"}],"author":[{"embeddable":true,"href":"https:\/\/www.europesays.com\/de\/wp-json\/wp\/v2\/users\/2"}],"replies":[{"embeddable":true,"href":"https:\/\/www.europesays.com\/de\/wp-json\/wp\/v2\/comments?post=1272355"}],"version-history":[{"count":0,"href":"https:\/\/www.europesays.com\/de\/wp-json\/wp\/v2\/posts\/1272355\/revisions"}],"wp:featuredmedia":[{"embeddable":true,"href":"https:\/\/www.europesays.com\/de\/wp-json\/wp\/v2\/media\/1272356"}],"wp:attachment":[{"href":"https:\/\/www.europesays.com\/de\/wp-json\/wp\/v2\/media?parent=1272355"}],"wp:term":[{"taxonomy":"category","embeddable":true,"href":"https:\/\/www.europesays.com\/de\/wp-json\/wp\/v2\/categories?post=1272355"},{"taxonomy":"post_tag","embeddable":true,"href":"https:\/\/www.europesays.com\/de\/wp-json\/wp\/v2\/tags?post=1272355"}],"curies":[{"name":"wp","href":"https:\/\/api.w.org\/{rel}","templated":true}]}}