{"id":1272359,"date":"2026-08-31T19:23:21","date_gmt":"2026-08-31T19:23:21","guid":{"rendered":"https:\/\/www.europesays.com\/de\/1272359\/"},"modified":"2026-08-31T19:23:21","modified_gmt":"2026-08-31T19:23:21","slug":"hattingen-spaziergaenger-entdeckt-mann-mit-axt-im-kopf-festnahme-regional","status":"publish","type":"post","link":"https:\/\/www.europesays.com\/de\/1272359\/","title":{"rendered":"Hattingen: Spazierg\u00e4nger entdeckt Mann mit Axt im Kopf \u2013 Festnahme! | Regional"},"content":{"rendered":"<p><a class=\"skip-content skip-content--link\" href=\"#in-content-skip-link-target-v-0-0\">TTS-Player \u00fcberspringen\u21b5<\/a><a id=\"in-content-skip-link-target-v-0-0\" class=\"skip-content--target-link-hidden skip-content skip-content--target-link\" href=\"#in-content-skip-link-target-v-0-0\">Artikel weiterlesen<\/a><\/p>\n<p>Hattingen (NRW) \u2013 <b>Schockfund beim Spaziergang. Ein Mann entdeckte am Montagnachmittag gegen 15.30 Uhr eine blutende Person in einer Einfahrt an der Breddestra\u00dfe in Hattingen. Nach BILD-Informationen steckte im Kopf des Schwerverletzten eine Axt. Stundenlang umstellte das SEK das Haus \u2013 jetzt wurde der Bruder des Opfers festgenommen.<\/b><\/p>\n<p>Sofort r\u00fcckten Polizei, Feuerwehr und Rettungsdienst mit einem Gro\u00dfaufgebot in den idyllischen Hattinger Stadtteil Niederwenigern (<a href=\"https:\/\/www.bild.de\/regional\/nordrhein-westfalen\/home-npIP0qL0giWP1ZFIOHn2\" class=\"text-link\" rel=\"nofollow noopener\" target=\"_blank\">Nordrhein-Westfalen<\/a>) aus. Auch der Rettungshubschrauber \u201eChristoph 8\u201c war im Einsatz. Rettungskr\u00e4fte behandelten das 61 Jahre alte Opfer zun\u00e4chst vor Ort.<\/p>\n<p><img decoding=\"async\" width=\"992\" height=\"558\" alt=\"Das lebensgef\u00e4hrlich verletzte Opfer wurde per Hubschrauber in eine Spezialklinik gebracht\" loading=\"lazy\" src=\"https:\/\/www.europesays.com\/de\/wp-content\/uploads\/2026\/08\/3ab5645089b59265eb0089200916e2ba,36674ec4.jpeg\"   class=\"landscape\"\/><\/p>\n<p class=\"fig__caption__text\">Das lebensgef\u00e4hrlich verletzte Opfer wurde per Hubschrauber in eine Spezialklinik gebracht<\/p>\n<p>Foto: Justin Brosch<\/p>\n<p>Opfer in Spezialklinik<\/p>\n<p>Der Schwerverletzte soll am mutma\u00dflichen Tatort wohnen. Der Deutsche trug nach BILD-Informationen eine Arbeitshose. Er war nicht mehr ansprechbar. Derzeit besteht akute Lebensgefahr f\u00fcr den Mann. Mit dem Hubschrauber flogen ihn die Not\u00e4rzte in eine Spezialklinik.<\/p>\n<p><img decoding=\"async\" width=\"992\" height=\"558\" alt=\"In der Einfahrt des Wohnhauses ist eine riesige Blutlache zu sehen\" loading=\"lazy\" src=\"https:\/\/www.europesays.com\/de\/wp-content\/uploads\/2026\/08\/45ad37dc90db9bd565cc798d7f608e85,65ff0de2.jpeg\"   class=\"landscape\"\/><\/p>\n<p class=\"fig__caption__text\">In der Einfahrt des Wohnhauses ist eine riesige Blutlache zu sehen <\/p>\n<p>Foto: Justin Brosch<\/p>\n<p>Wie genau es zu den dramatischen Verletzungen kam, ist derzeit v\u00f6llig unklar. Es gab nach BILD-Informationen aber schnell Hinweise auf einen Tatverd\u00e4chtigen \u2013 und das Motiv k\u00f6nnte im privaten Bereich liegen. Beamte der <a href=\"https:\/\/www.bild.de\/regional\/aktuelles\/polizei\/polizeieinsatz-alle-infos-76681760.bild.html\" class=\"text-link\" rel=\"nofollow noopener\" target=\"_blank\">Polizei<\/a> durchk\u00e4mmten das Wohngebiet nach einem T\u00e4ter, befragen m\u00f6gliche Zeugen.<\/p>\n<p>Polizei entdeckt mutma\u00dflichen T\u00e4ter im Haus<\/p>\n<p>Der Bereich um das Haus wurde weitr\u00e4umig abgesperrt, schwer bewaffnete Beamte mit Maschinenpistolen umstellten das Haus. Auch ein Spezialeinsatzkommando (<a href=\"https:\/\/www.bild.de\/themen\/organisationen\/spezialeinsatzkommando\/politik-nachrichten-news-fotos-videos-02-42509142.bild.html\" class=\"text-link\" rel=\"nofollow noopener\" target=\"_blank\">SEK<\/a>) wurde angefordert. Denn: Niemand hatte einen m\u00f6glichen T\u00e4ter bei seiner Flucht beobachtet. <\/p>\n<p>Tats\u00e4chlich hatte sich der Bruder des Schwerstverletzten im Nachbarhaus verschanzt. Per Lautsprecher forderte die Verhandlungsgruppe der Spezialeinheiten den Mann dazu auf, ans Fenster treten. Dann sagten sie, er wisse, dass die Polizei wegen seines Bruders da sei. Es solle herauskommen und nichts in den H\u00e4nden halten. 30 Sekunden sp\u00e4ter, gegen 20.20 Uhr, sind laute Rufe der Polizei zu h\u00f6ren: \u201eHinlegen, hinlegen!\u201c. SEK-Kr\u00e4fte \u00fcberw\u00e4ltigten den Mann, er lie\u00df sich widerstandslos festnehmen.<\/p>\n<p>Staatsanwaltschaft Essen und Polizei Hagen bewerten den Angriff als versuchtes T\u00f6tungsdelikt. Eine Mordkommission hat die Ermittlungen \u00fcbernommen. Auch Beamte der Spurensicherung sind vor Ort, sammeln m\u00f6gliche Beweise.<\/p>\n","protected":false},"excerpt":{"rendered":"TTS-Player \u00fcberspringen\u21b5Artikel weiterlesen Hattingen (NRW) \u2013 Schockfund beim Spaziergang. Ein Mann entdeckte am Montagnachmittag gegen 15.30 Uhr eine&hellip;\n","protected":false},"author":2,"featured_media":1272360,"comment_status":"","ping_status":"","sticky":false,"template":"","format":"standard","meta":{"footnotes":"","_share_on_mastodon":"0"},"categories":[2],"tags":[31484,44323,29,122,30,3786,13,5517,2290,14,15,1209,121,12,14177,138370,10,8,9,11],"class_list":["post-1272359","post","type-post","status-publish","format-standard","has-post-thumbnail","category-deutschland","tag-axt","tag-hattingen","tag-deutschland","tag-fahndungen","tag-germany","tag-grosseinsatz","tag-headlines","tag-lebensgefahr","tag-mordkommission","tag-nachrichten","tag-news","tag-nordrhein-westfalen","tag-polizei","tag-schlagzeilen","tag-spezialeinsatzkommando","tag-team-first","tag-top-news","tag-top-meldungen","tag-topmeldungen","tag-topnews"],"share_on_mastodon":{"url":"https:\/\/pubeurope.com\/@de\/117191760266254529","error":""},"_links":{"self":[{"href":"https:\/\/www.europesays.com\/de\/wp-json\/wp\/v2\/posts\/1272359","targetHints":{"allow":["GET"]}}],"collection":[{"href":"https:\/\/www.europesays.com\/de\/wp-json\/wp\/v2\/posts"}],"about":[{"href":"https:\/\/www.europesays.com\/de\/wp-json\/wp\/v2\/types\/post"}],"author":[{"embeddable":true,"href":"https:\/\/www.europesays.com\/de\/wp-json\/wp\/v2\/users\/2"}],"replies":[{"embeddable":true,"href":"https:\/\/www.europesays.com\/de\/wp-json\/wp\/v2\/comments?post=1272359"}],"version-history":[{"count":0,"href":"https:\/\/www.europesays.com\/de\/wp-json\/wp\/v2\/posts\/1272359\/revisions"}],"wp:featuredmedia":[{"embeddable":true,"href":"https:\/\/www.europesays.com\/de\/wp-json\/wp\/v2\/media\/1272360"}],"wp:attachment":[{"href":"https:\/\/www.europesays.com\/de\/wp-json\/wp\/v2\/media?parent=1272359"}],"wp:term":[{"taxonomy":"category","embeddable":true,"href":"https:\/\/www.europesays.com\/de\/wp-json\/wp\/v2\/categories?post=1272359"},{"taxonomy":"post_tag","embeddable":true,"href":"https:\/\/www.europesays.com\/de\/wp-json\/wp\/v2\/tags?post=1272359"}],"curies":[{"name":"wp","href":"https:\/\/api.w.org\/{rel}","templated":true}]}}