{"id":1272363,"date":"2026-08-31T19:25:28","date_gmt":"2026-08-31T19:25:28","guid":{"rendered":"https:\/\/www.europesays.com\/de\/1272363\/"},"modified":"2026-08-31T19:25:28","modified_gmt":"2026-08-31T19:25:28","slug":"flohmarkt-in-der-burgstrasse-am-sonntag-strassenbahnlinie-8-wird-umgeleitet-du-bist-halle","status":"publish","type":"post","link":"https:\/\/www.europesays.com\/de\/1272363\/","title":{"rendered":"Flohmarkt in der Burgstra\u00dfe am Sonntag: Stra\u00dfenbahnlinie 8 wird umgeleitet \u2013 Du bist Halle"},"content":{"rendered":"<p class=\"wp-block-paragraph\">In der Burgstra\u00dfe in Halle (Saale) steigt wieder der Burgstra\u00dfenflohmarkt. Aus diesem Grund kommt es am Sonntag, 6. September 2026, in der Zeit von 10 bis 18 Uhr in beiden Richtungen zu Einschr\u00e4nkungen auf der Stra\u00dfenbahnlinie 8 der Halleschen Verkehrs-AG (HAVAG), einem Unternehmen der Stadtwerke Halle-Gruppe.<\/p>\n<p>Werbung<\/p>\n<p><a href=\"https:\/\/syntainics-mbc.de\/54547-2\/\" target=\"_blank\" aria-label=\"berufstag halfit lions\" rel=\"nofollow noopener\"><img loading=\"lazy\" decoding=\"async\" src=\"https:\/\/www.europesays.com\/de\/wp-content\/uploads\/2026\/08\/berufstag-halfit-lions.png\" alt=\"\"   width=\"1024\" height=\"536\"\/><\/a><\/p>\n<p class=\"wp-block-paragraph\">Die Stra\u00dfenbahnlinie 8 wird in beiden Fahrtrichtungen ab Burg Giebichenstein\/Hermannstra\u00dfe \u00fcber Reileck, Landesmuseum und Triftstra\u00dfe umgeleitet. Die Haltestellen M\u00fchlweg, Diakoniewerk Halle und Volkspark werden in diesem Zeitraum nicht bedient. Die Ersatzhaltestelle befindet sich in beiden Fahrtrichtungen auf H\u00f6he des Supermarkts im Bereich der Kreuzung Bernburger Stra\u00dfe\/M\u00fchlweg.<\/p>\n<p>Werbung<\/p>\n<p><a href=\"https:\/\/www.saalesparkasse.de\/de\/home\/aktionen\/expertise-statt-ahnungen.html?n=true&amp;utm_source=affilinet&amp;utm_medium=affiliate&amp;utm_campaign=dubisthalle_expertise_2026\" target=\"_blank\" aria-label=\"dubisthalle_800x600_Hoerig\" rel=\"nofollow noopener\"><img loading=\"lazy\" decoding=\"async\" src=\"https:\/\/www.europesays.com\/de\/wp-content\/uploads\/2026\/06\/dubisthalle_800x600_Hoerig.jpg\" alt=\"\"   width=\"1067\" height=\"800\"\/><\/a>          <\/p>\n","protected":false},"excerpt":{"rendered":"In der Burgstra\u00dfe in Halle (Saale) steigt wieder der Burgstra\u00dfenflohmarkt. Aus diesem Grund kommt es am Sonntag, 6.&hellip;\n","protected":false},"author":2,"featured_media":1267449,"comment_status":"","ping_status":"","sticky":false,"template":"","format":"standard","meta":{"footnotes":"","_share_on_mastodon":"0"},"categories":[1860],"tags":[3364,29,548,663,3934,30,4062,17332,13,14,15,17331,860,12],"class_list":["post-1272363","post","type-post","status-publish","format-standard","has-post-thumbnail","category-halle-saale","tag-de","tag-deutschland","tag-eu","tag-europa","tag-europe","tag-germany","tag-halle","tag-halle-saale","tag-headlines","tag-nachrichten","tag-news","tag-saale","tag-sachsen-anhalt","tag-schlagzeilen"],"share_on_mastodon":{"url":"","error":""},"_links":{"self":[{"href":"https:\/\/www.europesays.com\/de\/wp-json\/wp\/v2\/posts\/1272363","targetHints":{"allow":["GET"]}}],"collection":[{"href":"https:\/\/www.europesays.com\/de\/wp-json\/wp\/v2\/posts"}],"about":[{"href":"https:\/\/www.europesays.com\/de\/wp-json\/wp\/v2\/types\/post"}],"author":[{"embeddable":true,"href":"https:\/\/www.europesays.com\/de\/wp-json\/wp\/v2\/users\/2"}],"replies":[{"embeddable":true,"href":"https:\/\/www.europesays.com\/de\/wp-json\/wp\/v2\/comments?post=1272363"}],"version-history":[{"count":0,"href":"https:\/\/www.europesays.com\/de\/wp-json\/wp\/v2\/posts\/1272363\/revisions"}],"wp:featuredmedia":[{"embeddable":true,"href":"https:\/\/www.europesays.com\/de\/wp-json\/wp\/v2\/media\/1267449"}],"wp:attachment":[{"href":"https:\/\/www.europesays.com\/de\/wp-json\/wp\/v2\/media?parent=1272363"}],"wp:term":[{"taxonomy":"category","embeddable":true,"href":"https:\/\/www.europesays.com\/de\/wp-json\/wp\/v2\/categories?post=1272363"},{"taxonomy":"post_tag","embeddable":true,"href":"https:\/\/www.europesays.com\/de\/wp-json\/wp\/v2\/tags?post=1272363"}],"curies":[{"name":"wp","href":"https:\/\/api.w.org\/{rel}","templated":true}]}}