{"id":1272364,"date":"2026-08-31T19:26:27","date_gmt":"2026-08-31T19:26:27","guid":{"rendered":"https:\/\/www.europesays.com\/de\/1272364\/"},"modified":"2026-08-31T19:26:27","modified_gmt":"2026-08-31T19:26:27","slug":"hinter-gittern-gespraeche-mit-haeftlingen-teil-2-sascha-schunk","status":"publish","type":"post","link":"https:\/\/www.europesays.com\/de\/1272364\/","title":{"rendered":"Hinter Gittern \u2013 Gespr\u00e4che mit H\u00e4ftlingen (Teil 2) | Sascha Schunk"},"content":{"rendered":"<p class=\"card__subtitle\"> Lokalmagazin von Sascha Schunk aus Eschweiler <\/p>\n<p>Wie erleben Gefangene ihren Alltag hinter Gittern? Im zweiten Teil der Reportage aus der JVA Aachen spricht B\u00fcrgerfunk-Moderator <a href=\"https:\/\/www.nrwision.de\/mediathek\/macher\/sascha-schunk\" rel=\"nofollow noopener\" target=\"_blank\">Sascha Schunk<\/a> mit H\u00e4ftlingen \u00fcber ihre Straftaten, ihr Leben im Gef\u00e4ngnis und ihre Hoffnungen f\u00fcr die Zeit nach der Haft. Unter anderem kommt ein wegen Wirtschaftsdelikten in H\u00f6he von rund 52 Millionen Euro verurteilter Gefangener sowie ein wegen Mordes verurteilter H\u00e4ftling zu Wort. Zum Abschluss spricht <a href=\"https:\/\/www.nrwision.de\/mediathek\/macher\/sascha-schunk\" rel=\"nofollow noopener\" target=\"_blank\">Sascha Schunk<\/a> mit dem Leiter der JVA Aachen, Dr. J\u00f6rg-Uwe Sch\u00e4fer. Dabei geht es unter anderem um die Chancen der Resozialisierung, die Vermeidung von R\u00fcckf\u00e4llen und die Frage, welche Rolle die Opfer im Strafvollzug spielen.<\/p>\n","protected":false},"excerpt":{"rendered":"Lokalmagazin von Sascha Schunk aus Eschweiler Wie erleben Gefangene ihren Alltag hinter Gittern? Im zweiten Teil der Reportage&hellip;\n","protected":false},"author":2,"featured_media":1272365,"comment_status":"","ping_status":"","sticky":false,"template":"","format":"standard","meta":{"footnotes":"","_share_on_mastodon":"0"},"categories":[1853],"tags":[1424,3364,29,548,663,3934,3647,30,13,6209,1584,14,15,1209,220165,12,4684,1995],"class_list":["post-1272364","post","type-post","status-publish","format-standard","has-post-thumbnail","category-aachen","tag-aachen","tag-de","tag-deutschland","tag-eu","tag-europa","tag-europe","tag-gefaengnis","tag-germany","tag-headlines","tag-jva","tag-kriminalitaet","tag-nachrichten","tag-news","tag-nordrhein-westfalen","tag-rehabilitierung","tag-schlagzeilen","tag-strafe","tag-verbrechen"],"share_on_mastodon":{"url":"https:\/\/pubeurope.com\/@de\/117191769293297675","error":""},"_links":{"self":[{"href":"https:\/\/www.europesays.com\/de\/wp-json\/wp\/v2\/posts\/1272364","targetHints":{"allow":["GET"]}}],"collection":[{"href":"https:\/\/www.europesays.com\/de\/wp-json\/wp\/v2\/posts"}],"about":[{"href":"https:\/\/www.europesays.com\/de\/wp-json\/wp\/v2\/types\/post"}],"author":[{"embeddable":true,"href":"https:\/\/www.europesays.com\/de\/wp-json\/wp\/v2\/users\/2"}],"replies":[{"embeddable":true,"href":"https:\/\/www.europesays.com\/de\/wp-json\/wp\/v2\/comments?post=1272364"}],"version-history":[{"count":0,"href":"https:\/\/www.europesays.com\/de\/wp-json\/wp\/v2\/posts\/1272364\/revisions"}],"wp:featuredmedia":[{"embeddable":true,"href":"https:\/\/www.europesays.com\/de\/wp-json\/wp\/v2\/media\/1272365"}],"wp:attachment":[{"href":"https:\/\/www.europesays.com\/de\/wp-json\/wp\/v2\/media?parent=1272364"}],"wp:term":[{"taxonomy":"category","embeddable":true,"href":"https:\/\/www.europesays.com\/de\/wp-json\/wp\/v2\/categories?post=1272364"},{"taxonomy":"post_tag","embeddable":true,"href":"https:\/\/www.europesays.com\/de\/wp-json\/wp\/v2\/tags?post=1272364"}],"curies":[{"name":"wp","href":"https:\/\/api.w.org\/{rel}","templated":true}]}}