{"id":1272366,"date":"2026-08-31T19:28:24","date_gmt":"2026-08-31T19:28:24","guid":{"rendered":"https:\/\/www.europesays.com\/de\/1272366\/"},"modified":"2026-08-31T19:28:24","modified_gmt":"2026-08-31T19:28:24","slug":"tatort-kiel-ohne-borowski-wann-die-neue-doppelfolge-ausgestrahlt-wird","status":"publish","type":"post","link":"https:\/\/www.europesays.com\/de\/1272366\/","title":{"rendered":"\u201eTatort\u201c Kiel ohne Borowski: Wann die neue Doppelfolge ausgestrahlt wird"},"content":{"rendered":"<p>Nach Borowskis Abschied <\/p>\n<p>Kieler &#8222;Tatort&#8220; startet mit Doppelfolge in neue \u00c4ra<\/p>\n<p>31.08.2026 &#8211; 20:01 UhrLesedauer: 1 Min.<\/p>\n<p><a href=\"#focus-0\" class=\"transition-colors block text-current relative\" data-sctrack=\"FocusGalleryImage.Reference\"><img fetchpriority=\"high\" data-testid=\"Opener.Image\"   loading=\"eager\" src=\"https:\/\/www.europesays.com\/de\/wp-content\/uploads\/2026\/08\/das-neue-tatort-team-aus-kiel-karoline-schuch-und-almila-bagriacik-als-polizei-psychologin-elli-krie.jpeg\" alt=\"Das neue &quot;Tatort&quot;-Team aus Kiel: Karoline Schuch und Almila Bagriacik als Polizei-Psychologin Elli Krieger und Hauptkommissarin Mila Sahin.\" title=\"Das neue &quot;Tatort&quot;-Team aus Kiel: Karoline Schuch und Almila Bagriacik als Polizei-Psychologin Elli Krieger und Hauptkommissarin Mila Sahin.\" width=\"2194\" height=\"1234\" class=\"bg-[url:var(--lqipURL)] bg-cover bg-center flex h-full w-full max-w-full\" style=\"--lqipURL:url('https:\/\/images.t-online.de\/2025\/04\/dIBxKw5l1Ebc\/558x138:2194x1234\/fit-in\/150x0\/filters:blur(25)\/das-neue-tatort-team-aus-kiel-karoline-schuch-und-almila-bagriacik-als-polizei-psychologin-elli-krieger-und-hauptkommissarin-mila-sahin.jpg')\" decoding=\"async\"\/><img loading=\"lazy\" src=\"https:\/\/www.t-online.de\/s\/paper\/_next\/static\/media\/zoom-in.f7dae02f.svg\" alt=\"Vergr\u00f6\u00dfern des Bildes\" title=\"Vergr\u00f6\u00dfern des Bildes\" class=\"block h-[calc(var(--height)_\/_16_*_1rem)] w-[calc(var(--width)_\/_16_*_1rem)] max-w-none absolute right-8 bottom-8 rounded-4 bg-snow p-8\" style=\"--width:32;--height:32\" decoding=\"async\"\/><\/a><\/p>\n<p>Das neue &#8222;Tatort&#8220;-Team aus Kiel: Almila Bagriacik als Hauptkommissarin Mila Sahin und Karoline Schuch als Polizei-Psychologin Elli Krieger. (Quelle:  NDR\/Nordfilm\/Marcus H\u00f6hn)<\/p>\n<p><img loading=\"lazy\" src=\"https:\/\/www.t-online.de\/s\/paper\/_next\/static\/media\/audio-volume.6689034c.svg\" alt=\"\" title=\"\" class=\"block h-[calc(var(--height)_\/_16_*_1rem)] w-[calc(var(--width)_\/_16_*_1rem)] max-w-none group-hover:brightness-0 group-hover:invert\" style=\"--width:16;--height:16\" decoding=\"async\"\/>Vorlesen<\/p>\n<p>Aktuelle Zeit:0:00Gesamtdauer:0:00<\/p>\n<p>1x<img loading=\"lazy\" src=\"https:\/\/www.t-online.de\/s\/paper\/_next\/static\/media\/font-sizes.32942e33.svg\" alt=\"\" title=\"\" class=\"block h-[calc(var(--height)_\/_16_*_1rem)] w-[calc(var(--width)_\/_16_*_1rem)] max-w-none group-hover:hidden group-aria-expanded:hidden\" style=\"--width:16;--height:16\" decoding=\"async\"\/><img loading=\"lazy\" src=\"https:\/\/www.t-online.de\/s\/paper\/_next\/static\/media\/font-sizes-dark-mode.e382645c.svg\" alt=\"\" title=\"\" class=\"block h-[calc(var(--height)_\/_16_*_1rem)] w-[calc(var(--width)_\/_16_*_1rem)] max-w-none hidden group-hover:block group-aria-expanded:block\" style=\"--width:16;--height:16\" decoding=\"async\"\/><img loading=\"lazy\" src=\"https:\/\/www.t-online.de\/s\/paper\/_next\/static\/media\/sharing-menu-icon.1eb71368.svg\" alt=\"\" title=\"\" class=\"block h-[calc(var(--height)_\/_16_*_1rem)] w-[calc(var(--width)_\/_16_*_1rem)] max-w-none group-hover:brightness-0 group-hover:invert\" style=\"--width:16;--height:16\" decoding=\"async\"\/>Artikel teilen<\/p>\n<p class=\"font-bold text-18 leading-17 user-text-lg:text-22 user-text-xl:text-24\">Nach dem Abschied von Klaus Borowski steht der Termin f\u00fcr den Neustart des Kieler &#8222;Tatorts&#8220; fest. Das neue Team startet gleich mit zwei verbundenen F\u00e4llen.<\/p>\n<p class=\"text-18 leading-17 user-text-lg:text-22 user-text-xl:text-24\">Der Kieler &#8222;Tatort&#8220; bekommt im Oktober sein neues Gesicht. Das Erste zeigt am 11. Oktober um 20.15 Uhr zun\u00e4chst &#8222;Unter Freunden&#8220;. Bereits eine Woche sp\u00e4ter, am 18. Oktober um 20.15 Uhr, folgt &#8222;Unter Feinden&#8220;. Der NDR bezeichnet die beiden Filme ausdr\u00fccklich als Neustart des Kieler &#8222;Tatorts&#8220;.<\/p>\n<p class=\"text-18 leading-17 user-text-lg:text-22 user-text-xl:text-24\">Im Mittelpunkt steht k\u00fcnftig Almila Bagriacik als Hauptkommissarin Mila \u015eahin. Neu an ihrer Seite ist Karoline Schuch als Polizeipsychologin Elli Krieger. Damit setzt der NDR bewusst nicht auf das klassische Modell zweier Ermittler. Krieger soll st\u00e4rker die Motive und psychologischen Hintergr\u00fcnde von Straftaten analysieren.<\/p>\n<p>Neue &#8222;Tatort&#8220;-\u00c4ra nach Axel Milberg<\/p>\n<p class=\"text-18 leading-17 user-text-lg:text-22 user-text-xl:text-24\">Die Neuausrichtung folgt auf den Abschied von Axel Milberg als Klaus Borowski. Mehr als zwei Jahrzehnte hatte er den Kieler &#8222;Tatort&#8220; gepr\u00e4gt. Dass Schuch k\u00fcnftig zum Team geh\u00f6rt, war bereits bekannt \u2013 neu sind nun die konkreten Sendetermine und Details zur Doppelfolge.<\/p>\n<p><a href=\"#focus-1\" class=\"transition-colors block text-current relative\" data-sctrack=\"FocusGalleryImage.Reference\"><img   loading=\"lazy\" src=\"https:\/\/www.europesays.com\/de\/wp-content\/uploads\/2026\/08\/record-date-not-stated-filmfest-hamburg-am-03-102023-axel-milberg-premiere-des-films-tatort-borowski.jpeg\" alt=\"imago images 0306976111\" title=\"imago images 0306976111\" width=\"3640\" height=\"2048\" class=\"h-full w-full max-w-full rounded-8\" decoding=\"async\"\/><img loading=\"lazy\" src=\"https:\/\/www.t-online.de\/s\/paper\/_next\/static\/media\/zoom-in.f7dae02f.svg\" alt=\"Vergr\u00f6\u00dfern des Bildes\" title=\"Vergr\u00f6\u00dfern des Bildes\" class=\"block h-[calc(var(--height)_\/_16_*_1rem)] w-[calc(var(--width)_\/_16_*_1rem)] max-w-none absolute right-8 bottom-8 rounded-4 bg-snow p-8\" style=\"--width:32;--height:32\" decoding=\"async\"\/>Axel Milberg bei einem Event auf dem roten Teppich: Jahrzente pr\u00e4gte er als Klaus Borowski den Kieler Tatort. (Quelle: IMAGO\/Eventpress MP\/imago)<\/a><\/p>\n<p class=\"text-18 leading-17 user-text-lg:text-22 user-text-xl:text-24\">In &#8222;Unter Freunden&#8220; bekommt \u015eahin zun\u00e4chst eine neue Kollegin aus ihrer Vergangenheit. Gleichzeitig muss sie sich einer psychologischen Begutachtung durch Elli Krieger stellen. Die Ermittlungen f\u00fchren zu einem Unternehmen und zu Verdachtsmomenten rund um Korruption und ein m\u00f6gliches Gewaltverbrechen. Der zweite Film &#8222;Unter Feinden&#8220; f\u00fchrt die Geschichte unmittelbar weiter.<\/p>\n<p class=\"text-18 leading-17 user-text-lg:text-22 user-text-xl:text-24\">Gedreht wurden beide Filme in Kiel, Hamburg und Umgebung. Buch und Regie stammen von Lars Kraume, der bereits am letzten Borowski-&#8222;Tatort&#8220; beteiligt war.<\/p>\n","protected":false},"excerpt":{"rendered":"Nach Borowskis Abschied Kieler &#8222;Tatort&#8220; startet mit Doppelfolge in neue \u00c4ra 31.08.2026 &#8211; 20:01 UhrLesedauer: 1 Min. Das&hellip;\n","protected":false},"author":2,"featured_media":1272367,"comment_status":"","ping_status":"","sticky":false,"template":"","format":"standard","meta":{"footnotes":"","_share_on_mastodon":"0"},"categories":[1852],"tags":[722,228589,111951,3364,29,169132,262740,548,663,3934,30,13,262741,4949,228586,228588,14,438,15,121,12,1971,218],"class_list":["post-1272366","post","type-post","status-publish","format-standard","has-post-thumbnail","category-kiel","tag-722","tag-almila-bagriacik","tag-axel-milberg","tag-de","tag-deutschland","tag-doppelfolge","tag-elli-krieger","tag-eu","tag-europa","tag-europe","tag-germany","tag-headlines","tag-karoline-schuch","tag-kiel","tag-klaus-borowski","tag-mila-sahin","tag-nachrichten","tag-ndr","tag-news","tag-polizei","tag-schlagzeilen","tag-schleswig-holstein","tag-tatort"],"share_on_mastodon":{"url":"https:\/\/pubeurope.com\/@de\/117191780513381735","error":""},"_links":{"self":[{"href":"https:\/\/www.europesays.com\/de\/wp-json\/wp\/v2\/posts\/1272366","targetHints":{"allow":["GET"]}}],"collection":[{"href":"https:\/\/www.europesays.com\/de\/wp-json\/wp\/v2\/posts"}],"about":[{"href":"https:\/\/www.europesays.com\/de\/wp-json\/wp\/v2\/types\/post"}],"author":[{"embeddable":true,"href":"https:\/\/www.europesays.com\/de\/wp-json\/wp\/v2\/users\/2"}],"replies":[{"embeddable":true,"href":"https:\/\/www.europesays.com\/de\/wp-json\/wp\/v2\/comments?post=1272366"}],"version-history":[{"count":0,"href":"https:\/\/www.europesays.com\/de\/wp-json\/wp\/v2\/posts\/1272366\/revisions"}],"wp:featuredmedia":[{"embeddable":true,"href":"https:\/\/www.europesays.com\/de\/wp-json\/wp\/v2\/media\/1272367"}],"wp:attachment":[{"href":"https:\/\/www.europesays.com\/de\/wp-json\/wp\/v2\/media?parent=1272366"}],"wp:term":[{"taxonomy":"category","embeddable":true,"href":"https:\/\/www.europesays.com\/de\/wp-json\/wp\/v2\/categories?post=1272366"},{"taxonomy":"post_tag","embeddable":true,"href":"https:\/\/www.europesays.com\/de\/wp-json\/wp\/v2\/tags?post=1272366"}],"curies":[{"name":"wp","href":"https:\/\/api.w.org\/{rel}","templated":true}]}}