{"id":1272373,"date":"2026-08-31T19:32:19","date_gmt":"2026-08-31T19:32:19","guid":{"rendered":"https:\/\/www.europesays.com\/de\/1272373\/"},"modified":"2026-08-31T19:32:19","modified_gmt":"2026-08-31T19:32:19","slug":"gluecksradtouren-2026-mit-dem-rad-durch-die-emscher-region","status":"publish","type":"post","link":"https:\/\/www.europesays.com\/de\/1272373\/","title":{"rendered":"Gl\u00fccksradtouren 2026: Mit dem Rad durch die Emscher-Region"},"content":{"rendered":"<p><a title=\"Gl\u00fccksradtouren 2026 an der Emscher\" href=\"https:\/\/neue-gladbecker-zeitung.de\/gluecksradtouren-2026-mit-dem-rad-durch-die-emscher-region\/gluecksradtouren-2026-an-der-emscher_ergebnis\/\" rel=\"nofollow noopener\" target=\"_blank\"><img fetchpriority=\"high\" width=\"678\" height=\"381\" src=\"https:\/\/www.europesays.com\/de\/wp-content\/uploads\/2026\/08\/Gluecksradtouren-2026-an-der-Emscher_ergebnis.webp\" class=\"attachment-mh-magazine-content size-mh-magazine-content wp-post-image\" alt=\"Radfahrer auf einer Gl\u00fccksradtour entlang der Emscher\" title=\"Gl\u00fccksradtouren 2026 an der Emscher\" loading=\"eager\" decoding=\"async\"  \/><\/a><br \/>\nDie Gl\u00fccksradtouren verbinden Radfahren mit Naturerlebnissen und Impulsen f\u00fcr Gesundheit. Foto: EGLV \/ Andreas Fritsche<\/p>\n<p><strong>Sie verbinden Bewegung, Natur und Entdeckungen: Die <a href=\"https:\/\/www.radundsinn.de\/gluecksradtour\/\" target=\"_blank\" rel=\"noopener nofollow\">Gl\u00fccksradtouren 2026<\/a> f\u00fchren auf verschiedenen Strecken entlang der Emscher und ihrer Nebenl\u00e4ufe durch das Ruhrgebiet.<\/strong><\/p>\n<p><strong>Gladbeck \u2013 31.08.2026 \u2013\u00a0<\/strong>Das Angebot von Emschergenossenschaft und KNAPPSCHAFT geh\u00f6rt zur Kooperation \u201eGesund an der Emscher!\u201c. Die Touren verbinden Radfahren mit \u00dcbungen und Impulsen rund um ein gesundes Leben. Einige der Strecken f\u00fchren auch durch das Umfeld von Gladbeck und den Kreis Recklinghausen.<\/p>\n<p>&gt;&gt;&gt; <strong>Den NGZ-Newsletter:<\/strong>\u00a0<a href=\"https:\/\/neue-gladbecker-zeitung.de\/newsletter-der-ngz\/\" target=\"_blank\" rel=\"noopener nofollow\" data-category-full-path=\"\/staedte\/gladbeck\/\" data-paid-status=\"free\" data-article-publish-date=\"1595937600\">hier gratis abonnieren<\/a>\u00a0|\u00a0<strong>Folgen Sie uns<\/strong>\u00a0<strong>auch<\/strong>\u00a0auf\u00a0<a href=\"https:\/\/www.facebook.com\/NeueGladbeckerZeitung\/\" target=\"_blank\" rel=\"noopener nofollow\">Facebook<\/a>\u00a0und auf\u00a0<a href=\"https:\/\/www.instagram.com\/neuegladbeckerzeitung\/\" target=\"_blank\" rel=\"noopener nofollow\">Instagram<\/a>\u00a0|<br \/><strong>Hier erhalten Sie alle Nachrichten sofort im<\/strong>\u00a0<a href=\"https:\/\/whatsapp.com\/channel\/0029VaAJZdH8F2pIH21PF72X\" target=\"_blank\" rel=\"noopener nofollow\">WhatsApp-Kanal<\/a> | Unsere: <a href=\"https:\/\/neue-gladbecker-zeitung.de\/blaulicht\/\" target=\"_blank\" rel=\"noopener nofollow\">Polizei- und Feuerwehrartikel<\/a> &lt;&lt;&lt;<\/p>\n<p>Sieben Touren f\u00fchren durch die Emscher-Region<\/p>\n<p>Die Gl\u00fccksradtouren f\u00fchren zwischen Holzwickede und Dinslaken durch unterschiedliche Landschaften des Ruhrgebiets. Auf dem Programm stehen unter anderem Natur, Kunst, Kultur und die Geschichte des Emscher-Umbaus.<\/p>\n<p>Die Emschergenossenschaft beschreibt die Touren als angenehm fahrbare und abwechslungsreiche Routen. Dazu kommen Anregungen etwa zur achtsamen Wahrnehmung, zum bewussten Genuss oder zur Dankbarkeit. Alle Strecken k\u00f6nnen auch auf eigene Faust gefahren werden und stehen digital \u00fcber Komoot, Outdooractive und AllTrails zur Verf\u00fcgung.<\/p>\n<p>Insgesamt gibt es sieben verschiedene Routen. Sie f\u00fchren durch Oberhausen, Bottrop, Essen, Gelsenkirchen, Castrop-Rauxel, Duisburg, Dinslaken, Dortmund, Holzwickede, Herne und Recklinghausen.<\/p>\n<p>Eine Tour f\u00fchrt nach Herne und Recklinghausen<\/p>\n<p>F\u00fcr Leserinnen und Leser aus Gladbeck besonders interessant ist die sechste Gl\u00fccksradtour. Sie tr\u00e4gt den Titel <strong>\u201eBruch- &amp; Bergeland\u201c<\/strong> und f\u00fchrt durch Herne und Recklinghausen.<\/p>\n<p>Auf der Strecke geht es um die Ver\u00e4nderungen, die das Emschertal in den vergangenen 200 Jahren gepr\u00e4gt haben. Bergehalden, Bergsenkungen, alte Industriestandorte und neue Landschaften geh\u00f6ren ebenso dazu wie die Renaturierung der Emscher.<\/p>\n<p>Zu den Stationen z\u00e4hlen unter anderem Schloss Str\u00fcnkede, das Naturschutzgebiet Resser W\u00e4ldchen, der Ewaldsee im Emscherbruch und der Landschaftspark Hoheward. Auch der neue Verlauf des Ostbachs geh\u00f6rt zur Tour.<\/p>\n<p>Die Tour verbindet diese Orte mit \u00dcbungen zur Achtsamkeit und zur pers\u00f6nlichen Wahrnehmung. Die Teilnehmer sollen sich dabei unter anderem mit eigenen Erfahrungen, Ver\u00e4nderungen und Orten besch\u00e4ftigen, die ihnen guttun.<\/p>\n<p>Auch Bottrop liegt auf einer Gl\u00fccksradtour<\/p>\n<p>Die siebte Tour f\u00fchrt durch Bottrop und tr\u00e4gt den Titel \u201eWandelwege\u201c. Im Mittelpunkt stehen der Wandel der Region sowie die Renaturierung von Hahnenbach und Boye.<\/p>\n<p>Gerade die Boye ist auch f\u00fcr Gladbeck ein interessantes Ziel. Der Emscher-Nebenlauf wurde auf den Stadtgebieten von Gladbeck, Bottrop und Essen naturnah umgestaltet. Parallel entstanden neue Fu\u00df- und Radwege.<\/p>\n<p>Die NGZ berichtete bereits \u00fcber die <a href=\"https:\/\/neue-gladbecker-zeitung.de\/revitalisierung-der-boye-von-essen-bis-gladbeck-ist-fast-geschafft\/\" rel=\"noopener noreferrer nofollow\" target=\"_blank\">Revitalisierung der Boye zwischen Essen und Gladbeck<\/a>. Auch die <a href=\"https:\/\/neue-gladbecker-zeitung.de\/die-boye-in-gladbeck-ein-fluss-mit-ganz-viel-plus\/\" rel=\"noopener noreferrer nofollow\" target=\"_blank\">neue Rad- und Fu\u00dfwege-Infrastruktur an der Boye<\/a> wurde ausf\u00fchrlich vorgestellt.<\/p>\n<p>Entlang der Boye gibt es inzwischen zahlreiche M\u00f6glichkeiten, die Ver\u00e4nderungen mit dem Fahrrad zu erkunden. Die NGZ hat zudem \u00fcber das <a href=\"https:\/\/neue-gladbecker-zeitung.de\/erstes-kunstwerk-an-der-renaturierten-boye-in-gladbeck\/\" rel=\"noopener noreferrer nofollow\" target=\"_blank\">erste Kunstwerk an der renaturierten Boye in Gladbeck<\/a> berichtet.<\/p>\n<p>Natur, Kunst und Kultur auf 30 Kilometern<\/p>\n<p>Die erste Gl\u00fccksradtour f\u00fchrt durch Oberhausen, Bottrop und Essen. Die rund 30 Kilometer lange Strecke zeigt, wie unterschiedlich die Landschaft entlang der Emscher sein kann.<\/p>\n<p>Die Route f\u00fchrt unter anderem am Emscher-Altarm im Kaisergarten, durch die <strong>Neue Mitte Oberhausen<\/strong> und zum <strong>BernePark<\/strong> in Bottrop-Ebel. Auch der Pausm\u00fchlenbach, der L\u00e4ppkes M\u00fchlenbach und die Br\u00fcckenskulptur <strong>\u201eSlinky springs to Fame\u201c<\/strong> liegen an der Strecke.<\/p>\n<p>Wer m\u00f6chte, kann die Tour um einen Abstecher zur Kl\u00e4ranlage Bottrop und zum Essener Hafen erweitern. Die Strecke verbindet damit Naturerlebnisse mit Industriekultur, Kunst und Einblicken in den Wandel der Emscher-Region.<\/p>\n<p>Termine der Gl\u00fccksradtouren 2026<\/p>\n<p>F\u00fcr 2026 sind insgesamt mehrere gef\u00fchrte Termine vorgesehen. Die ersten Touren fanden im Mai statt: Am 16. Mai ging es nach Gelsenkirchen, am 17. Mai nach Bottrop. Am 31. Mai stand Duisburg auf dem Programm, am 27. Juni Dortmund.<\/p>\n<p>Weitere Termine sind f\u00fcr den <strong>19. September in Dortmund und den 20. September in Castrop-Rauxel<\/strong> vorgesehen.\u00a0F\u00fcr die beiden Touren in 2 Wochen gibt es noch einige wenige freie Pl\u00e4tze.\u00a0Sie k\u00f6nnen bei <a href=\"https:\/\/radundsinn.de\" target=\"_blank\" rel=\"noopener nofollow\">radundsinn.de<\/a> kostenfrei gebucht werden<\/p>\n<p>Die gef\u00fchrten Touren starten jeweils um 10 Uhr. Die genauen Startorte werden den Angemeldeten eine Woche vor der jeweiligen Tour mitgeteilt. Sie liegen laut Veranstalter jeweils in der N\u00e4he eines Bahnhofs.<\/p>\n<p>Eigenes Fahrrad, Helm und Verpflegung<\/p>\n<p>Wer an einer gef\u00fchrten Gl\u00fccksradtour teilnimmt, muss sein Fahrrad selbst mitbringen. Auch Helm, passende Kleidung sowie Getr\u00e4nke und Verpflegung geh\u00f6ren zur Ausr\u00fcstung. Eine gemeinsame Einkehr ist nicht vorgesehen, daf\u00fcr gibt es unterwegs Pausen.<\/p>\n<p>Auch ein Leihrad ist m\u00f6glich. Wichtig ist laut Veranstalter, dass das Fahrrad f\u00fcr die gesamte Strecke von rund 30 Kilometern geeignet ist. Als m\u00f6gliche Anbieter nennt Rad &amp; Sinn unter anderem Metropolradruhr und lokale Leihrad-Anbieter.<\/p>\n<p>Die Touren finden grunds\u00e4tzlich auch bei wechselhaftem Wetter statt. Bei angek\u00fcndigtem Dauerregen oder Sturm kann eine Tour verschoben werden. In diesem Fall sollen die Angemeldeten vorab per E-Mail informiert werden.<\/p>\n<p>Wer die Strecken unabh\u00e4ngig von den gef\u00fchrten Terminen fahren m\u00f6chte, kann die digitalen Routen nutzen. Damit bieten die <a href=\"https:\/\/www.eglv.de\/gesund-an-der-emscher\/gluecksradtouren\/\" target=\"_blank\" rel=\"noopener nofollow\"><strong>Gl\u00fccksradtouren 2026<\/strong><\/a> auch Radfahrerinnen und Radfahrern aus Gladbeck die M\u00f6glichkeit, die Emscher-Region auf eigene Faust neu zu entdecken.<\/p>\n<p><a style=\"color: #ff0000;\" href=\"https:\/\/neue-gladbecker-zeitung.de\" rel=\"nofollow noopener\" target=\"_blank\">Zur Startseite<\/a><\/p>\n<p>\t<script async src=\"\/\/www.instagram.com\/embed.js\"><\/script><\/p>\n","protected":false},"excerpt":{"rendered":"Die Gl\u00fccksradtouren verbinden Radfahren mit Naturerlebnissen und Impulsen f\u00fcr Gesundheit. Foto: EGLV \/ Andreas Fritsche Sie verbinden Bewegung,&hellip;\n","protected":false},"author":2,"featured_media":1272374,"comment_status":"","ping_status":"","sticky":false,"template":"","format":"standard","meta":{"footnotes":"","_share_on_mastodon":"0"},"categories":[1848],"tags":[36497,3364,29,22727,548,663,3934,3658,30,262742,17275,262743,13,78137,14,15,1209,17064,25788,3856,12],"class_list":["post-1272373","post","type-post","status-publish","format-standard","has-post-thumbnail","category-gelsenkirchen","tag-emscher","tag-de","tag-deutschland","tag-emschergenossenschaft","tag-eu","tag-europa","tag-europe","tag-gelsenkirchen","tag-germany","tag-gesund-an-der-emscher","tag-gladbeck","tag-gluecksradtouren","tag-headlines","tag-knappschaft","tag-nachrichten","tag-news","tag-nordrhein-westfalen","tag-radfahren","tag-radtouren","tag-ruhrgebiet","tag-schlagzeilen"],"share_on_mastodon":{"url":"https:\/\/pubeurope.com\/@de\/117191794640083773","error":""},"_links":{"self":[{"href":"https:\/\/www.europesays.com\/de\/wp-json\/wp\/v2\/posts\/1272373","targetHints":{"allow":["GET"]}}],"collection":[{"href":"https:\/\/www.europesays.com\/de\/wp-json\/wp\/v2\/posts"}],"about":[{"href":"https:\/\/www.europesays.com\/de\/wp-json\/wp\/v2\/types\/post"}],"author":[{"embeddable":true,"href":"https:\/\/www.europesays.com\/de\/wp-json\/wp\/v2\/users\/2"}],"replies":[{"embeddable":true,"href":"https:\/\/www.europesays.com\/de\/wp-json\/wp\/v2\/comments?post=1272373"}],"version-history":[{"count":0,"href":"https:\/\/www.europesays.com\/de\/wp-json\/wp\/v2\/posts\/1272373\/revisions"}],"wp:featuredmedia":[{"embeddable":true,"href":"https:\/\/www.europesays.com\/de\/wp-json\/wp\/v2\/media\/1272374"}],"wp:attachment":[{"href":"https:\/\/www.europesays.com\/de\/wp-json\/wp\/v2\/media?parent=1272373"}],"wp:term":[{"taxonomy":"category","embeddable":true,"href":"https:\/\/www.europesays.com\/de\/wp-json\/wp\/v2\/categories?post=1272373"},{"taxonomy":"post_tag","embeddable":true,"href":"https:\/\/www.europesays.com\/de\/wp-json\/wp\/v2\/tags?post=1272373"}],"curies":[{"name":"wp","href":"https:\/\/api.w.org\/{rel}","templated":true}]}}