{"id":1272381,"date":"2026-08-31T19:38:34","date_gmt":"2026-08-31T19:38:34","guid":{"rendered":"https:\/\/www.europesays.com\/de\/1272381\/"},"modified":"2026-08-31T19:38:34","modified_gmt":"2026-08-31T19:38:34","slug":"wetter-karlsruhe-spaetsommer-bringt-hitze-regen-und-gewitter-zurueck","status":"publish","type":"post","link":"https:\/\/www.europesays.com\/de\/1272381\/","title":{"rendered":"Wetter Karlsruhe: Sp\u00e4tsommer bringt Hitze, Regen und Gewitter zur\u00fcck"},"content":{"rendered":"<p>            16.47 Uhr: Deutscher Wetterdienst warnt vor starkem Gewitter<\/p>\n<p class=\"mb-6 text-xs-varying md:text-m lg:text-l font-serif group-[.font-sans]:font-sans \">\n    Der Deutsche Wetterdienst (DWD) warnt vor einem<strong class=\"font-bold\"> starken Gewitter<\/strong>. Es sind <strong class=\"font-bold\">Sturmb\u00f6en bis zu 70 Kilometer pro Stunde<\/strong> m\u00f6glich. Die Meldung gilt von 16.45 bis 18 Uhr.\n  <\/p>\n<p>            Montag, 31. August, 8.12 Uhr: Typisches Sp\u00e4tsommerwetter kehrt ein<\/p>\n<p class=\"mb-6 text-xs-varying md:text-m lg:text-l font-serif group-[.font-sans]:font-sans \">\n    Heute steigen die <strong class=\"font-bold\">Temperaturen auf bis zu 26 Grad<\/strong>. Das erkl\u00e4rt ein Sprecher des Deutschen Wetterdienst (DWD) auf Anfrage der Redaktion am Montag, 31. August. Auch in den n\u00e4chsten Tagen bleiben die H\u00f6chstwerte meist um 26 Grad, zum Ende der Woche wird es dann sp\u00fcrbar hei\u00dfer \u2013 am <strong class=\"font-bold\">Freitag sind bis zu 30 Grad<\/strong> drin.\n  <\/p>\n<p>    <img decoding=\"async\" src=\"https:\/\/www.europesays.com\/de\/wp-content\/uploads\/2026\/08\/sommer-und-hitze-in-karlsruhe.jpg\" alt=\"Abk\u00fchlung am Brunnen vor dem Schloss. (Archivbild)\" title=\"Abk\u00fchlung am Brunnen vor dem Schloss. (Archivbild)\" loading=\"lazy\" class=\"h-full w-full object-cover\"\/><\/p>\n<p>      Icon vergr\u00f6\u00dfern<\/p>\n<p>    Abk\u00fchlung am Brunnen vor dem Schloss. (Archivbild)<br \/>\n    Foto: Carmele\/TMC-Fotografie<\/p>\n<p>        Schlie\u00dfen <\/p>\n<p>      Icon Schlie\u00dfen<\/p>\n<p>        Icon vergr\u00f6\u00dfern<\/p>\n<p>        Icon verkleinern<\/p>\n<p>      Icon Pfeil bewegen<\/p>\n<p>    Abk\u00fchlung am Brunnen vor dem Schloss. (Archivbild)<br \/>\n    Foto: Carmele\/TMC-Fotografie<\/p>\n<p class=\"mb-6 text-xs-varying md:text-m lg:text-l font-serif group-[.font-sans]:font-sans \">\n    Dazu gibt es <strong class=\"font-bold\">heute zwischendurch Regen, besonders am Nachmittag<\/strong>. Lokal kann es auch zu <strong class=\"font-bold\">Gewittern mit Donner und Blitz<\/strong> kommen. Insgesamt haben wir nun laut dem Sprecher das \u201etypische Sp\u00e4tsommerwetter\u201c.\n  <\/p>\n<p>            Sonntag, 30. August: Warmer Nachmittag, Gewitter am Abend<\/p>\n<p class=\"mb-6 text-xs-varying md:text-m lg:text-l font-serif group-[.font-sans]:font-sans \">\n    Am Sonntag, 30. August, wird es in <a href=\"https:\/\/www.ka-news.de\/karlsruhe\" target=\"_self\" class=\"underline \" rel=\"nofollow noopener\">Karlsruhe<\/a> noch einmal sommerlich. Am Nachmittag klettert das Thermometer auf bis zu 27 Grad. Dabei ziehen leichte Quellwolken \u00fcber die Stadt. \u201eSp\u00e4ter abends und in der Nacht entstehen dann Schauer und Gewitter\u201c, sagt Marco Puckert, Meteorologe vom Deutschen Wetterdienst (DWD). Am Montag kommt k\u00fchlere Luft nach Karlsruhe. Es werden 24 Grad. Einzelne Schauer k\u00f6nnen am Montagnachmittag aufkommen.\n  <\/p>\n<p>            Samstag, 29. August:<\/p>\n<p class=\"mb-6 text-xs-varying md:text-m lg:text-l font-serif group-[.font-sans]:font-sans \">\n    Die schw\u00fcl-hei\u00dfe Luftmasse der letzten Tage hat sich verabschiedet, stattdessen weht \u00fcber Karlsruhe nun Atlantikluft. Die ist allerdings, so ein Sprecher vom Deutschen Wetterdienst, nicht so stabil. F\u00fcr den Samstag bedeutet das, dass der Tag weitestgehend niederschlagsfrei sein wird, allerdings<strong class=\"font-bold\"> kann es zum Abend hin durchaus zu Schauern kommen<\/strong>. Diese sind allerdings nicht sehr stark. Die Temperaturen liegen bei angenehmen 25 Grad, in der Nacht, die wiederum niederschlagsfrei ist,  k\u00f6nnen sie bis auf<strong class=\"font-bold\"> 15 Grad<\/strong> fallen.\n  <\/p>\n<p class=\"mb-6 text-xs-varying md:text-m lg:text-l font-serif group-[.font-sans]:font-sans \">\n    F\u00fcr den Sonntag erwartet der DWD wechselnde Bew\u00f6lkung,  meist niederschlagsfrei. Tags\u00fcber liegen die H\u00f6chstwerte bei 26 grad.  Zum Abend und in der Nacht zum Montag ziehen kr\u00e4ftige Schauer durch und bringen Regen nach Karlsruhe.\n  <\/p>\n<p>            Freitag, 28. August: Bierb\u00f6rse ohne Regenschirme<\/p>\n<p class=\"mb-6 text-xs-varying md:text-m lg:text-l font-serif group-[.font-sans]:font-sans \">\n    Am Freitagvormittag, 28. August, ist es in Karlsruhe noch etwas gewittrig. \u201eAb Mittag lassen die Regenschauer nach und es wird zunehmend trocken und sonnig\u201c,  sagt Thomas Schuster vom Deutschen Wetterdienst (DWD) der Redaktion. D<strong class=\"font-bold\">ie Besucher der Karlsruher Bierb\u00f6rse k\u00f6nnen also aufatmen.<\/strong>\n  <\/p>\n<p class=\"mb-6 text-xs-varying md:text-m lg:text-l font-serif group-[.font-sans]:font-sans \">\n    Auch am <strong class=\"font-bold\">Wochenende soll es \u00fcberwiegend trocken bleiben<\/strong>, so Schuster. Einzelne Schauer seien zwar nicht auszuschlie\u00dfen, w\u00e4ren aber eher von kurzer Dauer. Bis Sonntag werden <strong class=\"font-bold\">Temperaturen von 25 Grad<\/strong> erwartet. St\u00e4rkere Regenschauer soll es erst wieder in der Nacht zum Montag geben.\n  <\/p>\n<p>            Donnerstag, 27. August: Tags\u00fcber Hitze \u2013 Starkregen und Gewitter in der Nacht<\/p>\n<p class=\"mb-6 text-xs-varying md:text-m lg:text-l font-serif group-[.font-sans]:font-sans \">\n    In Karlsruhe klettern die Temperaturen am Donnerstag,\u00a027. August, noch einmal auf\u00a0\u00fcber 30 Grad. \u201e<strong class=\"font-bold\">Es k\u00f6nnte der letzte hei\u00dfe Tag in diesem Jahr sein<\/strong>\u201c, sagt Thomas Schuster vom Deutschen Wetterdienst (DWD) der Redaktion. Tags\u00fcber soll es\u00a0zun\u00e4chst\u00a0weitgehend\u00a0niederschlagsfrei\u00a0bleiben,<strong class=\"font-bold\">\u00a0in der Nacht\u00a0k\u00fcndigt sich jedoch ein Gewitter an.<\/strong>\n  <\/p>\n<p>    <img decoding=\"async\" src=\"https:\/\/images.mgpd.de\/img\/114776034\/crop\/c16_9-w100\/6031394\/620186933\/img7502-1.jpg\" alt=\"Letzter hei\u00dfe Tag in Karlsruhe? Gewitter in der Nacht erwartet. (Archivbild)\" title=\"Letzter hei\u00dfe Tag in Karlsruhe? Gewitter in der Nacht erwartet. (Archivbild)\" loading=\"lazy\" class=\"h-full w-full object-cover\"\/><\/p>\n<p>      Icon vergr\u00f6\u00dfern<\/p>\n<p>    Letzter hei\u00dfe Tag in Karlsruhe? Gewitter in der Nacht erwartet. (Archivbild)<br \/>\n    Foto: Thomas Riedel<\/p>\n<p>        Schlie\u00dfen <\/p>\n<p>      Icon Schlie\u00dfen<\/p>\n<p>        Icon vergr\u00f6\u00dfern<\/p>\n<p>        Icon verkleinern<\/p>\n<p>      Icon Pfeil bewegen<\/p>\n<p>    Letzter hei\u00dfe Tag in Karlsruhe? Gewitter in der Nacht erwartet. (Archivbild)<br \/>\n    Foto: Thomas Riedel<\/p>\n<p class=\"mb-6 text-xs-varying md:text-m lg:text-l font-serif group-[.font-sans]:font-sans \">\n    <strong class=\"font-bold\">In der zweiten Nachth\u00e4lfte werden Sturmb\u00f6en\u00a0und\u00a0Starkregen\u00a0erwartet<\/strong>. Auch am Freitag,\u00a028. August, kann es\u00a0immer wieder\u00a0zu\u00a0Regenschauern\u00a0kommen. <a href=\"https:\/\/www.ka-news.de\/karlsruhe\/freizeit-und-veranstaltungen\/mondfinsternis-karlsruhe-am-28-august-schraeglage-und-knoten-regeln-astronomisches-phaenomen-5-115008537\" target=\"_self\" class=\"underline \" rel=\"nofollow noopener\">F\u00fcr Beobachter der\u00a0<strong class=\"font-bold\">partiellen Mondfinsternis\u00a0am Freitagmorgen<\/strong>, die gegen\u00a06 Uhr\u00a0ihre maximale Verfinsterung erreicht,<strong class=\"font-bold\"> sieht es in Karlsruhe eher d\u00fcster aus.<\/strong><\/a> In Baden-W\u00fcrttemberg gebe es<strong class=\"font-bold\"> h\u00f6chstens\u00a0in Oberschwaben\u00a0Chancen auf eine wolkenfreie Sicht, <\/strong>so Schuster.\n  <\/p>\n<p>    <img decoding=\"async\" src=\"https:\/\/images.mgpd.de\/img\/110710748\/crop\/c16_9-w100\/582975891\/1944655667\/s2020017.jpg\" alt=\"F\u00fcr die Mondfinsternis am Freitag sieht es d\u00fcster aus. (Archivbild)\" title=\"F\u00fcr die Mondfinsternis am Freitag sieht es d\u00fcster aus. (Archivbild)\" loading=\"lazy\" class=\"h-full w-full object-cover\"\/><\/p>\n<p>      Icon vergr\u00f6\u00dfern<\/p>\n<p>    F\u00fcr die Mondfinsternis am Freitag sieht es d\u00fcster aus. (Archivbild)<br \/>\n    Foto: Thomas Riedel<\/p>\n<p>        Schlie\u00dfen <\/p>\n<p>      Icon Schlie\u00dfen<\/p>\n<p>        Icon vergr\u00f6\u00dfern<\/p>\n<p>        Icon verkleinern<\/p>\n<p>      Icon Pfeil bewegen<\/p>\n<p>    F\u00fcr die Mondfinsternis am Freitag sieht es d\u00fcster aus. (Archivbild)<br \/>\n    Foto: Thomas Riedel<\/p>\n<p>            Mittwoch, 26. August: Temperaturen steigen<\/p>\n<p class=\"mb-6 text-xs-varying md:text-m lg:text-l font-serif group-[.font-sans]:font-sans \">\n    Nach einem regnerischen und bew\u00f6lkten Wochenauftakt<strong class=\"font-bold\"> steigen wieder die Temperaturen in der F\u00e4cherstadt.<\/strong> \u201eAm Vormittag kann es in Karlsruhe noch zu einzelnen Schauern kommen, <strong class=\"font-bold\">dann wird es zunehmend freundlich<\/strong>\u201c, sagt Thomas Schuster vom Deutschen Wetterdienst (DWD) gegen\u00fcber der Redaktion am Mittwochmorgen, 26. August.\n  <\/p>\n<p>    <img decoding=\"async\" src=\"https:\/\/www.europesays.com\/de\/wp-content\/uploads\/2026\/08\/1788080060_2_img7632-1.jpg\" alt=\"Hier kommt die Sonne \u2013 Karlsruhe knackt wieder die 30 Grad. (Archivbild)\" title=\"Hier kommt die Sonne \u2013 Karlsruhe knackt wieder die 30 Grad. (Archivbild)\" loading=\"lazy\" class=\"h-full w-full object-cover\"\/><\/p>\n<p>      Icon vergr\u00f6\u00dfern<\/p>\n<p>    Hier kommt die Sonne \u2013 Karlsruhe knackt wieder die 30 Grad. (Archivbild)<br \/>\n    Foto: Thomas Riedel<\/p>\n<p>        Schlie\u00dfen <\/p>\n<p>      Icon Schlie\u00dfen<\/p>\n<p>        Icon vergr\u00f6\u00dfern<\/p>\n<p>        Icon verkleinern<\/p>\n<p>      Icon Pfeil bewegen<\/p>\n<p>    Hier kommt die Sonne \u2013 Karlsruhe knackt wieder die 30 Grad. (Archivbild)<br \/>\n    Foto: Thomas Riedel<\/p>\n<p class=\"mb-6 text-xs-varying md:text-m lg:text-l font-serif group-[.font-sans]:font-sans \">\n    <strong class=\"font-bold\">Tags\u00fcber werden 28 Grad erwartet<\/strong> \u2013 am Donnerstag, 27. August soll es sogar<strong class=\"font-bold\"> bis zu 33 Grad<\/strong> warm werden. Am Wochenende sinken die Temperaturen jedoch wieder auf 24 Grad.\n  <\/p>\n<p>    <img decoding=\"async\" src=\"https:\/\/www.europesays.com\/de\/wp-content\/uploads\/2026\/08\/1787727444_837_img5449-2.jpg\" alt=\"Regen und Wolkendecke \u00fcber Karlsruhe. (Archivbild)\" title=\"Regen und Wolkendecke \u00fcber Karlsruhe. (Archivbild)\" loading=\"lazy\" class=\"h-full w-full object-cover\"\/><\/p>\n<p>      Icon vergr\u00f6\u00dfern<\/p>\n<p>    Regen und Wolkendecke \u00fcber Karlsruhe. (Archivbild)<br \/>\n    Foto: Thomas Riedel<\/p>\n<p>        Schlie\u00dfen <\/p>\n<p>      Icon Schlie\u00dfen<\/p>\n<p>        Icon vergr\u00f6\u00dfern<\/p>\n<p>        Icon verkleinern<\/p>\n<p>      Icon Pfeil bewegen<\/p>\n<p>    Regen und Wolkendecke \u00fcber Karlsruhe. (Archivbild)<br \/>\n    Foto: Thomas Riedel<\/p>\n<p>            Dienstag, 25. August, 7.44 Uhr: Geringes Gewitterrisiko am Mittag<\/p>\n<p class=\"mb-6 text-xs-varying md:text-m lg:text-l font-serif group-[.font-sans]:font-sans \">\n    Der Dienstag, 25. August, in Karlsruhe wird von <strong class=\"font-bold\">Regenschauern<\/strong> begleitet. Ab Mittag besteht f\u00fcr die Region zudem ein <strong class=\"font-bold\">geringes Gewitterrisiko<\/strong>, wie Peter Crouse vom Deutschen Wetterdienst (DWD) der Redaktion am Montag, 24. August, mitteilte.\n  <\/p>\n<p class=\"mb-6 text-xs-varying md:text-m lg:text-l font-serif group-[.font-sans]:font-sans \">\n    Laut Kachelmannwetter ist von <strong class=\"font-bold\">morgens bis zum Sp\u00e4tachmittag mit Niederschlag zu rechnen<\/strong>. Die Temperaturen bewegen sich tags\u00fcber von 16 bis 18 Grad. Abends ist es in Karlsruhe zunehmend bew\u00f6lkt. In der Nacht wird kein Niederschlag erwartet.\n  <\/p>\n<p>    <img decoding=\"async\" src=\"https:\/\/www.europesays.com\/de\/wp-content\/uploads\/2026\/08\/1787696393_863_dji0010.jpg\" alt=\"Regenwolken \u00fcber Karlsruhe am 21. August 2026.\" title=\"Regenwolken \u00fcber Karlsruhe am 21. August 2026.\" loading=\"lazy\" class=\"h-full w-full object-cover\"\/><\/p>\n<p>      Icon vergr\u00f6\u00dfern<\/p>\n<p>    Regenwolken \u00fcber Karlsruhe am 21. August 2026.<br \/>\n    Foto: Thomas Riedel<\/p>\n<p>        Schlie\u00dfen <\/p>\n<p>      Icon Schlie\u00dfen<\/p>\n<p>        Icon vergr\u00f6\u00dfern<\/p>\n<p>        Icon verkleinern<\/p>\n<p>      Icon Pfeil bewegen<\/p>\n<p>    Regenwolken \u00fcber Karlsruhe am 21. August 2026.<br \/>\n    Foto: Thomas Riedel<\/p>\n<p>            Montag, 24. August, 8.35 Uhr: Unbest\u00e4ndiges Wetter<\/p>\n<p class=\"mb-6 text-xs-varying md:text-m lg:text-l font-serif group-[.font-sans]:font-sans \">\n    <strong class=\"font-bold\">Das Wetter in Karlsruhe bleibt unbest\u00e4ndig. <\/strong>\u201eIm Laufe der Woche gibt es zeitweise Regenschauer \u2013 die Sonne wird durch die Wolken immer wieder ged\u00e4mpft\u201c, sagt Peter Crouse vom Deutschen Wetterdienst (DWD) gegen\u00fcber der Redaktion am Montagmorgen, 24. August.<strong class=\"font-bold\"> Am Dienstagmittag, 25. August, gebe es zudem ein geringes Gewitterrisiko.<\/strong>\n  <\/p>\n<p class=\"mb-6 text-xs-varying md:text-m lg:text-l font-serif group-[.font-sans]:font-sans \">\n    Ansonsten bleibt es bei Regen und Schauern; Starkregen oder weitere Unwetter werden vorerst nicht erwartet. Vor allem die N\u00e4chte in Karlsruhe sollen bis zum Ende der Woche \u00fcberweigend regnerisch werden.\n  <\/p>\n<p>            Sonntag, 23. August, 17.15 Uhr: Wolkenfelder ziehen \u00fcber Karlsruhe<\/p>\n<p class=\"mb-6 text-xs-varying md:text-m lg:text-l font-serif group-[.font-sans]:font-sans \">\n    Nach einem niederschlagsfreien Sonntag bleibt der Montag anfangs ebenfalls trocken. Tags\u00fcber l\u00e4sst sich die Sonne immer wieder blicken.  Montagabend  sind allerdings Regenschauer oder Gewitter nicht ganz ausgeschlossen. Die Nacht von Montag auf Dienstag ist wahrscheinlich von Schauern oder Gewitter gepr\u00e4gt. Die H\u00f6chstwerte liegen um 26 Grad.\n  <\/p>\n<p>    <img decoding=\"async\" src=\"https:\/\/www.europesays.com\/de\/wp-content\/uploads\/2026\/08\/1787557703_687_foto-220826-19-06-16.jpg\" alt=\"\u00dcber Nordbaden zeigte sich am 22. August 2026 ein schicker Regenbogen.\" title=\"\u00dcber Nordbaden zeigte sich am 22. August 2026 ein schicker Regenbogen.\" loading=\"lazy\" class=\"h-full w-full object-cover\"\/><\/p>\n<p>      Icon vergr\u00f6\u00dfern<\/p>\n<p>    \u00dcber Nordbaden zeigte sich am 22. August 2026 ein schicker Regenbogen.<br \/>\n    Foto: Fabian Geier \/ EinsatzReport24<\/p>\n<p>        Schlie\u00dfen <\/p>\n<p>      Icon Schlie\u00dfen<\/p>\n<p>        Icon vergr\u00f6\u00dfern<\/p>\n<p>        Icon verkleinern<\/p>\n<p>      Icon Pfeil bewegen<\/p>\n<p>    \u00dcber Nordbaden zeigte sich am 22. August 2026 ein schicker Regenbogen.<br \/>\n    Foto: Fabian Geier \/ EinsatzReport24<\/p>\n<p>            Freitag, 21. August, 7.54 Uhr: Gewitter am Abend erwartet, sonniges Wochenende steht bevor<\/p>\n<p class=\"mb-6 text-xs-varying md:text-m lg:text-l font-serif group-[.font-sans]:font-sans \">\n    Bis zum Mittag hin soll es in <a href=\"https:\/\/www.ka-news.de\/promis\/karlsruhe-kulturlandschaft-technologieregion-und-residenz-des-rechts-die-faecherstadt-im-ueberblick-art-2783253\" target=\"_self\" class=\"underline \" rel=\"nofollow noopener\">Karlsruhe<\/a> trocken bleiben, obwohl sich die Wolken im Laufe der Zeit mehr und mehr verdichten. Gegen 13 Uhr kann es erstmals leicht regnen, doch in Richtung Nachmittag soll diese Regenfront wieder abziehen. \u201eErst gegen <strong class=\"font-bold\">19 bis 20 Uhr <\/strong>rollt das <strong class=\"font-bold\">Schauergebiet <\/strong>von Westen her aus dem Elsass und der Pfalz an\u201c, sagt Kai-Uwe Nerding vom Deutschen Wetterdienst (DWD) gegen\u00fcber der Redaktion am Freitagmorgen, 21. August. Bis ungef\u00e4hr Mitternacht werden <strong class=\"font-bold\">Starkregen und Gewitter <\/strong>erwartet \u2013 st\u00fcrmisch soll es hingegen nicht werden.\n  <\/p>\n<p>    <img decoding=\"async\" src=\"https:\/\/www.europesays.com\/de\/wp-content\/uploads\/2026\/08\/dji0020.jpg\" alt=\"Regenwolken \u00fcber Karlsruhe am 21. August 2026.\" title=\"Regenwolken \u00fcber Karlsruhe am 21. August 2026.\" loading=\"lazy\" class=\"h-full w-full object-cover\"\/><\/p>\n<p>      Icon vergr\u00f6\u00dfern<\/p>\n<p>    Regenwolken \u00fcber Karlsruhe am 21. August 2026.<br \/>\n    Foto: Thomas Riedel<\/p>\n<p>        Schlie\u00dfen <\/p>\n<p>      Icon Schlie\u00dfen<\/p>\n<p>        Icon vergr\u00f6\u00dfern<\/p>\n<p>        Icon verkleinern<\/p>\n<p>      Icon Pfeil bewegen<\/p>\n<p>    Regenwolken \u00fcber Karlsruhe am 21. August 2026.<br \/>\n    Foto: Thomas Riedel<\/p>\n<p class=\"mb-6 text-xs-varying md:text-m lg:text-l font-serif group-[.font-sans]:font-sans \">\n    Am Samstag, 22. August, besteht immer wieder die Chance auf <strong class=\"font-bold\">leichte Schauer.<\/strong> Tendenziell erwartet die F\u00e4cherstadt sch\u00f6nes Wetter mit <strong class=\"font-bold\">viel Sonnenschein <\/strong>in Richtung Abend. Die Temperaturen liegen bei <strong class=\"font-bold\">22 Grad.<\/strong> Auch der Sonntag, 23. August, h\u00e4lt <strong class=\"font-bold\">viele Sonnenstunden<\/strong> bereit, bei Werten um <strong class=\"font-bold\">24 Grad<\/strong>.\n  <\/p>\n<p class=\"mb-6 text-xs-varying md:text-m lg:text-l font-serif group-[.font-sans]:font-sans \">\n    Die Temperaturen steigen zum <strong class=\"font-bold\">Wochenanfang<\/strong> auf <strong class=\"font-bold\">27 Grad <\/strong>und derzeit werden <strong class=\"font-bold\">Mitte n\u00e4chster Woche<\/strong> wieder hei\u00dfere Tage mit Werten um <strong class=\"font-bold\">30 Grad <\/strong>erwartet.\n  <\/p>\n<p>    <img decoding=\"async\" src=\"https:\/\/images.mgpd.de\/img\/115053452\/crop\/c16_9-w100\/353355477\/635572482\/img5440-2.jpg\" alt=\"Regen in Karlsruhe. (Archivbild)\" title=\"Regen in Karlsruhe. (Archivbild)\" loading=\"lazy\" class=\"h-full w-full object-cover\"\/><\/p>\n<p>      Icon vergr\u00f6\u00dfern<\/p>\n<p>    Regen in Karlsruhe. (Archivbild)<br \/>\n    Foto: Thomas Riedel<\/p>\n<p>        Schlie\u00dfen <\/p>\n<p>      Icon Schlie\u00dfen<\/p>\n<p>        Icon vergr\u00f6\u00dfern<\/p>\n<p>        Icon verkleinern<\/p>\n<p>      Icon Pfeil bewegen<\/p>\n<p>    Regen in Karlsruhe. (Archivbild)<br \/>\n    Foto: Thomas Riedel<\/p>\n<p>            Donnerstag, 20. August, 7.42 Uhr: Kaltfront bringt Regenschauer nach Karlsruhe, Freitag droht ein Unwetter<\/p>\n<p class=\"mb-6 text-xs-varying md:text-m lg:text-l font-serif group-[.font-sans]:font-sans \">\n    \u201eDerzeit zieht eine <strong class=\"font-bold\">Kaltfront<\/strong> \u00fcber Karlsruhe, obwohl es sich bei den milden Temperaturen nicht so anf\u00fchlt\u201c, sagt Kai-Uwe Nerding vom Deutschen Wetterdienst (DWD) gegen\u00fcber der Redaktion am Donnerstagmorgen, 20. August. Diese Kaltfront sorge im Laufe des Tages immer wieder f\u00fcr <strong class=\"font-bold\">Regenschauer<\/strong>. Die Temperaturen steigen maximal auf <strong class=\"font-bold\">27 Grad<\/strong>, erst zum Abend hin soll es abk\u00fchlen. Gewitter soll es am Donnerstag nicht geben.\n  <\/p>\n<p>    <img decoding=\"async\" src=\"https:\/\/images.mgpd.de\/img\/114763229\/crop\/c16_9-w100\/990191636\/1098754742\/img1836jpg.jpg\" alt=\"Wetter in Karlsruhe: Schw\u00fcl und \u00fcber 30 Grad, Gewitter sind m\u00f6glich. Im Bild: Regenwolken \u00fcber Karlsruhe. (Archivbild)\" title=\"Wetter in Karlsruhe: Schw\u00fcl und \u00fcber 30 Grad, Gewitter sind m\u00f6glich. Im Bild: Regenwolken \u00fcber Karlsruhe. (Archivbild)\" loading=\"lazy\" class=\"h-full w-full object-cover\"\/><\/p>\n<p>      Icon vergr\u00f6\u00dfern<\/p>\n<p>    Wetter in Karlsruhe: Schw\u00fcl und \u00fcber 30 Grad, Gewitter sind m\u00f6glich. Im Bild: Regenwolken \u00fcber Karlsruhe. (Archivbild)<br \/>\n    Foto: Thomas Riedel<\/p>\n<p>        Schlie\u00dfen <\/p>\n<p>      Icon Schlie\u00dfen<\/p>\n<p>        Icon vergr\u00f6\u00dfern<\/p>\n<p>        Icon verkleinern<\/p>\n<p>      Icon Pfeil bewegen<\/p>\n<p>    Wetter in Karlsruhe: Schw\u00fcl und \u00fcber 30 Grad, Gewitter sind m\u00f6glich. Im Bild: Regenwolken \u00fcber Karlsruhe. (Archivbild)<br \/>\n    Foto: Thomas Riedel<\/p>\n<p class=\"mb-6 text-xs-varying md:text-m lg:text-l font-serif group-[.font-sans]:font-sans \">\n    Der Freitag, 21. August, startet noch mit einem recht freundlichen Mix aus Wolken und Sonne. Gegen Mittag werden <strong class=\"font-bold\">Schauer<\/strong> und <strong class=\"font-bold\">Gewitter <\/strong>erwartet, die sich in ein<strong class=\"font-bold\"> Unwetter <\/strong>intensivieren. Es kann zu <strong class=\"font-bold\">Starkregen<\/strong> mit 25 Litern pro Quadratmeter, <strong class=\"font-bold\">Sturmb\u00f6en <\/strong>um 70 Kilometer pro Stunde und <strong class=\"font-bold\">Hagel<\/strong> kommen. Das Unwetter soll bis zur Nacht hin abklingen.\n  <\/p>\n<p class=\"mb-6 text-xs-varying md:text-m lg:text-l font-serif group-[.font-sans]:font-sans \">\n    Die Gewitter bilden sich, da feuchtwarme und k\u00fchlere Luftmassen aufeinandertreffen. Der \u00dcbergangsbereich zwischen dieser unterschiedlich warmen und unterschiedlich feuchten Luft wird als <strong class=\"font-bold\">Luftmassengrenze<\/strong> bezeichnet.\n  <\/p>\n<p class=\"mb-6 text-xs-varying md:text-m lg:text-l font-serif group-[.font-sans]:font-sans \">\n    Am Samstag, 22. August, sind weiterhin<strong class=\"font-bold\"> Schauer und Gewitter<\/strong> m\u00f6glich, bei maximal <strong class=\"font-bold\">23 Grad<\/strong>. Am Sonntag, 23. August, soll es <strong class=\"font-bold\">sonnig und trocken <\/strong>werden, bei H\u00f6chstwerten von <strong class=\"font-bold\">25 Grad<\/strong>.\n  <\/p>\n<p>            Mittwoch, 19. August, 7.39 Uhr: Es ist schw\u00fcl und dr\u00fcckend, Gewitter am Donnerstag m\u00f6glich<\/p>\n<p class=\"mb-6 text-xs-varying md:text-m lg:text-l font-serif group-[.font-sans]:font-sans \">\n    In Karlsruhe wird es am Mittwoch, 19. August, wieder warm: Laut Deutschem Wetterdienst (DWD) steigen die Temperaturen leicht <strong class=\"font-bold\">\u00fcber 30 Grad<\/strong> an. Durch den Regenschauer in der vorherigen Nacht ist es insgesamt <strong class=\"font-bold\">schw\u00fcl und dr\u00fcckend.<\/strong> Vormittags sind vereinzelte Regenschauer m\u00f6glich \u2013 auch einzelne <strong class=\"font-bold\">Schauer und Gewitter<\/strong> sind im Verlauf des Tages nicht g\u00e4nzlich auszuschlie\u00dfen.\n  <\/p>\n<p class=\"mb-6 text-xs-varying md:text-m lg:text-l font-serif group-[.font-sans]:font-sans \">\n    In der Nacht auf Donnerstag, 20. August, bilden sich im <strong class=\"font-bold\">Norden Baden-W\u00fcrttembergs<\/strong> Gewitter und<strong class=\"font-bold\"> teils Unwetter<\/strong> aus, die voraussichtlich zun\u00e4chst an Karlsruhe vorbeiziehen. Erst am<strong class=\"font-bold\"> Donnerstag <\/strong>selbst soll es in der F\u00e4cherstadt<strong class=\"font-bold\"> regnen<\/strong> und die Wahrscheinlichkeit f\u00fcr<strong class=\"font-bold\"> Gewitter<\/strong> steigt.\n  <\/p>\n<p>            Dienstag, 18. August, 8.02 Uhr: Heute \u00fcberwiegend sonnig, morgen wird es wieder w\u00e4rmer<\/p>\n<p class=\"mb-6 text-xs-varying md:text-m lg:text-l font-serif group-[.font-sans]:font-sans \">\n    \u201eDas Wetter in Baden-W\u00fcrttemberg teilt sich heute in zwei Lager und Karlsruhe liegt genau dazwischen\u201c, sagt Thomas Schuster vom Deutschen Wetterdienst (DWD) gegen\u00fcber der Redaktion am Dienstagmorgen, 18. August. Im <strong class=\"font-bold\">Nordosten<\/strong> sei es heute eher <strong class=\"font-bold\">bew\u00f6lkt<\/strong>, vereinzelt kann es <strong class=\"font-bold\">kurz regnen<\/strong>. In Richtung des<strong class=\"font-bold\"> Karlsruher Stadtgebiets<\/strong> und dem Rhein werde es eher <strong class=\"font-bold\">sonnig <\/strong>mit Temperaturen bis zu 26 Grad.\n  <\/p>\n<p>    <img decoding=\"async\" src=\"https:\/\/images.mgpd.de\/img\/114268647\/crop\/c16_9-w100\/846496170\/1205689563\/sommerliches-wochenende-im-april.jpg\" alt=\"Sonne und Wolken in Karlsruhe. (Archivbild)\" title=\"Sonne und Wolken in Karlsruhe. (Archivbild)\" loading=\"lazy\" class=\"h-full w-full object-cover\"\/><\/p>\n<p>      Icon vergr\u00f6\u00dfern<\/p>\n<p>    Sonne und Wolken in Karlsruhe. (Archivbild)<br \/>\n    Foto: Thomas Riedel<\/p>\n<p>        Schlie\u00dfen <\/p>\n<p>      Icon Schlie\u00dfen<\/p>\n<p>        Icon vergr\u00f6\u00dfern<\/p>\n<p>        Icon verkleinern<\/p>\n<p>      Icon Pfeil bewegen<\/p>\n<p>    Sonne und Wolken in Karlsruhe. (Archivbild)<br \/>\n    Foto: Thomas Riedel<\/p>\n<p class=\"mb-6 text-xs-varying md:text-m lg:text-l font-serif group-[.font-sans]:font-sans \">\n    Am Mittwoch, 19. August, bleibt es tags\u00fcber <strong class=\"font-bold\">sonnig und trocken<\/strong>, sodass in Karlsruhe die <strong class=\"font-bold\">30-Grad-Marke<\/strong> geknackt werden k\u00f6nnte. Der Regen wird erst zum Abend hin erwartet. In der Nacht auf Donnerstag, 20. August, sind kleine Gewitter m\u00f6glich. Der Donnerstag selbst soll regnerisch bleiben \u2013 erst ab Freitag, 21. August, wird trockeneres Wetter erwartet.\n  <\/p>\n<p>            Montag, 17. August, 7.42 Uhr: Keine weiteren Unwetter \u00fcber Karlsruhe erwartet<\/p>\n<p class=\"mb-6 text-xs-varying md:text-m lg:text-l font-serif group-[.font-sans]:font-sans \">\n    Durch das Unwetter am Sonntagabend hat es in Karlsruhe <strong class=\"font-bold\">deutlich abgek\u00fchlt.<\/strong> Am Montag, 17. August, erreichen die H\u00f6chstwerte <strong class=\"font-bold\">maximal 25 Grad<\/strong>. Vormittags ist es bew\u00f6lkt und es k\u00f6nnte<strong class=\"font-bold\"> regnen<\/strong>. Gegen Nachmittag zeigt sie vermehrt die Sonne. \u201eDie restliche Woche ist es wechselhaft\u201c, sagt Thomas Schuster vom DWW gegen\u00fcber der Redaktion. Weitere <strong class=\"font-bold\">Gewitter oder Unwetter<\/strong> werden f\u00fcr Karlsruhe<strong class=\"font-bold\"> nicht erwartet.<\/strong>\n  <\/p>\n<p>    <img decoding=\"async\" src=\"https:\/\/images.mgpd.de\/img\/115026206\/crop\/c16_9-w100\/1160944545\/824581822\/foto-160826-20-03-03.jpg\" alt=\"Am Sonntagabend, 16. August 2026, zog ein Unwetter \u00fcber Karlsruhe\" title=\"Am Sonntagabend, 16. August 2026, zog ein Unwetter \u00fcber Karlsruhe\" loading=\"lazy\" class=\"h-full w-full object-cover\"\/><\/p>\n<p>      Icon vergr\u00f6\u00dfern<\/p>\n<p>    Am Sonntagabend, 16. August 2026, zog ein Unwetter \u00fcber Karlsruhe<br \/>\n    Foto: Henry Mungenast \/ EinsatzReport24<\/p>\n<p>        Schlie\u00dfen <\/p>\n<p>      Icon Schlie\u00dfen<\/p>\n<p>        Icon vergr\u00f6\u00dfern<\/p>\n<p>        Icon verkleinern<\/p>\n<p>      Icon Pfeil bewegen<\/p>\n<p>    Am Sonntagabend, 16. August 2026, zog ein Unwetter \u00fcber Karlsruhe<br \/>\n    Foto: Henry Mungenast \/ EinsatzReport24<\/p>\n<p class=\"mb-6 text-xs-varying md:text-m lg:text-l font-serif group-[.font-sans]:font-sans \">\n    Am Dienstag, 18. August, ist es zwar bew\u00f6lkt \u2013 es soll aber vorwiegend trocken bleiben bei Temperaturen von h\u00f6chstens 25 Grad. \u201e<strong class=\"font-bold\">Der gro\u00dfe Regen kommt ab Mittwoch\u201c,<\/strong> sagt Schuster. Sp\u00e4testens ab der zweiten Tagesh\u00e4lfte sollen teils kr\u00e4ftige Regenschauer \u00fcber Karlsruhe ziehen. Dieses regnerische Wetter mit H\u00f6chsttemperaturen von 25 Grad soll bis zum Wochenende anhalten. Auch in der Nacht wird es k\u00fchler mit h\u00f6chstens 15 Grad. Erst am Samstag, 22. August, soll es wieder trocken werden.\n  <\/p>\n<p>            Sonntag, 16. August, 21.00 Uhr<\/p>\n<p class=\"mb-6 text-xs-varying md:text-m lg:text-l font-serif group-[.font-sans]:font-sans \">\n    Ein kr\u00e4ftiges Unwetter ist am Sonntagabend \u00fcber Karlsruhe hinweggezogen und hat f\u00fcr eine sp\u00fcrbare Abk\u00fchlung gesorgt.<br \/>\nGegen 19 Uhr brachten Gewitter, st\u00fcrmische B\u00f6en, Starkregen und Hagel innerhalb kurzer Zeit gro\u00dfe Mengen Wasser \u00fcber die Stadt. Zeitweise kam es zu \u00dcberflutungen, zudem fiel kleink\u00f6rniger Hagel. Vereinzelt wurden \u00c4ste und B\u00e4ume durch den starken Wind abgebrochen.\n  <\/p>\n<p>    <img decoding=\"async\" src=\"https:\/\/images.mgpd.de\/img\/115026200\/crop\/c16_9-w100\/1938072177\/1510993755\/foto-160826-20-06-52.jpg\" alt=\"Am Sonntagabend, 16. August 2026, zog ein Unwetter \u00fcber Karlsruhe\" title=\"Am Sonntagabend, 16. August 2026, zog ein Unwetter \u00fcber Karlsruhe\" loading=\"lazy\" class=\"h-full w-full object-cover\"\/><\/p>\n<p>      Icon vergr\u00f6\u00dfern<\/p>\n<p>    Am Sonntagabend, 16. August 2026, zog ein Unwetter \u00fcber Karlsruhe<br \/>\n    Foto: Henry Mungenast \/ EinsatzReport24<\/p>\n<p>        Schlie\u00dfen <\/p>\n<p>      Icon Schlie\u00dfen<\/p>\n<p>        Icon vergr\u00f6\u00dfern<\/p>\n<p>        Icon verkleinern<\/p>\n<p>      Icon Pfeil bewegen<\/p>\n<p>    Am Sonntagabend, 16. August 2026, zog ein Unwetter \u00fcber Karlsruhe<br \/>\n    Foto: Henry Mungenast \/ EinsatzReport24<\/p>\n<p>    <img decoding=\"async\" src=\"https:\/\/images.mgpd.de\/img\/115026183\/crop\/c16_9-w100\/296458683\/16505515\/foto-160826-20-01-39.jpg\" alt=\"Am Sonntagabend, 16. August 2026, zog ein Unwetter \u00fcber Karlsruhe\" title=\"Am Sonntagabend, 16. August 2026, zog ein Unwetter \u00fcber Karlsruhe\" loading=\"lazy\" class=\"h-full w-full object-cover\"\/><\/p>\n<p>      Icon vergr\u00f6\u00dfern<\/p>\n<p>    Am Sonntagabend, 16. August 2026, zog ein Unwetter \u00fcber Karlsruhe<br \/>\n    Foto: Henry Mungenast \/ EinsatzReport24<\/p>\n<p>        Schlie\u00dfen <\/p>\n<p>      Icon Schlie\u00dfen<\/p>\n<p>        Icon vergr\u00f6\u00dfern<\/p>\n<p>        Icon verkleinern<\/p>\n<p>      Icon Pfeil bewegen<\/p>\n<p>    Am Sonntagabend, 16. August 2026, zog ein Unwetter \u00fcber Karlsruhe<br \/>\n    Foto: Henry Mungenast \/ EinsatzReport24<\/p>\n<p>    <img decoding=\"async\" src=\"https:\/\/images.mgpd.de\/img\/115026187\/crop\/c16_9-w100\/195394483\/2133249545\/foto-160826-20-03-56.jpg\" alt=\"Am Sonntagabend, 16. August 2026, zog ein Unwetter \u00fcber Karlsruhe\" title=\"Am Sonntagabend, 16. August 2026, zog ein Unwetter \u00fcber Karlsruhe\" loading=\"lazy\" class=\"h-full w-full object-cover\"\/><\/p>\n<p>      Icon vergr\u00f6\u00dfern<\/p>\n<p>    Am Sonntagabend, 16. August 2026, zog ein Unwetter \u00fcber Karlsruhe<br \/>\n    Foto: Henry Mungenast \/ EinsatzReport24<\/p>\n<p>        Schlie\u00dfen <\/p>\n<p>      Icon Schlie\u00dfen<\/p>\n<p>        Icon vergr\u00f6\u00dfern<\/p>\n<p>        Icon verkleinern<\/p>\n<p>      Icon Pfeil bewegen<\/p>\n<p>    Am Sonntagabend, 16. August 2026, zog ein Unwetter \u00fcber Karlsruhe<br \/>\n    Foto: Henry Mungenast \/ EinsatzReport24<\/p>\n<p class=\"mb-6 text-xs-varying md:text-m lg:text-l font-serif group-[.font-sans]:font-sans \">\n    In der Karlsruher Nordweststadt ist ein Baum abgeknickt und auf die Oberleitung der Stra\u00dfenbahn gefallen. Der Bahnverkehr musste eingestellt werden. Die Feuerwehr war im Einsatz. Nach der schw\u00fclhei\u00dfen Wetterlage sorgte das Unwetter zumindest f\u00fcr eine deutliche Abk\u00fchlung am Abend. Die Temperaturen gingen sp\u00fcrbar zur\u00fcck, ein Temperatursturz von 35 Grad auf 20 Grad war die Folge.\n  <\/p>\n<p>            undefined<\/p>\n","protected":false},"excerpt":{"rendered":"16.47 Uhr: Deutscher Wetterdienst warnt vor starkem Gewitter Der Deutsche Wetterdienst (DWD) warnt vor einem starken Gewitter. Es&hellip;\n","protected":false},"author":2,"featured_media":1272382,"comment_status":"","ping_status":"","sticky":false,"template":"","format":"standard","meta":{"footnotes":"","_share_on_mastodon":"0"},"categories":[1844],"tags":[1634,3364,950,29,30,19634,73542,8903,234098,32438,154766,4028,4887],"class_list":["post-1272381","post","type-post","status-publish","format-standard","has-post-thumbnail","category-karlsruhe","tag-baden-wuerttemberg","tag-de","tag-deutscher-wetterdienst","tag-deutschland","tag-germany","tag-gewitter","tag-kai-uwe-nerding","tag-karlsruhe","tag-peter-crouse","tag-sturmboee","tag-thomas-schuster","tag-unwetter","tag-wetterumschwung"],"share_on_mastodon":{"url":"https:\/\/pubeurope.com\/@de\/117191819614229321","error":""},"_links":{"self":[{"href":"https:\/\/www.europesays.com\/de\/wp-json\/wp\/v2\/posts\/1272381","targetHints":{"allow":["GET"]}}],"collection":[{"href":"https:\/\/www.europesays.com\/de\/wp-json\/wp\/v2\/posts"}],"about":[{"href":"https:\/\/www.europesays.com\/de\/wp-json\/wp\/v2\/types\/post"}],"author":[{"embeddable":true,"href":"https:\/\/www.europesays.com\/de\/wp-json\/wp\/v2\/users\/2"}],"replies":[{"embeddable":true,"href":"https:\/\/www.europesays.com\/de\/wp-json\/wp\/v2\/comments?post=1272381"}],"version-history":[{"count":0,"href":"https:\/\/www.europesays.com\/de\/wp-json\/wp\/v2\/posts\/1272381\/revisions"}],"wp:featuredmedia":[{"embeddable":true,"href":"https:\/\/www.europesays.com\/de\/wp-json\/wp\/v2\/media\/1272382"}],"wp:attachment":[{"href":"https:\/\/www.europesays.com\/de\/wp-json\/wp\/v2\/media?parent=1272381"}],"wp:term":[{"taxonomy":"category","embeddable":true,"href":"https:\/\/www.europesays.com\/de\/wp-json\/wp\/v2\/categories?post=1272381"},{"taxonomy":"post_tag","embeddable":true,"href":"https:\/\/www.europesays.com\/de\/wp-json\/wp\/v2\/tags?post=1272381"}],"curies":[{"name":"wp","href":"https:\/\/api.w.org\/{rel}","templated":true}]}}