{"id":1272385,"date":"2026-08-31T19:41:54","date_gmt":"2026-08-31T19:41:54","guid":{"rendered":"https:\/\/www.europesays.com\/de\/1272385\/"},"modified":"2026-08-31T19:41:54","modified_gmt":"2026-08-31T19:41:54","slug":"service-de-c-1995-2026-ruhr-concept-kg-das-presseportal-fuer-die-erfolgreiche-pressearbeit-von-staedten-kreisen-verbaenden-verlagen-parteien-unternehmen-medienbueros-hotelketten-etc-75","status":"publish","type":"post","link":"https:\/\/www.europesays.com\/de\/1272385\/","title":{"rendered":"service.de &#8211; (c) 1995-2026 ruhr-concept KG, das Presseportal f\u00fcr die erfolgreiche Pressearbeit von St\u00e4dten, Kreisen, Verb\u00e4nden, Verlagen, Parteien, Unternehmen, Medienb\u00fcros, Hotelketten etc."},"content":{"rendered":"<p>            &#13;<br \/>\n                Alle Meldungen:<\/p>\n<p>  &#13;<br \/>\n03.09.2026 &#8211; <a href=\"https:\/\/www.presse-service.de\/public\/Default.aspx?p=113\" rel=\"nofollow noopener\" target=\"_blank\">Stadt Bocholt &#8211; Fahrradfreundliche Stadt im M\u00fcnsterland<\/a>&#13;<\/p>\n<p>  &#13;<br \/>\nDeutsch-Britische Gesellschaft feiert &#8222;80 Jahre Freundschaft NRW-Gro\u00dfbritannien&#8220;&#13;<br \/>\nVortrag mit Imbiss und Getr\u00e4nken im Appendix des LernWerk Bocholt am Donnerstag, den 1. Oktober 2026 \/\/ Deutsch-Britische Gesellschaft Bocholt e.V. und EUROPE DIRECT Bocholt laden ein&#13;<\/p>\n<p class=\"ins_r\">&#13;<br \/>\n      <img decoding=\"async\" class=\"news_list_single_image\" src=\"https:\/\/www.europesays.com\/de\/wp-content\/uploads\/2026\/08\/325736V.png\" alt=\"\u00a9 Stadt Bocholt\"\/>&#13;<br \/>\nNRW feiert dieses Jahr sein 80-j\u00e4hriges Bestehen. Gleichzeitig begeht die Deutsch-Britische Gesellschaft das Jubil\u00e4um &#8222;80 Jahre Freundschaft zwischen Nordrhein-Westfalen und Gro\u00dfbritannien. Dr. Birgit Bujard wird im LernWerk eine historischen Einordnung und einen Ausblick vornehmen. Die Veranstaltung inklusive Imbiss ist kostenlos. Anmeldungen bei der Deutsch-Britischen Gesellschaft oder beim EUROPE DIRECT Bocholt.&#13;\n  <\/p>\n<p> &#13;<br \/>\n      <a href=\"https:\/\/www.presse-service.de\/public\/Single.aspx?iid=1225340\" rel=\"nofollow noopener\" target=\"_blank\">mehr lesen&#8230;<\/a>  <\/p>\n<p>  &#13;<br \/>\n31.08.2026 &#8211; <a href=\"https:\/\/www.presse-service.de\/public\/Default.aspx?p=135\" rel=\"nofollow noopener\" target=\"_blank\">Stadt Cuxhaven<\/a>&#13;<\/p>\n<p>  &#13;<br \/>\nStadtbibliothek: Krimi-Lesung mit Mathijs Deen&#13;<\/p>\n<p class=\"ins_r\">&#13;<br \/>\n      <img decoding=\"async\" class=\"news_list_single_image\" src=\"https:\/\/www.europesays.com\/de\/wp-content\/uploads\/2026\/08\/324346V.jpg\" alt=\"\u00a9 Mathias Botor\"\/>&#13;<br \/>\nAm Montag, den 28. September liest Mathijs Deen um 19.30 Uhr aus seinem Krimi \u201eDie Lotsin\u201c in der Stadtbibliothek Cuxhaven. Die Krimis um den ruppig-rauen Kommissar Liewe Cupido, genannt \u201eDer Holl\u00e4nder\u201c, erreichen inzwischen Kult-Status. Auch Cuxhaven ist einer der Schaupl\u00e4tze. Interessierte sind herzlich willkommen und d\u00fcrfen sich auf einen besonderen Abend freuen! &#13;<br \/>\nZum Inhalt: Kaum hat vor Helgoland eine \u00dcbung des niederl\u00e4ndischen, deutschen und d\u00e4nischen Grenzschutzes begonnen, geht bei der Ku\u0308stenwache ein Notruf ein: Eine Klimaforscherin,&#8230;&#13;\n  <\/p>\n<p> &#13;<br \/>\n      <a href=\"https:\/\/www.presse-service.de\/public\/Single.aspx?iid=1223405\" rel=\"nofollow noopener\" target=\"_blank\">mehr lesen&#8230;<\/a>  <\/p>\n<p>  &#13;<br \/>\n31.08.2026 &#8211; <a href=\"https:\/\/www.presse-service.de\/public\/Default.aspx?p=1592\" rel=\"nofollow noopener\" target=\"_blank\">Stadt Sundern<\/a>&#13;<\/p>\n<p>  &#13;<br \/>\nNeues Frauennetzwerk in Sundern startet&#13;<\/p>\n<p class=\"ins_r\">&#13;<br \/>\n      <img decoding=\"async\" class=\"news_list_single_image\" src=\"https:\/\/www.europesays.com\/de\/wp-content\/uploads\/2026\/02\/sundern_logo.jpg\" alt=\"\u00a9 \"\/>&#13;<br \/>\nDie Gleichstellungsstelle l\u00e4dt zum ersten Treffen am 17. September 2026 ein.&#13;\n  <\/p>\n<p> &#13;<br \/>\n      <a href=\"https:\/\/www.presse-service.de\/public\/Single.aspx?iid=1225341\" rel=\"nofollow noopener\" target=\"_blank\">mehr lesen&#8230;<\/a>  <\/p>\n<p>  &#13;<br \/>\n31.08.2026 &#8211; <a href=\"https:\/\/www.presse-service.de\/public\/Default.aspx?p=116\" rel=\"nofollow noopener\" target=\"_blank\">Stadt Hanau<\/a>&#13;<\/p>\n<p>  &#13;<br \/>\n\u201eUns eint der Blick auf die Stadt Hanau\u201c&#13;<br \/>\nZuk\u00fcnftiger hauptamtlicher Magistrat stellt Dezernatsverteilungsplan vor&#13;<\/p>\n<p class=\"ins_r\">&#13;<br \/>\n      <img decoding=\"async\" class=\"news_list_single_image\" src=\"https:\/\/www.europesays.com\/de\/wp-content\/uploads\/2026\/08\/325899V.jpeg\" alt=\"\u00a9 Stadt Hanau\"\/>&#13;<br \/>\nDer k\u00fcnftige hauptamtliche Magistrat der Stadt Hanau um Dr. Maximilian Bieri als Oberb\u00fcrgermeister, Isabelle Hemsley als B\u00fcrgermeisterin und Andreas J\u00e4ger als Stadtrat hat die Dezernatsverteilung f\u00fcr die Amtszeit ab dem 1. Oktober vorgestellt. \u201eDie k\u00fcnftige Dezernatsverteilung orientiert sich an den vergangenen Jahren. Diese Struktur hat sich bew\u00e4hrt und es geht nicht darum, alles neu zu sortieren, sondern Bew\u00e4hrtes fortzuf\u00fchren und neue Akzente zu setzen\u201c, so B\u00fcrgermeister Dr. Maximilian Bieri.&#13;\n  <\/p>\n<p> &#13;<br \/>\n      <a href=\"https:\/\/www.presse-service.de\/public\/Single.aspx?iid=1225567\" rel=\"nofollow noopener\" target=\"_blank\">mehr lesen&#8230;<\/a>  <\/p>\n<p>  &#13;<br \/>\n31.08.2026 &#8211; <a href=\"https:\/\/www.presse-service.de\/public\/Default.aspx?p=1552\" rel=\"nofollow noopener\" target=\"_blank\">Knappschaft Klinken Westfalen GmbH<\/a>&#13;<\/p>\n<p>  &#13;<br \/>\nGedenken an Menschen, die sich selbst get\u00f6tet haben&#13;<br \/>\nDer Freundes- und F\u00f6rderkreis des Krisenzentrums Dortmund l\u00e4dt zum Internationalen Tag der Suizidpr\u00e4vention in das Stadew\u00e4ldchen ein&#13;<\/p>\n<p class=\"ins_r\">&#13;<br \/>\n      <img decoding=\"async\" class=\"news_list_single_image\" src=\"https:\/\/www.europesays.com\/de\/wp-content\/uploads\/2026\/02\/logo_kk.png\" alt=\"\u00a9 \"\/>&#13;<br \/>\nAm &#8222;Gedenkort f\u00fcr Opfer eines Suizids&#8220; im Dortmunder Stadew\u00e4ldchen m\u00f6chten der Freundes- und F\u00f6rderkreis und das Team des Krisenzentrums Dortmund am Donnerstag, 10. September, wieder an T\u00f6chter, S\u00f6hne, Verwandte und Freunde erinnern, die sich selbst get\u00f6tet haben.&#13;<br \/>\nIm Rahmen einer musikalisch untermalten Gedenkfeier tragen die Organisatoren das verbreitete und oft tabuisierte Ph\u00e4nomen der Selbstt\u00f6tung in die \u00d6ffentlichkeit. &#8222;Wir d\u00fcrfen sie nicht vergessen, die Menschen, die in verzweifelten Situationen durch eigene Entscheidung aus dem Leben&#8230;&#13;\n  <\/p>\n<p> &#13;<br \/>\n      <a href=\"https:\/\/www.presse-service.de\/public\/Single.aspx?iid=1225576\" rel=\"nofollow noopener\" target=\"_blank\">mehr lesen&#8230;<\/a>  <\/p>\n<p>  &#13;<br \/>\n31.08.2026 &#8211; <a href=\"https:\/\/www.presse-service.de\/public\/Default.aspx?p=116\" rel=\"nofollow noopener\" target=\"_blank\">Stadt Hanau<\/a>&#13;<\/p>\n<p>  &#13;<br \/>\nHauptbahnhofquartier gemeinsam weiterentwickeln: Stadt Hanau startet B\u00fcrgerbeteiligung&#13;<br \/>\nISEK wird erarbeitet \/ Online-Beteiligung ab Mitte September \/ Planungsspaziergang am Samstag, 26. September&#13;<\/p>\n<p class=\"ins_r\">&#13;<br \/>\n      <img decoding=\"async\" class=\"news_list_single_image\" src=\"https:\/\/www.europesays.com\/de\/wp-content\/uploads\/2026\/08\/325882V.jpg\" alt=\"\u00a9 Stadt Hanau \/ Thomas Feuerhahn\"\/>&#13;<br \/>\nDas Hauptbahnhofquartier in Hanau wird in den n\u00e4chsten Jahren zu einem lebendigen und zukunftsf\u00e4higen Ort entwickelt. Rund 840 Menschen leben zurzeit hier, dazu kommen t\u00e4glich zahlreiche Pendlerinnen und Pendler sowie weitere Besucherinnen und Besucher. Mit der Erarbeitung eines Integrierten st\u00e4dtebaulichen Entwicklungskonzepts (ISEK) beginnt nun ein weiterer Schritt auf diesem Weg. Die Stadt Hanau setzt dabei von Anfang an auf die Beteiligung der Menschen, die das Quartier nutzen und erleben. &#13;\n  <\/p>\n<p> &#13;<br \/>\n      <a href=\"https:\/\/www.presse-service.de\/public\/Single.aspx?iid=1225554\" rel=\"nofollow noopener\" target=\"_blank\">mehr lesen&#8230;<\/a>  <\/p>\n<p>  &#13;<br \/>\n31.08.2026 &#8211; <a href=\"https:\/\/www.presse-service.de\/public\/Default.aspx?p=1086\" rel=\"nofollow noopener\" target=\"_blank\">Landeshauptstadt Magdeburg<\/a>&#13;<\/p>\n<p>  &#13;<br \/>\nEhrung und Eintragung ins Goldene Buch nach erfolgreicher Teilnahme bei Europameisterschaften&#13;<br \/>\nErfolgreiche Sportlerinnen und Sportler im Alten Rathaus empfangen&#13;<\/p>\n<p class=\"ins_r\">&#13;<br \/>\n      <img decoding=\"async\" class=\"news_list_single_image\" src=\"https:\/\/www.europesays.com\/de\/wp-content\/uploads\/2026\/08\/325901V.jpg\" alt=\"\u00a9 Landeshauptstadt Magdeburg, Romy Buhr\"\/>&#13;<br \/>\nOberb\u00fcrgermeisterin Simone Borris hat heute Sportlerinnen und Sportler, die erfolgreich an den Europameisterschaften im Schwimmen in Paris und in der Leichtathletik in Birmingham teilgenommen haben, im Alten Rathaus geehrt. W\u00e4hrend des Empfangs trugen sich die Medaillengewinner und -gewinnerinnen in Anerkennung ihrer Leistungen und Erfolge in das Goldene Buch der Landeshauptstadt ein. Mit W\u00fcrdigungen bedacht wurden vor allem das Schwimmteam rund um Olympia-Trainer Bernd Berkhahn.&#13;<br \/>\n&#8222;Die Sportstadt Magdeburg ist stolz auf die herausragenden&#8230;&#13;\n  <\/p>\n<p> &#13;<br \/>\n      <a href=\"https:\/\/www.presse-service.de\/public\/Single.aspx?iid=1225566\" rel=\"nofollow noopener\" target=\"_blank\">mehr lesen&#8230;<\/a>  <\/p>\n<p>  &#13;<br \/>\n31.08.2026 &#8211; <a href=\"https:\/\/www.presse-service.de\/public\/Default.aspx?p=85\" rel=\"nofollow noopener\" target=\"_blank\">Stadt M\u00f6nchengladbach<\/a>&#13;<\/p>\n<p>  &#13;<br \/>\nStadt untersagt Verkauf tabakfreier Nikotinbeutel&#13;<br \/>\nAllgemeinverf\u00fcgung zum Schutz der Verbraucherinnen und Verbraucher tritt in Kraft&#13;<\/p>\n<p class=\"ins_r\">&#13;<br \/>\n      <img decoding=\"async\" class=\"news_list_single_image\" src=\"https:\/\/www.europesays.com\/de\/wp-content\/uploads\/2026\/08\/325902V.jpg\" alt=\"\u00a9 Stadt MG\"\/>&#13;<br \/>\n&#13;<br \/>\nDie Stadt M\u00f6nchengladbach untersagt ab Montag, 31. August, das Inverkehrbringen tabakfreier Nikotinbeutel, sogenannter &#8222;Nicotine Pouches&#8220;, im gesamten Stadtgebiet. Das Verbot gilt f\u00fcr alle Unternehmen im Stadtgebiet. Es umfasst den station\u00e4ren Handel sowie den Versand- und Onlinehandel. Mit der Ma\u00dfnahme setzt die Stadt geltendes Lebensmittelrecht um und st\u00e4rkt den gesundheitlichen Verbraucherschutz.&#13;<br \/>\n&#13;<br \/>\nTabakfreie Nikotinbeutel bestehen aus kleinen Zellstoffbeuteln mit Nikotin sowie weiteren Inhalts- und Aromastoffen. Sie werden zwischen&#8230;&#13;\n  <\/p>\n<p> &#13;<br \/>\n      <a href=\"https:\/\/www.presse-service.de\/public\/Single.aspx?iid=1225570\" rel=\"nofollow noopener\" target=\"_blank\">mehr lesen&#8230;<\/a>  <\/p>\n<p>  &#13;<br \/>\n31.08.2026 &#8211; <a href=\"https:\/\/www.presse-service.de\/public\/Default.aspx?p=1605\" rel=\"nofollow noopener\" target=\"_blank\">Stadt Erwitte<\/a>&#13;<\/p>\n<p>  &#13;<br \/>\nStadt Erwitte verkauft Baupl\u00e4tze im Ortsteil Schmerlecke&#13;<\/p>\n<p class=\"ins_r\">&#13;<br \/>\n      <img decoding=\"async\" class=\"news_list_single_image\" src=\"https:\/\/www.europesays.com\/de\/wp-content\/uploads\/2026\/08\/325898V.png\" alt=\"\u00a9 Stadt Erwitte\"\/>&#13;<br \/>\nSechs Baugrundst\u00fccke in der Gr\u00f6\u00dfe von 577 bis 719 qm stehen zum Verkauf&#13;\n  <\/p>\n<p> &#13;<br \/>\n      <a href=\"https:\/\/www.presse-service.de\/public\/Single.aspx?iid=1225571\" rel=\"nofollow noopener\" target=\"_blank\">mehr lesen&#8230;<\/a>  <\/p>\n<p>  &#13;<br \/>\n31.08.2026 &#8211; <a href=\"https:\/\/www.presse-service.de\/public\/Default.aspx?p=1582\" rel=\"nofollow noopener\" target=\"_blank\">Stadt Marl<\/a>&#13;<\/p>\n<p>  &#13;<br \/>\nMehr Sicherheit auf dem Schulweg&#13;<br \/>\nPilotprojekt \u201eSchulstra\u00dfe\u201c an Grundschulen gestartet \/ Evaluation nach einem Jahr \/ Stadt gibt Tipps f\u00fcr sicheren Schulweg zu Fu\u00df und mit dem Fahrrad&#13;<\/p>\n<p class=\"ins_r\">&#13;<br \/>\n      <img decoding=\"async\" class=\"news_list_single_image\" src=\"https:\/\/www.europesays.com\/de\/wp-content\/uploads\/2025\/05\/1747129533_121_logo.jpg\" alt=\"\u00a9 \"\/>&#13;<br \/>\nDie Stadt hat in den Sommerferien einen einj\u00e4hrigen Verkehrsversuch an sechs Grundschulen gestartet und sogenannte \u201eSchulstra\u00dfen\u201c eingerichtet. Mit dem Pilotprojekt soll die Verkehrssituation insbesondere zu den Sto\u00dfzeiten entlastet und gepr\u00fcft werden. Die Verwaltung gibt zudem rechtzeitig zum Schulstart Tipps f\u00fcr den sicheren Schulweg.&#13;\n  <\/p>\n<p> &#13;<br \/>\n      <a href=\"https:\/\/www.presse-service.de\/public\/Single.aspx?iid=1225573\" rel=\"nofollow noopener\" target=\"_blank\">mehr lesen&#8230;<\/a>  <\/p>\n<p>  &#13;<br \/>\n31.08.2026 &#8211; <a href=\"https:\/\/www.presse-service.de\/public\/Default.aspx?p=1086\" rel=\"nofollow noopener\" target=\"_blank\">Landeshauptstadt Magdeburg<\/a>&#13;<\/p>\n<p>  &#13;<br \/>\nKompakter Beratungstag f\u00fcr Existenzgr\u00fcndende am 8. September&#13;<br \/>\nStartklar f\u00fcr die Selbstst\u00e4ndigkeit&#13;<\/p>\n<p class=\"ins_r\">&#13;<br \/>\n      <img decoding=\"async\" class=\"news_list_single_image\" src=\"https:\/\/www.europesays.com\/de\/wp-content\/uploads\/2025\/04\/logo_magdeburg.png\" alt=\"\u00a9 \"\/>&#13;<br \/>\nMagdeburger Gr\u00fcndungsinteressierte und Jungunternehmer haben am 8. Mai wieder die Gelegenheit, sich umfassend zu Existenzgr\u00fcndung und Unternehmensnachfolge beraten zu lassen. Der kompakte Beratungstag ist von 16.00 bis 18.00 Uhr im Hansesaal des Alten Rathauses. Um eine Voranmeldung wird gebeten.&#13;<br \/>\n\u00a0&#13;<br \/>\nExistenzgr\u00fcnder stehen h\u00e4ufig vor Fragen, die \u00fcber die klassischen Themen wie Businessplan oder Finanzierung und F\u00f6rderung hinausgehen. Um diesen Bedarf zu decken, bietet die Initiative &#8222;Gr\u00fcnderstadt Magdeburg&#8220; alle zwei Monate einen kompakten&#8230;&#13;\n  <\/p>\n<p> &#13;<br \/>\n      <a href=\"https:\/\/www.presse-service.de\/public\/Single.aspx?iid=1225574\" rel=\"nofollow noopener\" target=\"_blank\">mehr lesen&#8230;<\/a>  <\/p>\n<p>  &#13;<br \/>\n31.08.2026 &#8211; <a href=\"https:\/\/www.presse-service.de\/public\/Default.aspx?p=1256\" rel=\"nofollow noopener\" target=\"_blank\">Stadt Hamm<\/a>&#13;<\/p>\n<p>  &#13;<br \/>\nKorrektur: Presseeinladung: Spatenstich f\u00fcr den neuen ASH-Wertstoffhof&#13;<\/p>\n<p class=\"ins_r\">&#13;<br \/>\n      <img decoding=\"async\" class=\"news_list_single_image\" src=\"https:\/\/www.europesays.com\/de\/wp-content\/uploads\/2025\/11\/logo_25.jpg\" alt=\"\u00a9 \"\/>&#13;<br \/>\nSehr geehrte Damen und Herren,&#13;<br \/>\nseit dem Genehmigungsbescheid f\u00fcr den Bau des Wertstoffhofes am \u00d6konomierat-Peitzmeier-Platz Mitte September 2025 ist einiges passiert. Deshalb findet am Dienstag, 01. September um 12.30 Uhr der offizielle Spatenstich mit Oberb\u00fcrgermeister Marc Herter, Umweltdezernent Volker Burgard, ASH-Betriebsleitung Tamari Kersten und Stellvertretern der Baufirma Heckmann statt.&#13;<br \/>\nZu diesem Termin laden wir Sie herzlich ein.&#13;<br \/>\n\u00a0&#13;\n  <\/p>\n<p> &#13;<br \/>\n      <a href=\"https:\/\/www.presse-service.de\/public\/Single.aspx?iid=1225392\" rel=\"nofollow noopener\" target=\"_blank\">mehr lesen&#8230;<\/a>  <\/p>\n<p>  &#13;<br \/>\n31.08.2026 &#8211; <a href=\"https:\/\/www.presse-service.de\/public\/Default.aspx?p=116\" rel=\"nofollow noopener\" target=\"_blank\">Stadt Hanau<\/a>&#13;<\/p>\n<p>  &#13;<br \/>\nMehr als 50 Jahre mit Herz und Stimme f\u00fcr die Gemeinschaft&#13;<br \/>\nB\u00fcrgermeister Dr. Maximilian Bieri \u00fcberreicht Landesehrenbrief an Ursula Salg &#13;<\/p>\n<p class=\"ins_r\">&#13;<br \/>\n      <img decoding=\"async\" class=\"news_list_single_image\" src=\"https:\/\/www.europesays.com\/de\/wp-content\/uploads\/2026\/08\/325879V.jpg\" alt=\"\u00a9 Stadt Hanau \/ Moritz G\u00f6bel\"\/>&#13;<br \/>\nSeit mehr als f\u00fcnf Jahrzehnten pr\u00e4gt Ursula \u201eUschi\u201c Salg das Vereinsleben in Klein-Auheim als S\u00e4ngerin, Vorsitzende, Organisatorin und treibende Kraft hinter zahlreichen Projekten. F\u00fcr ihr au\u00dfergew\u00f6hnliches und langj\u00e4hriges ehrenamtliches Engagement ist sie nun mit dem Ehrenbrief des Landes Hessen ausgezeichnet worden. Hanaus B\u00fcrgermeister Dr. Maximilian Bieri \u00fcberreichte ihr die Auszeichnung im Rahmen des Sommerfamilienfestes am Samstag, 29. August, im RadWerk in Klein-Auheim.&#13;\n  <\/p>\n<p> &#13;<br \/>\n      <a href=\"https:\/\/www.presse-service.de\/public\/Single.aspx?iid=1225546\" rel=\"nofollow noopener\" target=\"_blank\">mehr lesen&#8230;<\/a>  <\/p>\n<p>  &#13;<br \/>\n31.08.2026 &#8211; <a href=\"https:\/\/www.presse-service.de\/public\/Default.aspx?p=1553\" rel=\"nofollow noopener\" target=\"_blank\">Gemeinde S\u00fcdlohn<\/a>&#13;<\/p>\n<p>  &#13;<br \/>\nBundesweiter Warntag am 10. September 2026&#13;<\/p>\n<p class=\"ins_r\">&#13;<br \/>\n      <img decoding=\"async\" class=\"news_list_single_image\" src=\"https:\/\/www.europesays.com\/de\/wp-content\/uploads\/2026\/08\/logo.png\" alt=\"\u00a9 \"\/>&#13;<br \/>\nAn jedem zweiten Donnerstag im September findet der Bundesweite Warntag statt. In diesem Jahr am 10. September 2026.&#13;<br \/>\nEs ist eine gemeinsame \u00dcbung von Bund, L\u00e4ndern sowie teilnehmenden Kreisen, kreisfreien St\u00e4dten und Gemeinden.&#13;<br \/>\nWas ist das Ziel?&#13;<br \/>\nDer Bundesweite Warntag dient dazu, Abl\u00e4ufe und Schnittstellen zu erproben und im Nachgang zu verbessern. Gleichzeitig soll durch begleitende Informationen auf das Thema Warnung, Warnkan\u00e4le und Selbstschutz aufmerksam gemacht werden. Je vertrauter man mit dem Thema Warnung und\u00a0Risiken ist, desto&#8230;&#13;\n  <\/p>\n<p> &#13;<br \/>\n      <a href=\"https:\/\/www.presse-service.de\/public\/Single.aspx?iid=1225530\" rel=\"nofollow noopener\" target=\"_blank\">mehr lesen&#8230;<\/a>  <\/p>\n<p>  &#13;<br \/>\n31.08.2026 &#8211; <a href=\"https:\/\/www.presse-service.de\/public\/Default.aspx?p=1086\" rel=\"nofollow noopener\" target=\"_blank\">Landeshauptstadt Magdeburg<\/a>&#13;<\/p>\n<p>  &#13;<br \/>\nMagdeburger Mobilit\u00e4tsmonat geht in die zweite Runde&#13;<br \/>\nStadtradeln vom 1. bis 21. September&#13;<\/p>\n<p class=\"ins_r\">&#13;<br \/>\n      <img decoding=\"async\" class=\"news_list_single_image\" src=\"https:\/\/www.europesays.com\/de\/wp-content\/uploads\/2025\/04\/logo_magdeburg.png\" alt=\"\u00a9 \"\/>&#13;<br \/>\nIm September dreht sich in Magdeburg erneut vieles um die Mobilit\u00e4t. So nimmt die Landeshauptstadt wieder am Stadtradeln teil. Der bundesweite Wettbewerb wird vom Klima-B\u00fcndnis organisiert, dessen Mitglied Magdeburg seit 1993 ist. Vom 1. bis 21. September hei\u00dft es deshalb wieder &#8222;Radeln f\u00fcr ein gutes Klima!&#8220;. &#13;<br \/>\n\u00a0&#13;<br \/>\nBereits eine Woche vor dem Start des Events haben sich bislang mehr Teams als im vergangenen Jahr angemeldet. Damit das Vorjahresergebnis von mehr als 660.770 zur\u00fcckgelegten Kilometern m\u00f6glichst \u00fcbertroffen wird, hei\u00dft es f\u00fcr alle&#8230;&#13;\n  <\/p>\n<p> &#13;<br \/>\n      <a href=\"https:\/\/www.presse-service.de\/public\/Single.aspx?iid=1225534\" rel=\"nofollow noopener\" target=\"_blank\">mehr lesen&#8230;<\/a>  <\/p>\n<p>  &#13;<br \/>\n31.08.2026 &#8211; <a href=\"https:\/\/www.presse-service.de\/public\/Default.aspx?p=1553\" rel=\"nofollow noopener\" target=\"_blank\">Gemeinde S\u00fcdlohn<\/a>&#13;<\/p>\n<p>  &#13;<br \/>\nGemeindeverwaltung wegen Betriebsveranstaltung geschlossen!&#13;<br \/>\nDie B\u00fcros der Gemeindeverwaltung sowie der Au\u00dfenstellen des Bauhofes und der Kl\u00e4ranlage sind am Donnerstag, dem 10.09.2026 ab 13:30 Uhr und am Freitag, dem 11.09.2026 ganzt\u00e4gig wegen einer betrieblichen Veranstaltung geschlossen.&#13;<\/p>\n<p class=\"ins_r\">&#13;<br \/>\n      <img decoding=\"async\" class=\"news_list_single_image\" src=\"https:\/\/www.europesays.com\/de\/wp-content\/uploads\/2026\/08\/236718V.jpg\" alt=\"\u00a9 Gemeinde S\u00fcdlohn\"\/>&#13;<br \/>\nDie B\u00fcros der Gemeindeverwaltung sowie der Au\u00dfenstellen des Bauhofes und der Kl\u00e4ranlage sind am Donnerstag, dem 10.09.2026 ab 13:30 Uhr und am Freitag, dem 11.09.2026 ganzt\u00e4gig wegen einer betrieblichen Veranstaltung geschlossen.&#13;<br \/>\n\u00a0&#13;<br \/>\nAuf der Internetseite der Gemeinde S\u00fcdlohn (www.suedlohn.de) k\u00f6nnen B\u00fcrgerinnen und B\u00fcrger vielf\u00e4ltige Informationen und Dienstleistungen abrufen und teilweise auch schon online beantragen und auch online bezahlen. Dies gilt insbesondere f\u00fcr Dienstleistungen des Standesamtes, wie z.B. die Anforderung von&#8230;&#13;\n  <\/p>\n<p> &#13;<br \/>\n      <a href=\"https:\/\/www.presse-service.de\/public\/Single.aspx?iid=1225542\" rel=\"nofollow noopener\" target=\"_blank\">mehr lesen&#8230;<\/a>  <\/p>\n<p>  &#13;<br \/>\n31.08.2026 &#8211; <a href=\"https:\/\/www.presse-service.de\/public\/Default.aspx?p=1553\" rel=\"nofollow noopener\" target=\"_blank\">Gemeinde S\u00fcdlohn<\/a>&#13;<\/p>\n<p>  &#13;<br \/>\nGemeinsam f\u00fcr eine saubere Gemeinde: S\u00fcdlohn beteiligt sich am World Cleanup Day&#13;<\/p>\n<p class=\"ins_r\">&#13;<br \/>\n      <img decoding=\"async\" class=\"news_list_single_image\" src=\"https:\/\/www.europesays.com\/de\/wp-content\/uploads\/2026\/08\/325881V.png\" alt=\"\u00a9 \"\/>&#13;<br \/>\nW\u00e4hrend der kreisweiten Klimawochen vom 14. bis 27. September k\u00f6nnen Familien und andere Gruppen eigenst\u00e4ndig M\u00fcll sammeln und die Menge melden&#13;\n  <\/p>\n<p> &#13;<br \/>\n      <a href=\"https:\/\/www.presse-service.de\/public\/Single.aspx?iid=1225549\" rel=\"nofollow noopener\" target=\"_blank\">mehr lesen&#8230;<\/a>  <\/p>\n<p>  &#13;<br \/>\n31.08.2026 &#8211; <a href=\"https:\/\/www.presse-service.de\/public\/Default.aspx?p=1589\" rel=\"nofollow noopener\" target=\"_blank\">Stadt Dortmund<\/a>&#13;<\/p>\n<p>  &#13;<br \/>\nAus Ideen werden neue Treffpunkte: Drei H\u00f6fe starten ihre Neugestaltung&#13;<\/p>\n<p class=\"ins_r\">&#13;<br \/>\n      <img decoding=\"async\" class=\"news_list_single_image\" src=\"https:\/\/www.europesays.com\/de\/wp-content\/uploads\/2026\/08\/325886V.jpeg\" alt=\"\u00a9 \" nordw=\"\" claudia=\"\" balke=\"\"\/>&#13;<br \/>\nDer vom Projekt &#8222;nordw\u00e4rts&#8220; initiierte Wettbewerb \u201eDortmunds sch\u00f6ne H\u00f6fe\u201c geht in die n\u00e4chste Phase: Nach Auswahl der Gewinnerh\u00f6fe haben nun alle drei pr\u00e4mierten Projekte ihre Preisgelder erhalten \u2013 jetzt beginnt die konkrete Umsetzung vor Ort.&#13;\n  <\/p>\n<p> &#13;<br \/>\n      <a href=\"https:\/\/www.presse-service.de\/public\/Single.aspx?iid=1225551\" rel=\"nofollow noopener\" target=\"_blank\">mehr lesen&#8230;<\/a>  <\/p>\n<p>  &#13;<br \/>\n31.08.2026 &#8211; <a href=\"https:\/\/www.presse-service.de\/public\/Default.aspx?p=1458\" rel=\"nofollow noopener\" target=\"_blank\">Ennepe-Ruhr-Kreis<\/a>&#13;<\/p>\n<p>  &#13;<br \/>\nSvenja Nuhija neu im Team der Schulaufsicht&#13;<\/p>\n<p class=\"ins_r\">&#13;<br \/>\n      <img decoding=\"async\" class=\"news_list_single_image\" src=\"https:\/\/www.europesays.com\/de\/wp-content\/uploads\/2026\/08\/325884V.jpg\" alt=\"\u00a9 \"\/>&#13;<br \/>\n(pen) Die Grundschulen insbesondere im n\u00f6rdlichen Ennepe-Ruhr-Kreis haben mit Beginn des neuen Schuljahres eine neue Ansprechpartnerin. Svenja Nuhija verst\u00e4rkt als Schulaufsichtsbeamtin nun das Team der Schulaufsicht f\u00fcr die Grundschulen im Ennepe-Ruhr-Kreis. Die 46-j\u00e4hrige \u00fcbernimmt die Zust\u00e4ndigkeit f\u00fcr den Nordkreis mit Hattingen, Herdecke und Witten.&#13;<br \/>\n\u00a0&#13;<br \/>\nIhre berufliche Laufbahn f\u00fchrte sie zun\u00e4chst an verschiedene Schulen in Bochum und Schwerte. Vor sieben Jahren \u00fcbernahm sie die Leitung einer Grundschule in Unna. Auf die sieben Jahre als&#8230;&#13;\n  <\/p>\n<p> &#13;<br \/>\n      <a href=\"https:\/\/www.presse-service.de\/public\/Single.aspx?iid=1225553\" rel=\"nofollow noopener\" target=\"_blank\">mehr lesen&#8230;<\/a>  <\/p>\n<p>  &#13;<br \/>\n31.08.2026 &#8211; <a href=\"https:\/\/www.presse-service.de\/public\/Default.aspx?p=77\" rel=\"nofollow noopener\" target=\"_blank\">Stadt M\u00fcnster<\/a>&#13;<\/p>\n<p>  &#13;<br \/>\nNordrhein-Westfalen-Tag: awm sammeln rund 20 Tonnen Abfall ein&#13;<\/p>\n<p class=\"ins_r\">&#13;<br \/>\n      <img decoding=\"async\" class=\"news_list_single_image\" src=\"https:\/\/www.europesays.com\/de\/wp-content\/uploads\/2026\/08\/325891V.jpg\" alt=\"\u00a9 awm\"\/>&#13;<br \/>\nM\u00fcnster (SMS) Rund 20 Tonnen Abfall haben die Abfallwirtschaftsbetriebe M\u00fcnster (awm) w\u00e4hrend des Nordrhein-Westfalen-Tages vom 28. bis 30. August eingesammelt. Davon entfielen 12,9 Tonnen auf die 330 eigens f\u00fcr die Veranstaltung aufgestellten Abfallbeh\u00e4lter im Innenstadtbereich. Weitere 7,2 Tonnen Stra\u00dfenkehricht kamen bei der Reinigung der Veranstaltungsfl\u00e4chen und angrenzenden Bereiche zusammen.&#13;<br \/>\n&#8222;Die Tonnen wurden sehr gut angenommen und waren gut gef\u00fcllt. Das hat die Reinigungsarbeiten deutlich erleichtert&#8220;, sagt awm-Einsatzleiter Benedikt&#8230;&#13;\n  <\/p>\n<p> &#13;<br \/>\n      <a href=\"https:\/\/www.presse-service.de\/public\/Single.aspx?iid=1225557\" rel=\"nofollow noopener\" target=\"_blank\">mehr lesen&#8230;<\/a>  <\/p>\n<p>&#13;<br \/>\n  &#13;<\/p>\n","protected":false},"excerpt":{"rendered":"&#13; Alle Meldungen: &#13; 03.09.2026 &#8211; Stadt Bocholt &#8211; Fahrradfreundliche Stadt im M\u00fcnsterland&#13; &#13; Deutsch-Britische Gesellschaft feiert &#8222;80&hellip;\n","protected":false},"author":2,"featured_media":1272386,"comment_status":"","ping_status":"","sticky":false,"template":"","format":"standard","meta":{"footnotes":"","_share_on_mastodon":"0"},"categories":[1843],"tags":[3364,29,30,19579,19580,62,8970,14,1209,178,19577,19578,19576,181,19575],"class_list":["post-1272385","post","type-post","status-publish","format-standard","has-post-thumbnail","category-muenster","tag-de","tag-deutschland","tag-germany","tag-kommunal","tag-kommunaler-dienst","tag-medien","tag-muenster","tag-nachrichten","tag-nordrhein-westfalen","tag-presse","tag-pressearchiv","tag-pressedienst","tag-pressemeldungen","tag-pressemitteilungen","tag-presseservice"],"share_on_mastodon":{"url":"https:\/\/pubeurope.com\/@de\/117191836896579483","error":""},"_links":{"self":[{"href":"https:\/\/www.europesays.com\/de\/wp-json\/wp\/v2\/posts\/1272385","targetHints":{"allow":["GET"]}}],"collection":[{"href":"https:\/\/www.europesays.com\/de\/wp-json\/wp\/v2\/posts"}],"about":[{"href":"https:\/\/www.europesays.com\/de\/wp-json\/wp\/v2\/types\/post"}],"author":[{"embeddable":true,"href":"https:\/\/www.europesays.com\/de\/wp-json\/wp\/v2\/users\/2"}],"replies":[{"embeddable":true,"href":"https:\/\/www.europesays.com\/de\/wp-json\/wp\/v2\/comments?post=1272385"}],"version-history":[{"count":0,"href":"https:\/\/www.europesays.com\/de\/wp-json\/wp\/v2\/posts\/1272385\/revisions"}],"wp:featuredmedia":[{"embeddable":true,"href":"https:\/\/www.europesays.com\/de\/wp-json\/wp\/v2\/media\/1272386"}],"wp:attachment":[{"href":"https:\/\/www.europesays.com\/de\/wp-json\/wp\/v2\/media?parent=1272385"}],"wp:term":[{"taxonomy":"category","embeddable":true,"href":"https:\/\/www.europesays.com\/de\/wp-json\/wp\/v2\/categories?post=1272385"},{"taxonomy":"post_tag","embeddable":true,"href":"https:\/\/www.europesays.com\/de\/wp-json\/wp\/v2\/tags?post=1272385"}],"curies":[{"name":"wp","href":"https:\/\/api.w.org\/{rel}","templated":true}]}}