{"id":1272391,"date":"2026-08-31T19:45:16","date_gmt":"2026-08-31T19:45:16","guid":{"rendered":"https:\/\/www.europesays.com\/de\/1272391\/"},"modified":"2026-08-31T19:45:16","modified_gmt":"2026-08-31T19:45:16","slug":"scheitern-wir-an-uns-selbst","status":"publish","type":"post","link":"https:\/\/www.europesays.com\/de\/1272391\/","title":{"rendered":"Scheitern wir an uns selbst?"},"content":{"rendered":"<p>Scheitern wir an uns selbst? &#8211; Wuppertal Institut f\u00fcr Klima, Umwelt, Energie<\/p>\n<p><a class=\"anchor\" id=\"c\"\/><\/p>\n<p>\n                            Geltungskonsum \u2013 die untersch\u00e4tzte W\u00e4hrung des Wohlstands\n                        <\/p>\n<ul class=\"info-bar__list\">\n<li class=\"info-bar__item\">\n<p>                Termin<\/p>\n<p>                                22.09.2026<\/p>\n<\/li>\n<li class=\"info-bar__item\">\n<p>                    Ort<\/p>\n<p>                    Wuppertal<\/p>\n<\/li>\n<\/ul>\n<p>Wie kann ein gutes Leben f\u00fcr alle gelingen, wenn \u00f6kologische Grenzen und soziale Spannungen zunehmen? In einer Gesellschaft, in der Leistung als zentraler Ma\u00dfstab gilt, fungiert soziale Position als W\u00e4hrung \u2013 auch durch nachhaltige Lebensstile grenzen Menschen sich ab und erlangen einen sozialen Status.<\/p>\n<p>Diese Strukturen kritisch hinterfragen und neue Ma\u00dfst\u00e4be f\u00fcr gesellschaftlichen Wohlstand entwickeln \u2013 dazu l\u00e4dt am 22. September 2026 der Impulsvortrag von Prof. Dr. Christa Liedtke, Leiterin der Abteilung Nachhaltiges Produzieren und Konsumieren am Wuppertal Institut, ein. Die Veranstaltung beginnt um 19 Uhr und findet in der Wuppertaler b\u00f6rse statt.<\/p>\n<p>Die Initiative Attac Wuppertal organisiert den kostenfreien Vortrag. Weitere Informationen sind \u00fcber den untenstehenden Link verf\u00fcgbar.<\/p>\n<p>                        Weitere Informationen<\/p>\n<p>                            Links<\/p>\n<p class=\"cc-headline\">Cookie-Einstellungen<\/p>\n<p class=\"cc-description\">Cookies helfen uns, die Website f\u00fcr Sie st\u00e4ndig zu verbessern. Mit dem Klick auf den Button &#8222;Zustimmen&#8220; erkl\u00e4ren Sie sich mit der Verwendung von Cookies einverstanden. F\u00fcr weitere Informationen \u00fcber die Nutzung von Cookies oder f\u00fcr die \u00c4nderung Ihrer Einstellungen klicken Sie bitte auf <a href=\"https:\/\/wupperinst.org\/datenschutz\/\" target=\"_blank\" title=\"Mehr \u00fcber die Verwendung und Ablehnung von Cookies\" rel=\"nofollow noopener\">Mehr \u00fcber die Verwendung und Ablehnung von Cookies<\/a>.<\/p>\n<p>Zustimmen<\/p>\n","protected":false},"excerpt":{"rendered":"Scheitern wir an uns selbst? &#8211; Wuppertal Institut f\u00fcr Klima, Umwelt, Energie Geltungskonsum \u2013 die untersch\u00e4tzte W\u00e4hrung des&hellip;\n","protected":false},"author":2,"featured_media":329526,"comment_status":"","ping_status":"","sticky":false,"template":"","format":"standard","meta":{"footnotes":"","_share_on_mastodon":"0"},"categories":[1840],"tags":[3364,29,1149,4781,19165,30,1563,19164,4507,1209,19166,19162,19160,19163,19161,383,601,4418,19159],"class_list":["post-1272391","post","type-post","status-publish","format-standard","has-post-thumbnail","category-wuppertal","tag-de","tag-deutschland","tag-energie","tag-energieeffizienz","tag-ernst-ulrich-von-weizsaecker","tag-germany","tag-klima","tag-manfred-fischedick","tag-nachhaltigkeit","tag-nordrhein-westfalen","tag-peter-hennicke","tag-ressourceneffizienz","tag-stoffstroeme","tag-sustainability","tag-transition-forschung","tag-umwelt","tag-verkehr","tag-wuppertal","tag-wuppertal-institut"],"share_on_mastodon":{"url":"","error":""},"_links":{"self":[{"href":"https:\/\/www.europesays.com\/de\/wp-json\/wp\/v2\/posts\/1272391","targetHints":{"allow":["GET"]}}],"collection":[{"href":"https:\/\/www.europesays.com\/de\/wp-json\/wp\/v2\/posts"}],"about":[{"href":"https:\/\/www.europesays.com\/de\/wp-json\/wp\/v2\/types\/post"}],"author":[{"embeddable":true,"href":"https:\/\/www.europesays.com\/de\/wp-json\/wp\/v2\/users\/2"}],"replies":[{"embeddable":true,"href":"https:\/\/www.europesays.com\/de\/wp-json\/wp\/v2\/comments?post=1272391"}],"version-history":[{"count":0,"href":"https:\/\/www.europesays.com\/de\/wp-json\/wp\/v2\/posts\/1272391\/revisions"}],"wp:featuredmedia":[{"embeddable":true,"href":"https:\/\/www.europesays.com\/de\/wp-json\/wp\/v2\/media\/329526"}],"wp:attachment":[{"href":"https:\/\/www.europesays.com\/de\/wp-json\/wp\/v2\/media?parent=1272391"}],"wp:term":[{"taxonomy":"category","embeddable":true,"href":"https:\/\/www.europesays.com\/de\/wp-json\/wp\/v2\/categories?post=1272391"},{"taxonomy":"post_tag","embeddable":true,"href":"https:\/\/www.europesays.com\/de\/wp-json\/wp\/v2\/tags?post=1272391"}],"curies":[{"name":"wp","href":"https:\/\/api.w.org\/{rel}","templated":true}]}}