{"id":1272403,"date":"2026-08-31T19:57:21","date_gmt":"2026-08-31T19:57:21","guid":{"rendered":"https:\/\/www.europesays.com\/de\/1272403\/"},"modified":"2026-08-31T19:57:21","modified_gmt":"2026-08-31T19:57:21","slug":"zu-harrys-rueckkehr-in-die-uk-koenigin-camilla-soll-helfen-2","status":"publish","type":"post","link":"https:\/\/www.europesays.com\/de\/1272403\/","title":{"rendered":"Zu Harrys R\u00fcckkehr in die UK: K\u00f6nigin Camilla soll helfen"},"content":{"rendered":"<ol class=\"id-DonaldBreadcrumb lp_west_breadcrumb id-DonaldBreadcrumb--default\" data-k5a-pos=\"west_breadcrumb\">\n<li class=\"id-Breadcrumb-item\"><a href=\"https:\/\/www.merkur.de\/\" class=\"id-Breadcrumb-link\" data-id-ec=\"{\" shn=\"\" textlink=\"\" data-k5a-pos=\"1_startseite\" rel=\"nofollow noopener\" target=\"_blank\">Startseite<\/a><\/li>\n<li class=\"id-Breadcrumb-item\"><a href=\"https:\/\/www.merkur.de\/boulevard\/\" class=\"id-Breadcrumb-link\" data-id-ec=\"{\" shn=\"\" textlink=\"\" tv=\"\" data-k5a-pos=\"2_starsTv\" rel=\"nofollow noopener\" target=\"_blank\">Stars &amp; TV<\/a><\/li>\n<\/ol>\n<p class=\"id-Story-timestamp id-Story-timestamp--default\">Stand: 31.08.2026, 19:25 Uhr<\/p>\n<p class=\"id-Story-authors id-Story-authors--default\">Von: <a class=\"id-Story-authors-link lp_west_author\" href=\"https:\/\/www.merkur.de\/autor\/nurin-khalil-qextd2acy.html\" title=\"Zur Autorenseite von Nurin Khalil\" data-id-ec=\"{\" shn=\"\" author-link=\"\" khalil=\"\" data-k5a-pos=\"west_author\" rel=\"nofollow noopener\" target=\"_blank\">Nurin Khalil<\/a><\/p>\n<p class=\"id-Story-interactionBar id-Story-interactionBar--default\">DruckenTeilen<\/p>\n<p><a href=\"https:\/\/profile.google.com\/cp\/CgsvZy8xODdjY3p3choA\" class=\"id-Story-googleFollowButton id-Story-googleFollowButton--default\" target=\"_blank\" data-id-ec=\"{\" shn=\"\" google-follow=\"\" auf=\"\" google=\"\" folgen=\"\" rel=\"nofollow noopener\">Uns auf Google folgen<\/a><\/p>\n<p class=\"id-StoryElement-leadText\">Ausgerechnet Camilla soll zwischen Harry und Charles vermitteln. Dabei hatte der Prinz seine Stiefmutter einst scharf attackiert.<\/p>\n<p class=\"id-StoryElement-paragraph\">London \u2013 Nach mehr als sechs Jahren in den USA sollen <a href=\"https:\/\/www.24royal.de\/grossbritannien\/prinz-harry\/\" class=\"id-import-Link id-pageApi-Link--externalDomain\" title=\"Prinz Harry\" data-id-ec=\"{&quot;sht&quot;:&quot;Container&quot;,&quot;shn&quot;:&quot;Story&quot;,&quot;p&quot;:{&quot;containerType&quot;:&quot;Paragraph&quot;,&quot;displayType&quot;:&quot;Paragraph InlineLink&quot;,&quot;type&quot;:&quot;INLINE_LINK&quot;,&quot;value&quot;:&quot;Prinz Harry&quot;,&quot;variant&quot;:&quot;standardLink&quot;,&quot;sponsored&quot;:false,&quot;linkHref&quot;:&quot;https:\/\/www.24royal.de\/grossbritannien\/prinz-harry\/&quot;,&quot;storyElementPosition&quot;:8,&quot;storyElementCount&quot;:28}}\" rel=\"nofollow noopener\" target=\"_blank\">Prinz Harry<\/a> (41) und Herzogin Meghan (45) kurz vor ihrer R\u00fcckkehr nach Gro\u00dfbritannien stehen. Der Konflikt zwischen dem Herzog von Sussex und seinem Vater <a href=\"https:\/\/www.merkur.de\/boulevard\/koenig-charles-per40257\/\" class=\"id-import-Link\" title=\"K&#xF6;nig Charles\" data-id-ec=\"{&quot;sht&quot;:&quot;Container&quot;,&quot;shn&quot;:&quot;Story&quot;,&quot;p&quot;:{&quot;containerType&quot;:&quot;Paragraph&quot;,&quot;displayType&quot;:&quot;Paragraph InlineLink&quot;,&quot;type&quot;:&quot;INLINE_LINK&quot;,&quot;value&quot;:&quot;K&#xF6;nig Charles III&quot;,&quot;variant&quot;:&quot;standardLink&quot;,&quot;sponsored&quot;:false,&quot;linkHref&quot;:&quot;https:\/\/www.merkur.de\/boulevard\/koenig-charles-per40257\/&quot;,&quot;storyElementPosition&quot;:8,&quot;storyElementCount&quot;:28}}\" rel=\"nofollow noopener\" target=\"_blank\">K\u00f6nig Charles III<\/a>. (77) ist jedoch noch nicht beigelegt. Nun k\u00f6nnte ausgerechnet K\u00f6nigin Camilla (79) eine entscheidende Rolle bei der Aussprache spielen.<\/p>\n<p>Content-Partnerschaft<\/p>\n<p class=\"id-StoryElement-factBox-paragraph\">Dieser Artikel entstand in Kooperation mit <a href=\"https:\/\/www.promiflash.de\/\" class=\"id-import-Link id-pageApi-Link--externalDomain\" data-id-ec=\"{&quot;sht&quot;:&quot;Container&quot;,&quot;shn&quot;:&quot;Story&quot;,&quot;p&quot;:{&quot;containerType&quot;:&quot;FactBox&quot;,&quot;displayType&quot;:&quot;FactBox InlineLink&quot;,&quot;type&quot;:&quot;INLINE_LINK&quot;,&quot;value&quot;:&quot;promiflash.de&quot;,&quot;variant&quot;:&quot;standardLink&quot;,&quot;sponsored&quot;:false,&quot;linkHref&quot;:&quot;https:\/\/www.promiflash.de\/&quot;,&quot;storyElementPosition&quot;:10,&quot;storyElementCount&quot;:28}}\" rel=\"nofollow noopener\" target=\"_blank\">promiflash.de<\/a><\/p>\n<p class=\"id-StoryElement-paragraph\">Gegen\u00fcber The Mirror bezeichnete eine namentlich nicht genannte Quelle die Ehefrau des Monarchen als m\u00f6gliche Vermittlerin zwischen Vater und Sohn. Sie sei imstande und geeignet, die Gespr\u00e4che zwischen den beiden wieder in Gang zu bringen und die angespannte Stimmung innerhalb der Familie zu entsch\u00e4rfen.<\/p>\n<p><img decoding=\"async\" class=\"id-RatioPlaceholder-element wv_story_el_image\" src=\"https:\/\/www.europesays.com\/de\/wp-content\/uploads\/2026\/08\/43895583-prinz-harry-und-meghan-herzog-und-herzogin-von-sussex-bei-einem-besuch-in-melbourne-beim-sc.jpeg\" loading=\"lazy\"   height=\"734\" width=\"1100\" alt=\"Prinz Harry und Meghan, Herzog und Herzogin von Sussex, bei einem Besuch in Melbourne beim Scar Tree Walk in Birrarung Marr\"\/>Prinz Harry und Meghan nehmen am Scar Tree Walk in Birrarung Marr in Melbourne teil, April 2026. \u00a9\u00a0Imago<\/p>\n<p class=\"id-StoryElement-paragraph\">Dass gerade sie in dieser Rolle gesehen wird, sorgt f\u00fcr Aufsehen \u2013 schlie\u00dflich galt das Verh\u00e4ltnis zwischen Harry und seiner Stiefmutter bis zuletzt als schwer belastet. Eine offizielle Stellungnahme aus dem Buckingham Palace zu den Berichten \u00fcber eine solche Vermittlerrolle gibt es bislang nicht.<\/p>\n<p>Harry schoss einst scharf gegen Camilla<\/p>\n<p class=\"id-StoryElement-paragraph\">Besonders brisant w\u00e4re diese Konstellation, weil Harry seine Stiefmutter in seiner 2023 ver\u00f6ffentlichten Biografie \u201eSpare\u201c und in den begleitenden Interviews scharf attackiert hatte. Er warf Camilla darin vor, ihre Kontakte zu britischen Medien genutzt zu haben, um ihr eigenes Image aufzupolieren.<\/p>\n<p><img decoding=\"async\" class=\"id-RatioPlaceholder-element wv_story_el_image\" src=\"https:\/\/www.europesays.com\/de\/wp-content\/uploads\/2026\/08\/37244241-prinz-harry-koenig-charles-koenigin-camilla-geburtstag-termin-PxBG.jpg\" loading=\"lazy\"   height=\"733\" width=\"1100\" alt=\"Die f&#xFC;r Juli 2027 geplanten Invictus Games von Prinz Harry (m.) k&#xF6;nnten f&#xFC;r &#xC4;rger sorgen. Denn K&#xF6;nigin Camilla (l.), die Frau von K&#xF6;nig Charles (r.), feiert im selben Monat ihren 80. Geburtstag.\"\/>Die f\u00fcr Juli 2027 geplanten Invictus Games von Prinz Harry (m.) k\u00f6nnten f\u00fcr \u00c4rger sorgen. Denn K\u00f6nigin Camilla (l.), die Frau von K\u00f6nig Charles (r.), feiert im selben Monat ihren 80. Geburtstag. \u00a9\u00a0IMAGO \/\u00a0i Images &amp; IMAGO \/\u00a0ZUMA Press &amp; IMAGO \/\u00a0i Images<\/p>\n<p class=\"id-StoryElement-paragraph\">Dabei habe sie private Informationen \u00fcber ihn und seinen Bruder Prinz William (44) weitergegeben. Wie er es selbst beschrieb, habe sie ihn \u201eauf ihrem pers\u00f6nlichen PR-Altar geopfert\u201c. Im Gespr\u00e4ch mit dem US-Sender ABC erkl\u00e4rte der zweifache Vater damals besorgt, dass die K\u00f6nigin sich sehr nach einem besseren Ruf sehnte.<\/p>\n<p class=\"id-StoryElement-paragraph\">In Verbindung mit ihrer N\u00e4he zur Presse sei dies gef\u00e4hrlich gewesen. Gleichzeitig stellte er aber klar: \u201eSie ist keine b\u00f6se Stiefmutter.\u201c Zudem betonte er seine Liebe zu s\u00e4mtlichen Mitgliedern seiner Familie \u2013 demnach also auch zu ihr und seinem Vater.<\/p>\n<p>Archie und Lilibet sind der Grund f\u00fcr UK-Umzug<\/p>\n<p class=\"id-StoryElement-paragraph\">Insbesondere seine Kinder sollen der Grund f\u00fcr die geplante R\u00fcckkehr sein. Harry und Meghan m\u00f6chten Berichten zufolge erreichen, dass Archie (7) und Lilibet (5) neben ihrem bisherigen Leben in Kalifornien auch die britische Heimat ihres Vaters kennenlernen. Noch diesen Sommer soll die Familie ihr Anwesen in Montecito verlassen.<\/p>\n<p>Neues Royal Baby: So \u00e4ndert sich die britische Thronfolge<img decoding=\"async\" class=\"id-RatioPlaceholder-element wv_story_el_interstitialImage\" src=\"https:\/\/www.europesays.com\/de\/wp-content\/uploads\/2026\/08\/43600373-koenig-charles-und-prinz-william-grund-zur-freude-im-britischen-koenigshaus-wie-jetzt-bekan.jpeg\" loading=\"lazy\"   height=\"1200\" width=\"1920\" alt=\"K&#xF6;nig Charles und Prinz William - Grund zur Freude im britischen K&#xF6;nigshaus: Wie jetzt bekannt wurde, ist Prinzessin Eugenie am Montagabend zum dritten Mal Mutter geworden. Einen Namen hat das Royal Baby zwar noch nicht, doch mit ihrer Geburt &#xE4;ndert sich auch die britische Thronfolge, Klar, auf K&#xF6;nig Charles III. (links) wird einst sein Sohn William folgen. Doch wer kommt danach? Eine kleine Auswahl der wichtigsten und schillerndsten Kandidaten.\"\/><a href=\"https:\/\/www.merkur.de\/boulevard\/neues-royal-baby-so-aendert-sich-die-britische-thronfolge-zr-94429278.html\" class=\"id-StoryElement-intestitialLink-link\" data-id-ec=\"{\" shn=\"\" ansehen=\"\" data-k5a-pos=\"west_story_24_photoGalleryLink\" title=\"Zur Fotostrecke: Neues Royal Baby: So &#xE4;ndert sich die britische Thronfolge\" rel=\"nofollow noopener\" target=\"_blank\">Fotostrecke ansehen<\/a><\/p>\n<p class=\"id-StoryElement-paragraph\">Archie und Lilibet sollen bereits ab September in Gro\u00dfbritannien zur Schule gehen. Verfassungsexperte Craig Prescott sieht in Harrys Wunsch nach einer britischen Schulbildung f\u00fcr seine Kinder eine m\u00f6gliche treibende Kraft hinter dem Umzug.<\/p>\n<p class=\"id-StoryElement-paragraph\">Der Herzog von Sussex selbst besuchte einst die Ludgrove School in Berkshire und wechselte anschlie\u00dfend auf das Eliteinternat Eton. Welche Schulen f\u00fcr Archie und Lilibet infrage kommen, ist bislang nicht bekannt.<\/p>\n","protected":false},"excerpt":{"rendered":"Startseite Stars &amp; TV Stand: 31.08.2026, 19:25 Uhr Von: Nurin Khalil DruckenTeilen Uns auf Google folgen Ausgerechnet Camilla&hellip;\n","protected":false},"author":2,"featured_media":1272404,"comment_status":"","ping_status":"","sticky":false,"template":"","format":"standard","meta":{"footnotes":"","_share_on_mastodon":"0"},"categories":[3976],"tags":[331,332,13,14,15,12,3992,3993,3994,3995,3996,3997],"class_list":["post-1272403","post","type-post","status-publish","format-standard","has-post-thumbnail","category-vereinigtes-koenigreich","tag-aktuelle-nachrichten","tag-aktuelle-news","tag-headlines","tag-nachrichten","tag-news","tag-schlagzeilen","tag-uk","tag-united-kingdom","tag-united-kingdom-of-great-britain-and-northern-ireland","tag-vereinigtes-koenigreich","tag-vereinigtes-koenigreich-grossbritannien-und-nordirland","tag-vereinigtes-koenigreich-von-grossbritannien-und-nordirland"],"share_on_mastodon":{"url":"https:\/\/pubeurope.com\/@de\/117191893997976123","error":""},"_links":{"self":[{"href":"https:\/\/www.europesays.com\/de\/wp-json\/wp\/v2\/posts\/1272403","targetHints":{"allow":["GET"]}}],"collection":[{"href":"https:\/\/www.europesays.com\/de\/wp-json\/wp\/v2\/posts"}],"about":[{"href":"https:\/\/www.europesays.com\/de\/wp-json\/wp\/v2\/types\/post"}],"author":[{"embeddable":true,"href":"https:\/\/www.europesays.com\/de\/wp-json\/wp\/v2\/users\/2"}],"replies":[{"embeddable":true,"href":"https:\/\/www.europesays.com\/de\/wp-json\/wp\/v2\/comments?post=1272403"}],"version-history":[{"count":0,"href":"https:\/\/www.europesays.com\/de\/wp-json\/wp\/v2\/posts\/1272403\/revisions"}],"wp:featuredmedia":[{"embeddable":true,"href":"https:\/\/www.europesays.com\/de\/wp-json\/wp\/v2\/media\/1272404"}],"wp:attachment":[{"href":"https:\/\/www.europesays.com\/de\/wp-json\/wp\/v2\/media?parent=1272403"}],"wp:term":[{"taxonomy":"category","embeddable":true,"href":"https:\/\/www.europesays.com\/de\/wp-json\/wp\/v2\/categories?post=1272403"},{"taxonomy":"post_tag","embeddable":true,"href":"https:\/\/www.europesays.com\/de\/wp-json\/wp\/v2\/tags?post=1272403"}],"curies":[{"name":"wp","href":"https:\/\/api.w.org\/{rel}","templated":true}]}}