{"id":1272429,"date":"2026-08-31T20:15:19","date_gmt":"2026-08-31T20:15:19","guid":{"rendered":"https:\/\/www.europesays.com\/de\/1272429\/"},"modified":"2026-08-31T20:15:19","modified_gmt":"2026-08-31T20:15:19","slug":"bistum-dresden-meissen-aktuelles-katholischer-jahresempfang-gemeinsam-im-gespraech-ueber-kirche-und-staat","status":"publish","type":"post","link":"https:\/\/www.europesays.com\/de\/1272429\/","title":{"rendered":"Bistum Dresden-Mei\u00dfen \u2013 Aktuelles &#8211; Katholischer Jahresempfang: Gemeinsam im Gespr\u00e4ch \u00fcber Kirche und Staat"},"content":{"rendered":"\n<p>\t\t\t\t\t\t<a target=\"_blank\" href=\"https:\/\/www.bistum-dresden-meissen.de\/medien\/cache\/main_image\/l_dsc_6846.jpg\" title=\"Beim Empfang im Haus der Kathedrale nahmen rund 200 G\u00e4ste aus Politik und Gesellschaft teil. \u00a9 Michael Baudisch\" class=\"p-0 simplelightbox\" rel=\"nofollow noopener\"><br \/>\n\t\t\t\t\t\t\t<img decoding=\"async\" src=\"https:\/\/www.europesays.com\/de\/wp-content\/uploads\/2026\/08\/m_dsc_6846.jpg\" class=\"obj-pos-c\" alt=\"Beim Empfang im Haus der Kathedrale nahmen rund 200 G\u00e4ste aus Politik und Gesellschaft teil. \u00a9 Michael Baudisch\" data-description=\"Beim Empfang im Haus der Kathedrale nahmen rund 200 G\u00e4ste aus Politik und Gesellschaft teil. \u00a9 Michael Baudisch\"\/><br \/>\n\t\t\t\t\t\t<\/a><\/p>\n<p>Beim Empfang im Haus der Kathedrale nahmen rund 200 G\u00e4ste aus Politik und Gesellschaft teil. \u00a9 Michael Baudisch<\/p>\n<p>\n\t\t\t\t\t\t31. August 2026\t\t\t\t\t\t\t\t\t\t\t<\/p>\n<p>\t\t\t\t\t\t\t\t\t\t\tErster Besuch des neuen Nuntius Erzbischof Dr. van Megen in einem deutschen Bistum<\/p>\n<p>Dresden. Knapp 200 Vertreterinnen und Vertreter aus Politik und Gesellschaft sind am Montagabend, 31. August 2026, zum Katholischen Jahresempfang der Bisch\u00f6fe Heinrich Timmerevers (Bistum Dresden-Mei\u00dfen), Wolfgang Ipolt (Bistum G\u00f6rlitz) und Dr. Gerhard Feige (Bistum Magdeburg) in Dresden zusammengekommen. Im Mittelpunkt des Abends stand das Verh\u00e4ltnis von Staat und Kirche. Anlass war das 30-j\u00e4hrige Jubil\u00e4um der Unterzeichnung des Staatskirchenvertrags zwischen dem Freistaat Sachsen und dem Heiligen Stuhl. Premiere hatte dabei auch der erste Besuch des neuen Nuntius\u00a0Erzbischof Dr. Hubertus van Megen in einem deutschen Bistum:\u00a0Dem feierlichen Abendlob zum Auftakt des Jahresempfangs in der Dresdner Kathedrale stand Erzbischof Dr. Hubertus van Megen vor.<\/p>\n<p>Am Nachmittag hatten Nuntius und Bischof Timmerevers bereits gemeinsame Besuche in der S\u00e4chsischen Staatskanzlei, bei Landesbischof Tobias Bilz und beim Gastmahl &#8222;Dresden is(s)t bunt&#8220; absolviert. &#8222;Wir f\u00fchlen uns geehrt&#8220;, so Bischof Timmerevers in seiner Begr\u00fc\u00dfung des P\u00e4pstlichen Botschafters in Deutschland. Im Mittelpunkt des Abends stand dabei der Blick auf das 30-j\u00e4hrige Jubil\u00e4um des Staatskirchenvertrags zwischen dem Freistaat Sachsen und dem Heiligen Stuhl. Bischof Timmerevers erinnerte daran, dass dieser Vertrag einen &#8222;verl\u00e4sslichen Rahmen&#8220; f\u00fcr die Zusammenarbeit von Staat und Kirche b\u00f6te und auch auf Zusammenarbeit angelegt sei, &#8222;wenn Sichtweisen auseinandergehen.&#8220; Der Bischof nannte die \u00f6ffentlichen Debatten gepr\u00e4gt von &#8222;Zustimmung, Misstrauen und Angst&#8220;. Er ermutigte zur Suche nach langfristigen Antworten ohne Schielen &#8222;nach schnellem Beifall&#8220;.<\/p>\n<p>Die Dresdner Kapellknaben gestalteten das Abendlob musikalisch. Im Anschluss begr\u00fc\u00dften die drei Bisch\u00f6fe ihre G\u00e4ste zum Empfang im Haus der Kathedrale. Die Leiterin des Katholischen B\u00fcros Sachsen, Dr. Daniela Pscheida-\u00dcberreiter, betonte in ihrer Er\u00f6ffnung des Abends, der Staatskirchenvertrag lebe davon, &#8222;dass man gemeinsam nach L\u00f6sungen sucht&#8220;, besonders wenn es schwierig werde und Ver\u00e4nderungen anst\u00fcnden. Spontanen Beifall erntete ihre Solidarit\u00e4tserkl\u00e4rung mit dem Bischof von Magdeburg angesichts der bevorstehenden Landtagswahlen in Sachsen-Anhalt.<\/p>\n<p>Erzbischof van Megen und Conrad Clemens, S\u00e4chsischer Staatsminister f\u00fcr Kultus, richteten Gru\u00dfworte an die Teilnehmerinnen und Teilnehmer. Unter den G\u00e4sten waren unter anderem der Landesbischof der Evangelisch-Lutherischen Landeskirche Sachsens, der Pr\u00e4sident des S\u00e4chsischen Landtags, Staatsministerinnen und Staatsminister, der Chef der S\u00e4chsischen Staatskanzlei, zahlreiche Abgeordnete des S\u00e4chsischen Landtags sowie weitere Vertreterinnen und Vertreter aus Politik und Gesellschaft.<\/p>\n<p><strong>Staatskirchenvertrag als Grundlage f\u00fcr Zusammenarbeit<\/strong><\/p>\n<p>Den Festvortrag hielt Pr\u00e4lat Dr. Karl J\u00fcsten, Leiter des Kommissariats der deutschen Bisch\u00f6fe in Berlin. Unter der \u00dcberschrift \u201eZukunftsweisend oder \u00fcberholtes Relikt? Das Verh\u00e4ltnis von Staat und Kirche heute\u201c nahm er die gegenw\u00e4rtige Bedeutung des Verh\u00e4ltnisses von Kirche und Staat in den Blick.<\/p>\n<p>J\u00fcsten steht seit M\u00e4rz 2000 an der Spitze des Kommissariats der deutschen Bisch\u00f6fe und begleitet damit seit mehr als 25 Jahren die Beziehungen der katholischen Kirche zu den politischen Institutionen auf Bundes- und europ\u00e4ischer Ebene. In seinem Vortrag ging er anl\u00e4sslich des 30. Jahrestags der Unterzeichnung des S\u00e4chsischen Staatskirchenvertrags der Frage nach, welche Bedeutung die vertraglich geregelte Zusammenarbeit von Staat und Kirche heute noch hat und wie sie sich angesichts gesellschaftlicher Ver\u00e4nderungen weiterentwickeln kann.<\/p>\n<p>Der Staatskirchenvertrag zwischen dem Freistaat Sachsen und dem Heiligen Stuhl war am 2. Juli 1996 unterzeichnet worden. Er bildet bis heute eine wichtige Grundlage f\u00fcr das Verh\u00e4ltnis zwischen dem Freistaat und der katholischen Kirche. Das Jubil\u00e4um bot beim Jahresempfang Gelegenheit, die vergangenen drei Jahrzehnte zu w\u00fcrdigen und zugleich \u00fcber die Zukunft der Zusammenarbeit ins Gespr\u00e4ch zu kommen.<\/p>\n<p><strong>Begegnung und Austausch<\/strong><\/p>\n<p>Der Katholische Jahresempfang versteht sich traditionell als Ort des Austauschs zwischen Kirche, Politik und Gesellschaft. Die Begegnungen des Abends boten Gelegenheit, aktuelle gesellschaftliche Entwicklungen zu diskutieren, Kontakte zu pflegen und \u00fcber gemeinsame Verantwortung f\u00fcr das Gemeinwesen ins Gespr\u00e4ch zu kommen.<\/p>\n<p>Mit dem Jahresempfang machten die drei Bisch\u00f6fe zugleich deutlich, dass die katholische Kirche den Dialog mit den demokratischen Institutionen und den unterschiedlichen gesellschaftlichen Akteuren auch in Zukunft fortsetzen und gestalten will.<\/p>\n<p>Text\/Fotos: Michael Baudisch<\/p>\n<p>\t\t\t\t\t\t\t\t\t\t\t\t\t\t\t\tBildergalerie<\/p>\n","protected":false},"excerpt":{"rendered":"Beim Empfang im Haus der Kathedrale nahmen rund 200 G\u00e4ste aus Politik und Gesellschaft teil. \u00a9 Michael Baudisch&hellip;\n","protected":false},"author":2,"featured_media":1272430,"comment_status":"","ping_status":"","sticky":false,"template":"","format":"standard","meta":{"footnotes":"","_share_on_mastodon":"0"},"categories":[1835],"tags":[3364,29,2386,30,859],"class_list":["post-1272429","post","type-post","status-publish","format-standard","has-post-thumbnail","category-dresden","tag-de","tag-deutschland","tag-dresden","tag-germany","tag-sachsen"],"share_on_mastodon":{"url":"","error":""},"_links":{"self":[{"href":"https:\/\/www.europesays.com\/de\/wp-json\/wp\/v2\/posts\/1272429","targetHints":{"allow":["GET"]}}],"collection":[{"href":"https:\/\/www.europesays.com\/de\/wp-json\/wp\/v2\/posts"}],"about":[{"href":"https:\/\/www.europesays.com\/de\/wp-json\/wp\/v2\/types\/post"}],"author":[{"embeddable":true,"href":"https:\/\/www.europesays.com\/de\/wp-json\/wp\/v2\/users\/2"}],"replies":[{"embeddable":true,"href":"https:\/\/www.europesays.com\/de\/wp-json\/wp\/v2\/comments?post=1272429"}],"version-history":[{"count":0,"href":"https:\/\/www.europesays.com\/de\/wp-json\/wp\/v2\/posts\/1272429\/revisions"}],"wp:featuredmedia":[{"embeddable":true,"href":"https:\/\/www.europesays.com\/de\/wp-json\/wp\/v2\/media\/1272430"}],"wp:attachment":[{"href":"https:\/\/www.europesays.com\/de\/wp-json\/wp\/v2\/media?parent=1272429"}],"wp:term":[{"taxonomy":"category","embeddable":true,"href":"https:\/\/www.europesays.com\/de\/wp-json\/wp\/v2\/categories?post=1272429"},{"taxonomy":"post_tag","embeddable":true,"href":"https:\/\/www.europesays.com\/de\/wp-json\/wp\/v2\/tags?post=1272429"}],"curies":[{"name":"wp","href":"https:\/\/api.w.org\/{rel}","templated":true}]}}