{"id":1272435,"date":"2026-08-31T20:18:18","date_gmt":"2026-08-31T20:18:18","guid":{"rendered":"https:\/\/www.europesays.com\/de\/1272435\/"},"modified":"2026-08-31T20:18:18","modified_gmt":"2026-08-31T20:18:18","slug":"werder-bremen-leihe-mit-kaufoption-flop-mbangula-macht-die-bologna-biege-sport","status":"publish","type":"post","link":"https:\/\/www.europesays.com\/de\/1272435\/","title":{"rendered":"Werder Bremen: Leihe mit Kaufoption! Flop Mbangula macht die Bologna-Biege | Sport"},"content":{"rendered":"<p><a class=\"skip-content skip-content--link\" href=\"#in-content-skip-link-target-v-0-0\">TTS-Player \u00fcberspringen\u21b5<\/a><a id=\"in-content-skip-link-target-v-0-0\" class=\"skip-content--target-link-hidden skip-content skip-content--target-link\" href=\"#in-content-skip-link-target-v-0-0\">Artikel weiterlesen<\/a><\/p>\n<p><b>Am Sonntag sa\u00df er beim missratenen Bundesliga-Start (1:4 in Freiburg) noch 90 Minuten auf der Werder-Bank, jetzt ist Samuel Mbangula (22) in Bremen vorerst Geschichte. Am Abend hat sich Werder mit Italien-Erstligist Bologna auf eine Leihe (plus Kaufoption) f\u00fcr ein Jahr verst\u00e4ndigt. Dienstag wird er in Italien seinen Medizincheck absolvieren. Laut Transfer-Experte Fabrizio Romano kassiert Werder 2 Mio. Euro Leihgeb\u00fchr. Ziehen die Italiener die Kaufoption, w\u00fcrden weitere 12,5 Mio. Euro f\u00e4llig.<\/b><\/p>\n<p>Wom\u00f6glich endet damit ein 10 Millionen Euro teures Missverst\u00e4ndnis. F\u00fcr diese Abl\u00f6se, die zweith\u00f6chste (!) der Werder-Geschichte, wurde der Belgier im vergangenen Sommer von Juventus Turin verpflichtet. In 26 Spielen kam der Offensivmann auf drei Tore, deutete dabei aber allenfalls seine Qualit\u00e4ten an und war im Saisonendspurt \u00fcberhaupt kein Faktor mehr.<\/p>\n<p>Werder-Flop macht die Bologna-Biege<\/p>\n<p>Ein Wechsel, der noch vor wenigen Tagen abwegig erschien. Schlie\u00dflich hatte der stets gelangweilt wirkende <a href=\"https:\/\/www.bild.de\/sport\/fussball\/werder-bremen-zwei-stars-vor-dem-blitz-abflug-vom-training-freigestellt-6a9533d1ec27d32fb526a513\" class=\"text-link\" rel=\"nofollow noopener\" target=\"_blank\">Mbangula<\/a> endlich Frau und Kind an die Weser bef\u00f6rdert, um in seiner zweiten Saison endlich durchzustarten. Gerade er sollte die Kreativ-L\u00fccke nach dem Abgang von Romano Schmid (Frosinone) schlie\u00dfen.<\/p>\n<p>Mehr zum Thema<\/p>\n<p>Doch der unterirdische Auftritt im Pokal gegen L\u00fcneburg mit Auswechslung zur Pause und berechtigter Kritik von Trainer <a href=\"https:\/\/www.bild.de\/sport\/fussball\/werder-bremen-stage-drama-und-start-pleite-thioune-fordert-top-transfer-6a945d1799cae3c1912ab141\" class=\"text-link\" rel=\"nofollow noopener\" target=\"_blank\">Daniel Thioune<\/a> samt Nachhilfestunde d\u00fcrften die ohnehin geringe Lust auf Werder endg\u00fcltig geraubt haben. Denn dann ging alles ganz schnell.<\/p>\n<p>Jetzt sein Neu-Start in Bologna. Dort soll er Jonathan Rowe beerben, der vor einem Wechsel zu Atalanta Bergamo steht. F\u00fcr Mbangula ist es die Chance, in gewohntem Umfeld zu alter St\u00e4rke zur\u00fcckzufinden. Ob die Bremer noch einen direkten Ersatz verpflichten, ist offen.<\/p>\n<p>F\u00fcr Werder bleibt die Hoffnung, dass am Ende die Kaufoption gezogen wird und dem Verein ein gro\u00dfes finanzielles Debakel erspart bleibt. Ein sportliches ist es bereits.<\/p>\n","protected":false},"excerpt":{"rendered":"TTS-Player \u00fcberspringen\u21b5Artikel weiterlesen Am Sonntag sa\u00df er beim missratenen Bundesliga-Start (1:4 in Freiburg) noch 90 Minuten auf der&hellip;\n","protected":false},"author":2,"featured_media":1272436,"comment_status":"","ping_status":"","sticky":false,"template":"","format":"standard","meta":{"footnotes":"","_share_on_mastodon":"0"},"categories":[1824],"tags":[2420,3364,29,538,43342,8905,30,111019,803,542,537],"class_list":["post-1272435","post","type-post","status-publish","format-standard","has-post-thumbnail","category-bremen","tag-bremen","tag-de","tag-deutschland","tag-erste-bundesliga","tag-fc-bologna","tag-fritz-clemens","tag-germany","tag-mbangula-samuel","tag-spielertransfer","tag-sport-leuchtturm-hamburg","tag-werder-bremen"],"share_on_mastodon":{"url":"https:\/\/pubeurope.com\/@de\/117191973627225400","error":""},"_links":{"self":[{"href":"https:\/\/www.europesays.com\/de\/wp-json\/wp\/v2\/posts\/1272435","targetHints":{"allow":["GET"]}}],"collection":[{"href":"https:\/\/www.europesays.com\/de\/wp-json\/wp\/v2\/posts"}],"about":[{"href":"https:\/\/www.europesays.com\/de\/wp-json\/wp\/v2\/types\/post"}],"author":[{"embeddable":true,"href":"https:\/\/www.europesays.com\/de\/wp-json\/wp\/v2\/users\/2"}],"replies":[{"embeddable":true,"href":"https:\/\/www.europesays.com\/de\/wp-json\/wp\/v2\/comments?post=1272435"}],"version-history":[{"count":0,"href":"https:\/\/www.europesays.com\/de\/wp-json\/wp\/v2\/posts\/1272435\/revisions"}],"wp:featuredmedia":[{"embeddable":true,"href":"https:\/\/www.europesays.com\/de\/wp-json\/wp\/v2\/media\/1272436"}],"wp:attachment":[{"href":"https:\/\/www.europesays.com\/de\/wp-json\/wp\/v2\/media?parent=1272435"}],"wp:term":[{"taxonomy":"category","embeddable":true,"href":"https:\/\/www.europesays.com\/de\/wp-json\/wp\/v2\/categories?post=1272435"},{"taxonomy":"post_tag","embeddable":true,"href":"https:\/\/www.europesays.com\/de\/wp-json\/wp\/v2\/tags?post=1272435"}],"curies":[{"name":"wp","href":"https:\/\/api.w.org\/{rel}","templated":true}]}}