{"id":1272439,"date":"2026-08-31T20:20:16","date_gmt":"2026-08-31T20:20:16","guid":{"rendered":"https:\/\/www.europesays.com\/de\/1272439\/"},"modified":"2026-08-31T20:20:16","modified_gmt":"2026-08-31T20:20:16","slug":"pol-ha-fortschreibung-gemeinsame-presseerklaerung-der-staatsanwaltschaft-essen-und","status":"publish","type":"post","link":"https:\/\/www.europesays.com\/de\/1272439\/","title":{"rendered":"POL-HA: Fortschreibung: Gemeinsame Presseerkl\u00e4rung der Staatsanwaltschaft Essen und &#8230;"},"content":{"rendered":"<p class=\"date\">31.08.2026 \u2013 22:03<\/p>\n<p class=\"customer\">\n                        <a class=\"story-customer\" title=\"weiter zum newsroom von Polizei Hagen\" href=\"https:\/\/www.presseportal.de\/blaulicht\/nr\/30835\" rel=\"nofollow noopener\" target=\"_blank\">Polizei Hagen<\/a>\n                    <\/p>\n<p>                                        <a href=\"https:\/\/www.facebook.com\/sharer.php?u=https%3A%2F%2Fwww.presseportal.de%2Fblaulicht%2Fpm%2F30835%2F6343161%2F%3Futm_source%3Dfacebook%26utm_medium%3Dsocial\" class=\"is-default story-sharing-facebook event-trigger\" title=\"Teilen \u00fcber Facebook\" data-event=\"sharing\" data-category=\"sharing\" data-action=\"click\" data-label=\"facebook\" data-url=\"https:\/\/www.facebook.com\/sharer.php?u=https%3A%2F%2Fwww.presseportal.de%2Fblaulicht%2Fpm%2F30835%2F6343161%2F%3Futm_source%3Dfacebook%26utm_medium%3Dsocial\" data-callback=\"popup\" aria-label=\"Teilen \u00fcber Facebook\" rel=\"nofollow noopener\" target=\"_blank\"><\/p>\n<p>        <\/a><br \/>\n                                        <a href=\"https:\/\/twitter.com\/intent\/tweet?text=POL-HA%3A%20Fortschreibung%3A%20Gemeinsame%20Presseerkl%C3%A4rung%20der%20Staatsanwaltschaft%20Essen%20und%20Polizei%20Hagen%20-%20tatverd%C3%A4chtiger%20Mann%20nach%20versuchtem%20T%C3%B6tungsdelikt%20in%20Hattingen%20vorl%C3%A4ufig%20festgenommen&amp;url=https%3A%2F%2Fwww.presseportal.de%2Fblaulicht%2Fpm%2F30835%2F6343161%2F%3Futm_source%3Dtwitter%26utm_medium%3Dsocial&amp;hashtags=ots&amp;lang=de\" class=\"is-default story-sharing-x event-trigger\" title=\"Teilen \u00fcber X\" style=\"color:black;font-size:45px\" data-event=\"sharing\" data-category=\"sharing\" data-action=\"click\" data-label=\"x\" data-url=\"https:\/\/twitter.com\/intent\/tweet?text=POL-HA%3A%20Fortschreibung%3A%20Gemeinsame%20Presseerkl%C3%A4rung%20der%20Staatsanwaltschaft%20Essen%20und%20Polizei%20Hagen%20-%20tatverd%C3%A4chtiger%20Mann%20nach%20versuchtem%20T%C3%B6tungsdelikt%20in%20Hattingen%20vorl%C3%A4ufig%20festgenommen&amp;url=https%3A%2F%2Fwww.presseportal.de%2Fblaulicht%2Fpm%2F30835%2F6343161%2F%3Futm_source%3Dtwitter%26utm_medium%3Dsocial&amp;hashtags=ots&amp;lang=de\" data-callback=\"popup\" aria-label=\"Teilen \u00fcber X\" rel=\"nofollow noopener\" target=\"_blank\"><\/p>\n<p>        <\/a><br \/>\n                                        <a href=\"https:\/\/web.whatsapp.com\/send?text=POL-HA%3A%20Fortschreibung%3A%20Gemeinsame%20Presseerkl%C3%A4rung%20der%20Staatsanwaltschaft%20Essen%20und%20Polizei%20Hagen%20-%20tatverd%C3%A4chtiger%20Mann%20nach%20versuchtem%20T%C3%B6tungsdelikt%20in%20Hattingen%20vorl%C3%A4ufig%20festgenommen%0A%0Ahttps%3A%2F%2Fwww.presseportal.de%2Fblaulicht%2Fpm%2F30835%2F6343161%2F%3Futm_source%3Dwhatsapp%26utm_medium%3Dsocial\" class=\"is-default story-sharing-whatsapp event-trigger\" title=\"Teilen \u00fcber WhatsApp\" data-event=\"sharing\" data-category=\"sharing\" data-action=\"click\" data-label=\"whatsapp\" data-url=\"https:\/\/web.whatsapp.com\/send?text=POL-HA%3A%20Fortschreibung%3A%20Gemeinsame%20Presseerkl%C3%A4rung%20der%20Staatsanwaltschaft%20Essen%20und%20Polizei%20Hagen%20-%20tatverd%C3%A4chtiger%20Mann%20nach%20versuchtem%20T%C3%B6tungsdelikt%20in%20Hattingen%20vorl%C3%A4ufig%20festgenommen%0A%0Ahttps%3A%2F%2Fwww.presseportal.de%2Fblaulicht%2Fpm%2F30835%2F6343161%2F%3Futm_source%3Dwhatsapp%26utm_medium%3Dsocial\" data-callback=\"popup\" aria-label=\"Teilen \u00fcber WhatsApp\" rel=\"nofollow noopener\" target=\"_blank\"><\/p>\n<p>        <\/a><br \/>\n                                        <a href=\"https:\/\/www.xing.com\/app\/user?op=share;url=https%3A%2F%2Fwww.presseportal.de%2Fblaulicht%2Fpm%2F30835%2F6343161%2F%3Futm_source%3Dxing%26utm_medium%3Dsocial\" class=\"is-default story-sharing-xing event-trigger\" title=\"Teilen \u00fcber Xing\" data-event=\"sharing\" data-category=\"sharing\" data-action=\"click\" data-label=\"xing\" data-url=\"https:\/\/www.xing.com\/app\/user?op=share;url=https%3A%2F%2Fwww.presseportal.de%2Fblaulicht%2Fpm%2F30835%2F6343161%2F%3Futm_source%3Dxing%26utm_medium%3Dsocial\" data-callback=\"popup\" aria-label=\"Teilen \u00fcber Xing\" rel=\"nofollow noopener\" target=\"_blank\"><\/p>\n<p>        <\/a><br \/>\n                                        <a href=\"https:\/\/www.linkedin.com\/shareArticle?mini=true&amp;url=https%3A%2F%2Fwww.presseportal.de%2Fblaulicht%2Fpm%2F30835%2F6343161%2F%3Futm_source%3Dlinkedin%26utm_medium%3Dsocial&amp;title=POL-HA%3A+Fortschreibung%3A+Gemeinsame+Presseerkl%C3%A4rung+der+Staatsanwaltschaft+Essen+und+Polizei+Hagen+-+tatverd%C3%A4chtiger+Mann+nach+versuchtem+T%C3%B6tungsdelikt+in+Hattingen+vorl%C3%A4ufig+festgenommen\" class=\"is-default story-sharing-linkedin event-trigger\" title=\"Teilen \u00fcber linkedin\" data-event=\"sharing\" data-category=\"sharing\" data-action=\"click\" data-label=\"linkedin\" data-url=\"https:\/\/www.linkedin.com\/shareArticle?mini=true&amp;url=https%3A%2F%2Fwww.presseportal.de%2Fblaulicht%2Fpm%2F30835%2F6343161%2F%3Futm_source%3Dlinkedin%26utm_medium%3Dsocial&amp;title=POL-HA%3A+Fortschreibung%3A+Gemeinsame+Presseerkl%C3%A4rung+der+Staatsanwaltschaft+Essen+und+Polizei+Hagen+-+tatverd%C3%A4chtiger+Mann+nach+versuchtem+T%C3%B6tungsdelikt+in+Hattingen+vorl%C3%A4ufig+festgenommen\" data-callback=\"popup\" aria-label=\"Teilen \u00fcber linkedin\" rel=\"nofollow noopener\" target=\"_blank\"><\/p>\n<p>        <\/a><br \/>\n                                        <a href=\"mailto:?subject=POL-HA%3A%20Fortschreibung%3A%20Gemeinsame%20Presseerkl%C3%A4rung%20der%20Staatsanwaltschaft%20Essen%20und%20Polizei%20Hagen%20-%20tatverd%C3%A4chtiger%20Mann%20nach%20versuchtem%20T%C3%B6tungsdelikt%20in%20Hattingen%20vorl%C3%A4ufig%20festgenommen&amp;body=https:\/\/www.presseportal.de\/blaulicht\/pm\/30835\/6343161\" class=\"is-default story-sharing-mailit event-trigger\" title=\"Senden\" data-event=\"sharing\" data-category=\"sharing\" data-action=\"click\" data-label=\"mailit\" data-url=\"mailto:?subject=POL-HA%3A%20Fortschreibung%3A%20Gemeinsame%20Presseerkl%C3%A4rung%20der%20Staatsanwaltschaft%20Essen%20und%20Polizei%20Hagen%20-%20tatverd%C3%A4chtiger%20Mann%20nach%20versuchtem%20T%C3%B6tungsdelikt%20in%20Hattingen%20vorl%C3%A4ufig%20festgenommen&amp;body=https:\/\/www.presseportal.de\/blaulicht\/pm\/30835\/6343161\" data-callback=\"link\" aria-label=\"Senden\"><\/p>\n<p>        <\/a><\/p>\n<p><a data-category=\"citylink-story-view\" data-action=\"click\" data-label=\"Citylink in Meldungsansicht\" class=\"story-city event-trigger\" href=\"https:\/\/www.presseportal.de\/regional\/Hattingen%252FHagen\" title=\"News aus Hattingen\/Hagen \" rel=\"nofollow noopener\" target=\"_blank\">Hattingen\/Hagen<\/a> (ots)<\/p>\n<p>Wie bereits berichtet, wurde ein 61-j\u00e4hriger Mann am Montagnachmittag (31.08.2026) in Hattingen Opfer eines versuchten T\u00f6tungsdeliktes (OTS: <a target=\"_blank\" class=\"uri-ext outbound\" rel=\"noopener nofollow\" href=\"https:\/\/www.presseportal.de\/blaulicht\/pm\/30835\/6343155\">https:\/\/www.presseportal.de\/blaulicht\/pm\/30835\/6343155<\/a>).<\/p>\n<p>Im Zuge der intensiven Ermittlungsarbeit durch die eingesetzte Mordkommission konnte im Verlauf des Einsatzes ein tatverd\u00e4chtiger Mann ermittelt werden. Es ergaben sich Hinweise darauf, dass sich dieser in einem Nachbarhaus aufh\u00e4lt. Da nicht ausgeschlossen werden konnte, dass der Mann bewaffnet ist, wurden Spezialeinsatzkr\u00e4fte angefordert. Diese konnten Kontakt zu dem Tatverd\u00e4chtigen herstellen und ihn schlie\u00dflich widerstandslos vor dem betroffenen Haus festnehmen.<\/p>\n<p>Der verletzte 61-J\u00e4hrige wird weiterhin in einer Spezialklinik behandelt. Sein Gesundheitszustand ist kritisch. Lebensgefahr kann nicht ausgeschlossen werden.<\/p>\n<p>Die Ermittlungen zu den Hintergr\u00fcnden der Tat dauern an. Weitere Ausk\u00fcnfte k\u00f6nnen zum aktuellen Zeitpunkt nicht gegeben werden. (rst)<\/p>\n<p class=\"contact-headline\">R\u00fcckfragen bitte an:<\/p>\n<p class=\"contact-text\">Polizei Hagen<br \/>Pressestelle<br \/>Telefon: 02331 986 15 15<br \/>E-Mail: <a href=\"https:\/\/www.presseportal.de\/blaulicht\/pm\/30835\/mailto:pressestelle.hagen@polizei.nrw.de\" class=\"uri-mailto\" rel=\"nofollow noopener\" target=\"_blank\">pressestelle.hagen@polizei.nrw.de<\/a><\/p>\n<p>Homepage: <a target=\"_blank\" class=\"uri-ext outbound\" rel=\"noopener nofollow\" href=\"https:\/\/hagen.polizei.nrw\">https:\/\/hagen.polizei.nrw<\/a><br \/>Facebook: <a target=\"_blank\" class=\"uri-ext outbound\" rel=\"noopener nofollow\" href=\"https:\/\/www.facebook.com\/Polizei.NRW.HA\">https:\/\/www.facebook.com\/Polizei.NRW.HA<\/a><br \/>X: <a target=\"_blank\" class=\"uri-ext outbound\" rel=\"noopener nofollow\" href=\"https:\/\/twitter.com\/polizei_nrw_ha\">https:\/\/twitter.com\/polizei_nrw_ha<\/a><br \/>Instagram: <a target=\"_blank\" class=\"uri-ext outbound\" rel=\"noopener nofollow\" href=\"http:\/\/www.instagram.de\/polizei.nrw.ha\">http:\/\/www.instagram.de\/polizei.nrw.ha<\/a><br \/>WhatsApp-Kanal: <a target=\"_blank\" class=\"uri-ext outbound\" rel=\"noopener nofollow\" href=\"https:\/\/url.nrw\/WhatsAppPolizeiNRWHagen\">https:\/\/url.nrw\/WhatsAppPolizeiNRWHagen<\/a><\/p>\n<p class=\"originator\">Original-Content von: Polizei Hagen, \u00fcbermittelt durch news aktuell<\/p>\n<p>                <script async src=\"https:\/\/platform.twitter.com\/widgets.js\" charset=\"utf-8\"><\/script><\/p>\n","protected":false},"excerpt":{"rendered":"31.08.2026 \u2013 22:03 Polizei Hagen Hattingen\/Hagen (ots) Wie bereits berichtet, wurde ein 61-j\u00e4hriger Mann am Montagnachmittag (31.08.2026) in&hellip;\n","protected":false},"author":2,"featured_media":1266941,"comment_status":"","ping_status":"","sticky":false,"template":"","format":"standard","meta":{"footnotes":"","_share_on_mastodon":"0"},"categories":[1834],"tags":[3364,29,3688,30,177,1209,176,121,178,180,179,181],"class_list":["post-1272439","post","type-post","status-publish","format-standard","has-post-thumbnail","category-essen","tag-de","tag-deutschland","tag-essen","tag-germany","tag-kriminalitt","tag-nordrhein-westfalen","tag-nrw","tag-polizei","tag-presse","tag-pressemeldung","tag-pressemitteilung","tag-pressemitteilungen"],"share_on_mastodon":{"url":"https:\/\/pubeurope.com\/@de\/117191981380429715","error":""},"_links":{"self":[{"href":"https:\/\/www.europesays.com\/de\/wp-json\/wp\/v2\/posts\/1272439","targetHints":{"allow":["GET"]}}],"collection":[{"href":"https:\/\/www.europesays.com\/de\/wp-json\/wp\/v2\/posts"}],"about":[{"href":"https:\/\/www.europesays.com\/de\/wp-json\/wp\/v2\/types\/post"}],"author":[{"embeddable":true,"href":"https:\/\/www.europesays.com\/de\/wp-json\/wp\/v2\/users\/2"}],"replies":[{"embeddable":true,"href":"https:\/\/www.europesays.com\/de\/wp-json\/wp\/v2\/comments?post=1272439"}],"version-history":[{"count":0,"href":"https:\/\/www.europesays.com\/de\/wp-json\/wp\/v2\/posts\/1272439\/revisions"}],"wp:featuredmedia":[{"embeddable":true,"href":"https:\/\/www.europesays.com\/de\/wp-json\/wp\/v2\/media\/1266941"}],"wp:attachment":[{"href":"https:\/\/www.europesays.com\/de\/wp-json\/wp\/v2\/media?parent=1272439"}],"wp:term":[{"taxonomy":"category","embeddable":true,"href":"https:\/\/www.europesays.com\/de\/wp-json\/wp\/v2\/categories?post=1272439"},{"taxonomy":"post_tag","embeddable":true,"href":"https:\/\/www.europesays.com\/de\/wp-json\/wp\/v2\/tags?post=1272439"}],"curies":[{"name":"wp","href":"https:\/\/api.w.org\/{rel}","templated":true}]}}