{"id":1272450,"date":"2026-08-31T20:27:25","date_gmt":"2026-08-31T20:27:25","guid":{"rendered":"https:\/\/www.europesays.com\/de\/1272450\/"},"modified":"2026-08-31T20:27:25","modified_gmt":"2026-08-31T20:27:25","slug":"duesseldorf-hexe-von-der-koe-soll-ein-wandbild-bekommen","status":"publish","type":"post","link":"https:\/\/www.europesays.com\/de\/1272450\/","title":{"rendered":"D\u00fcsseldorf: Hexe von der K\u00f6 soll ein Wandbild bekommen"},"content":{"rendered":"<p class=\"text_ohne_einzug richtext text-em-55 !leading-serif mx-6 desktop:mx-0\">Sie war kaum zu \u00fcbersehen, wenn man \u00fcber die Ostseite der K\u00f6nigsallee schlenderte. Viele Jahre lang, von 1995 bis zu ihrem Tod 2020, stand Angelika Tampier alias \u201eAngela Spook\u201c beinahe t\u00e4glich vor dem K\u00f6-Center, um sich dort als lebendige Statue zu pr\u00e4sentieren. Gekleidet in Schlapphut und schwarzen Mantel, mit einem Besen und einem Raben an ihrer Seite kannten viele Menschen die freischaffende K\u00fcnstlerin schlicht als \u201eHexe von der K\u00f6\u201c. Diese Rolle spielte sie allerdings in einer freundlichen Variante. Ein L\u00e4cheln bekamen nicht nur die zugeworfen, die eine M\u00fcnze in die Schale legten oder eines ihrer selbstgemalten Bildchen kauften.<\/p>\n","protected":false},"excerpt":{"rendered":"Sie war kaum zu \u00fcbersehen, wenn man \u00fcber die Ostseite der K\u00f6nigsallee schlenderte. Viele Jahre lang, von 1995&hellip;\n","protected":false},"author":2,"featured_media":1272451,"comment_status":"","ping_status":"","sticky":false,"template":"","format":"standard","meta":{"footnotes":"","_share_on_mastodon":"0"},"categories":[1831],"tags":[4740,195507,3364,29,3405,5972,30,72162,207446,1209,14227,262748,262749,28129,82008,67702],"class_list":["post-1272450","post","type-post","status-publish","format-standard","has-post-thumbnail","category-duesseldorf","tag-bekannten","tag-besen","tag-de","tag-deutschland","tag-duesseldorf","tag-gedenken","tag-germany","tag-hexe","tag-kannten","tag-nordrhein-westfalen","tag-statue","tag-tampier","tag-tampiers","tag-vogt","tag-wandbild","tag-weisse"],"share_on_mastodon":{"url":"https:\/\/pubeurope.com\/@de\/117192008905270928","error":""},"_links":{"self":[{"href":"https:\/\/www.europesays.com\/de\/wp-json\/wp\/v2\/posts\/1272450","targetHints":{"allow":["GET"]}}],"collection":[{"href":"https:\/\/www.europesays.com\/de\/wp-json\/wp\/v2\/posts"}],"about":[{"href":"https:\/\/www.europesays.com\/de\/wp-json\/wp\/v2\/types\/post"}],"author":[{"embeddable":true,"href":"https:\/\/www.europesays.com\/de\/wp-json\/wp\/v2\/users\/2"}],"replies":[{"embeddable":true,"href":"https:\/\/www.europesays.com\/de\/wp-json\/wp\/v2\/comments?post=1272450"}],"version-history":[{"count":0,"href":"https:\/\/www.europesays.com\/de\/wp-json\/wp\/v2\/posts\/1272450\/revisions"}],"wp:featuredmedia":[{"embeddable":true,"href":"https:\/\/www.europesays.com\/de\/wp-json\/wp\/v2\/media\/1272451"}],"wp:attachment":[{"href":"https:\/\/www.europesays.com\/de\/wp-json\/wp\/v2\/media?parent=1272450"}],"wp:term":[{"taxonomy":"category","embeddable":true,"href":"https:\/\/www.europesays.com\/de\/wp-json\/wp\/v2\/categories?post=1272450"},{"taxonomy":"post_tag","embeddable":true,"href":"https:\/\/www.europesays.com\/de\/wp-json\/wp\/v2\/tags?post=1272450"}],"curies":[{"name":"wp","href":"https:\/\/api.w.org\/{rel}","templated":true}]}}