{"id":1272454,"date":"2026-08-31T20:29:16","date_gmt":"2026-08-31T20:29:16","guid":{"rendered":"https:\/\/www.europesays.com\/de\/1272454\/"},"modified":"2026-08-31T20:29:16","modified_gmt":"2026-08-31T20:29:16","slug":"details-zum-klopp-besuch-beim-vfb-stuttgart-durchgesickert","status":"publish","type":"post","link":"https:\/\/www.europesays.com\/de\/1272454\/","title":{"rendered":"Details zum Klopp-Besuch beim VfB Stuttgart durchgesickert"},"content":{"rendered":"\n<p>Das erste Bundesliga-Wochenende als Bundestrainer liegt hinter J\u00fcrgen Klopp. Zwei Partien des deutschen Fu\u00dfball-Oberhauses verfolgte der 59-J\u00e4hrige live im Stadion, statte zudem dem FC Bayern und\u00a0Cheftrainer Vincent Kompany einen Besuch ab. Am Montag folgte dann eine Stippvisite beim VfB Stuttgart, wo gleich sieben potentielle Nationalspieler unter Vertrag stehen.<\/p>\n<p>Bereits am Freitag hatte\u00a0Bundestrainer J\u00fcrgen Klopp angek\u00fcndigt, am Montag nach Stuttgart reisen zu wollen, wo er sich nicht nur mit VfB-Coach Sebastian Hoene\u00df austauschen will, sondern neben arrivierten DFB-Spielern wie Deniz Undav auch einen programmierten Deb\u00fctanten wie Dzenan Pejcinovic n\u00e4her kennenlernen m\u00f6chte. &#8222;Ich habe ihm gesagt, dass wir uns treffen&#8220;, sagte Klopp in M\u00fcnchen \u00fcber den St\u00fcrmer aus der U21-Nationalelf.<\/p>\n<p>Laut &#8222;Bild&#8220; nahm der Nachfolger von Julian Nagelsmann gleich sieben Profis der Schwaben bei einer Trainingseinheit am Montag unter die Lupe. Demnach d\u00fcrfen sich neben den WM-Fahrern Deniz Undav,\u00a0Jamie Leweling und Angelo Stiller auch\u00a0Maximilian Mittelst\u00e4dt\u00a0und Chris F\u00fchrich Hoffnungen machen, wieder einmal in das DFB-Aufgebot f\u00fcr die Nations League berufen zu werden.<\/p>\n<p>Ein ganz besonderes Augenmerk der Trainer-Ikone von Borussia Dortmund lag zudem dem Bericht der Boulevardzeitung zufolge auch auf zwei Deb\u00fctanten. W\u00e4hrend zuletzt bereits heftig \u00fcber eine Nomierung von\u00a0Pejcinovic spekuliert wurde, scheint auch Innenverteidiger\u00a0Finn Jeltsch das Klopp-Interesse geweckt zu haben. Auch der 20-J\u00e4hrige war bislang &#8222;nur&#8220; f\u00fcr die U21-Auswahl nominiert worden.<\/p>\n<p>Pralles Bundesliga-Programm f\u00fcr J\u00fcrgen Klopp<\/p>\n<p>Klopp hatte sich bereits am Freitag das\u00a0Bundesliga-Er\u00f6ffnungsspiel zwischen dem FC Bayern und dem VfB Stuttgart (5:1) vor Ort angeschaut. Mit Stadion-Pr\u00e4senz, Vereinsbesuchen, Gespr\u00e4chen mit Trainern sowie etablierten wie neuen Nationalspielern nutzt der neue Bundestrainer bis zu seinem Nations-League-Deb\u00fct Ende September gegen die Niederlande die Zeit.<\/p>\n<p><a href=\"https:\/\/clk.tradedoubler.com\/click?p=297463&amp;a=3476224&amp;g=26030272\" target=\"_blank\" rel=\"nofollow noopener\"><img loading=\"lazy\" decoding=\"async\" border=\"0\" height=\"120\" src=\"https:\/\/www.europesays.com\/de\/wp-content\/uploads\/2026\/08\/1788185962_561_imp.gif\" width=\"300\"\/><\/a><\/p>\n<p>Am Samstag gab der 59-J\u00e4hrige\u00a0in M\u00fcnchen nach eineinhalb Jahren als Head of Global Soccer seinen Red-Bull-Ausstand. Am Sonntagnachmittag rundet Klopp bei der Bundesliga-Partie zwischen dem FC Augsburg und dem FC Schalke 04 das pralle Wochenendprogramm ab.<\/p>\n<p>Klopps Devise: &#8222;Ich versuche einfach, alle mitzunehmen auf dem Weg, den wir gehen wollen. Wir wollen, dass die Nationalmannschaft f\u00fcr die Vereine auch einen Mehrwert darstellt.&#8220;<\/p>\n<p>Unklar ist derweil noch, wie bedeutend\u00a0J\u00fcrgen Klopps personeller Schnitt nach der WM-Blamage ausfallen wird. Erst am 17. September, vier Tage vor dem Treffpunkt des Kaders im Stammquartier in Herzogenaurach, wird er sein erstes L\u00e4nderspiel-Aufgebot pr\u00e4sentieren. \u00a0<\/p>\n","protected":false},"excerpt":{"rendered":"Das erste Bundesliga-Wochenende als Bundestrainer liegt hinter J\u00fcrgen Klopp. Zwei Partien des deutschen Fu\u00dfball-Oberhauses verfolgte der 59-J\u00e4hrige live&hellip;\n","protected":false},"author":2,"featured_media":1272455,"comment_status":"","ping_status":"","sticky":false,"template":"","format":"standard","meta":{"footnotes":"","_share_on_mastodon":"0"},"categories":[1830],"tags":[1634,299,3364,29,347,30,4665,58092,965,863,1441,887,2915],"class_list":["post-1272454","post","type-post","status-publish","format-standard","has-post-thumbnail","category-stuttgart","tag-baden-wuerttemberg","tag-bundesliga","tag-de","tag-deutschland","tag-fussball","tag-germany","tag-juergen-klopp","tag-nations-league-a","tag-niederlande","tag-sport-allgemein","tag-stuttgart","tag-top-fussball","tag-vfb-stuttgart"],"share_on_mastodon":{"url":"https:\/\/pubeurope.com\/@de\/117192016914409256","error":""},"_links":{"self":[{"href":"https:\/\/www.europesays.com\/de\/wp-json\/wp\/v2\/posts\/1272454","targetHints":{"allow":["GET"]}}],"collection":[{"href":"https:\/\/www.europesays.com\/de\/wp-json\/wp\/v2\/posts"}],"about":[{"href":"https:\/\/www.europesays.com\/de\/wp-json\/wp\/v2\/types\/post"}],"author":[{"embeddable":true,"href":"https:\/\/www.europesays.com\/de\/wp-json\/wp\/v2\/users\/2"}],"replies":[{"embeddable":true,"href":"https:\/\/www.europesays.com\/de\/wp-json\/wp\/v2\/comments?post=1272454"}],"version-history":[{"count":0,"href":"https:\/\/www.europesays.com\/de\/wp-json\/wp\/v2\/posts\/1272454\/revisions"}],"wp:featuredmedia":[{"embeddable":true,"href":"https:\/\/www.europesays.com\/de\/wp-json\/wp\/v2\/media\/1272455"}],"wp:attachment":[{"href":"https:\/\/www.europesays.com\/de\/wp-json\/wp\/v2\/media?parent=1272454"}],"wp:term":[{"taxonomy":"category","embeddable":true,"href":"https:\/\/www.europesays.com\/de\/wp-json\/wp\/v2\/categories?post=1272454"},{"taxonomy":"post_tag","embeddable":true,"href":"https:\/\/www.europesays.com\/de\/wp-json\/wp\/v2\/tags?post=1272454"}],"curies":[{"name":"wp","href":"https:\/\/api.w.org\/{rel}","templated":true}]}}