{"id":1272478,"date":"2026-08-31T20:46:14","date_gmt":"2026-08-31T20:46:14","guid":{"rendered":"https:\/\/www.europesays.com\/de\/1272478\/"},"modified":"2026-08-31T20:46:14","modified_gmt":"2026-08-31T20:46:14","slug":"nach-anschlag-auf-csd-in-berlin-wie-weiter-beim-schutz-queerer-menschen","status":"publish","type":"post","link":"https:\/\/www.europesays.com\/de\/1272478\/","title":{"rendered":"Nach Anschlag auf CSD in Berlin: Wie weiter beim Schutz queerer Menschen?"},"content":{"rendered":"<p class=\"text_ohne_einzug richtext text-em-55 !leading-serif mx-6 desktop:mx-0\">Mehr als f\u00fcnf Wochen nach dem Terroranschlag auf den Christopher Street Day (CSD) in Berlin fordern zw\u00f6lf Gr\u00fcnen-Bundestagsabgeordnete entschlossenere Ma\u00dfnahmen zum Schutz queerer Menschen. Sie verlangen in einem gemeinsamen Papier, das unserer Redaktion vorliegt, unter anderem eine \u201eEinladung queerer Verb\u00e4nde in das Bundeskanzleramt\u201c, um verbindliche Ma\u00dfnahmen f\u00fcr den Schutz und die Sichtbarkeit queerer Menschen im Alltag zu vereinbaren. \u201eAngesichts der breiten Bedrohung durch Gewalt braucht es eine Offensive gegen Queerfeindlichkeit\u201c, hei\u00dft es weiter.<\/p>\n<p class=\"richtext text-em-55 !leading-serif mx-6 desktop:mx-0\">Bei dem Anschlag im Juli war am Rande des CSD ein 21-J\u00e4hriger mit einem Van in eine Menschengruppe gefahren. Eine Frau starb, 31 Menschen wurden teils schwer verletzt.<\/p>\n<p class=\"richtext text-em-55 !leading-serif mx-6 desktop:mx-0\">Zu den Forderungen der Gr\u00fcnen-Abgeordneten geh\u00f6rt auch, das Gleichbehandlungsgebot in Artikel 3 Absatz 3 des Grundgesetzes \u201eum den ausdr\u00fccklichen Schutz der \u201asexuellen Identit\u00e4t\u2018 zu erg\u00e4nzen\u201c. Sie warnen vor einer weiterhin realen islamistischen Bedrohung und vor zahlreichen, meist rechtsextremistisch motivierten Angriffen auf queeres Leben \u2013 etwa auf lesbische oder schwule Paare oder trans Personen auf offener Stra\u00dfe.<\/p>\n<p class=\"richtext text-em-55 !leading-serif mx-6 desktop:mx-0\">Gr\u00fcnen-Fraktionsvize Konstantin von Notz sagte unserer Redaktion, vor dem Anschlag habe es \u201eoffenkundig falsche Gef\u00e4hrdungseinsch\u00e4tzungen\u201c gegeben. Zudem gebe es \u201eerhebliche Fragen\u201c bez\u00fcglich der Weitergabe relevanter Informationen an die Gerichte und zur Zusammenarbeit der Beh\u00f6rden. Die <a href=\"https:\/\/rp-online.de\/thema\/bundesregierung\/\" rel=\"nofollow noopener\" target=\"_blank\">Bundesregierung<\/a> habe bei einer Sondersitzung des Bundestagsinnenausschusses am 4. August eine umfassende Aufkl\u00e4rung versprochen. \u201eDieses Versprechen h\u00e4lt sie bislang nicht ansatzweise ein\u201c, kritisierte von Notz. Die angek\u00fcndigte Chronologie der Tatabl\u00e4ufe, der sicherheitsrelevanten Erkenntnisse \u00fcber den Attent\u00e4ter und des Beh\u00f6rdenhandelns l\u00e4gen bis heute nicht vor. <\/p>\n<p class=\"richtext text-em-55 !leading-serif mx-6 desktop:mx-0\">Die stellvertretende Fraktionsvorsitzende Misbah Khan warf der Bundesregierung vor, queere Verb\u00e4nde nicht ausreichend einzubeziehen. \u201eWie kann es sein, dass einen Monat nach einem solchen Anschlag eine Kabinettsklausur stattfindet, der Schutz queeren Lebens dort aber keine Rolle spielt?\u201c, fragte sie. Zugleich kritisieren die Gr\u00fcnen geplante Einschnitte im Bundesprogramm \u201eDemokratie leben!\u201c Wer dabei die F\u00f6rderung von Vielfalt k\u00fcrze, statt sie auszubauen, \u201ehat aus dem erschreckenden Anschlag nichts gelernt\u201c, sagte Khan.<\/p>\n<p class=\"richtext text-em-55 !leading-serif mx-6 desktop:mx-0\">Die zust\u00e4ndige Bundesfamilienministerin Karin Prien (CDU) wies darauf hin, dass sie nach dem Anschlag auf den CSD entschieden habe, zus\u00e4tzlich f\u00fcnf Millionen Euro im Bereich der Extremismuspr\u00e4vention, der Deradikalisierungs-, Ausstiegs- und Distanzierungsarbeit bereitzustellen. Ab 2027 sollten zudem die Partnerschaften f\u00fcr Demokratie erg\u00e4nzende Schutzangebote f\u00fcr vulnerable Gruppen, auch aus der queeren Community, anbieten. \u201eVielfalt ist auch weiterhin ein Ziel unserer Arbeit, wenn es um den Schutz vor Diskriminierung geht\u201c, sagte Prien unserer Redaktion.<\/p>\n<p class=\"richtext text-em-55 !leading-serif mx-6 desktop:mx-0\">Mit dem queeren Jugendnetzwerk \u201eLambda\u201c, das in diesem Jahr mit knapp 380.000 Euro aus dem Kinder- und Jugendplan des Bundes gef\u00f6rdert wird, steht das Ministerium laut Prien im engen Austausch \u00fcber die F\u00f6rderung eines weiteren Modellprojekts im digitalen Raum. \u201eVielfalt, Pr\u00e4vention und Antidiskriminierung haben auch dank Lambda heute in der Kinder- und Jugendhilfe tiefe und breite Wurzeln geschlagen\u201c, betonte sie. <\/p>\n","protected":false},"excerpt":{"rendered":"Mehr als f\u00fcnf Wochen nach dem Terroranschlag auf den Christopher Street Day (CSD) in Berlin fordern zw\u00f6lf Gr\u00fcnen-Bundestagsabgeordnete&hellip;\n","protected":false},"author":2,"featured_media":1272479,"comment_status":"","ping_status":"","sticky":false,"template":"","format":"standard","meta":{"footnotes":"","_share_on_mastodon":"0"},"categories":[1825],"tags":[30546,296,29,30],"class_list":["post-1272478","post","type-post","status-publish","format-standard","has-post-thumbnail","category-berlin","tag-csd","tag-berlin","tag-deutschland","tag-germany"],"share_on_mastodon":{"url":"https:\/\/pubeurope.com\/@de\/117192084020201576","error":""},"_links":{"self":[{"href":"https:\/\/www.europesays.com\/de\/wp-json\/wp\/v2\/posts\/1272478","targetHints":{"allow":["GET"]}}],"collection":[{"href":"https:\/\/www.europesays.com\/de\/wp-json\/wp\/v2\/posts"}],"about":[{"href":"https:\/\/www.europesays.com\/de\/wp-json\/wp\/v2\/types\/post"}],"author":[{"embeddable":true,"href":"https:\/\/www.europesays.com\/de\/wp-json\/wp\/v2\/users\/2"}],"replies":[{"embeddable":true,"href":"https:\/\/www.europesays.com\/de\/wp-json\/wp\/v2\/comments?post=1272478"}],"version-history":[{"count":0,"href":"https:\/\/www.europesays.com\/de\/wp-json\/wp\/v2\/posts\/1272478\/revisions"}],"wp:featuredmedia":[{"embeddable":true,"href":"https:\/\/www.europesays.com\/de\/wp-json\/wp\/v2\/media\/1272479"}],"wp:attachment":[{"href":"https:\/\/www.europesays.com\/de\/wp-json\/wp\/v2\/media?parent=1272478"}],"wp:term":[{"taxonomy":"category","embeddable":true,"href":"https:\/\/www.europesays.com\/de\/wp-json\/wp\/v2\/categories?post=1272478"},{"taxonomy":"post_tag","embeddable":true,"href":"https:\/\/www.europesays.com\/de\/wp-json\/wp\/v2\/tags?post=1272478"}],"curies":[{"name":"wp","href":"https:\/\/api.w.org\/{rel}","templated":true}]}}