{"id":1272494,"date":"2026-08-31T20:57:21","date_gmt":"2026-08-31T20:57:21","guid":{"rendered":"https:\/\/www.europesays.com\/de\/1272494\/"},"modified":"2026-08-31T20:57:21","modified_gmt":"2026-08-31T20:57:21","slug":"sport-bild-award-fuer-uli-hoeness-stolz-bin-ich-schon-sport","status":"publish","type":"post","link":"https:\/\/www.europesays.com\/de\/1272494\/","title":{"rendered":"SPORT BILD-Award f\u00fcr Uli Hoene\u00df: \u201eStolz bin ich schon\u201c | Sport"},"content":{"rendered":"<p><a class=\"skip-content skip-content--link\" href=\"#in-content-skip-link-target-v-0-0\">TTS-Player \u00fcberspringen\u21b5<\/a><a id=\"in-content-skip-link-target-v-0-0\" class=\"skip-content--target-link-hidden skip-content skip-content--target-link\" href=\"#in-content-skip-link-target-v-0-0\">Artikel weiterlesen<\/a><\/p>\n<p><b>Standing Ovations und gro\u00dfe Emotionen beim SPORT BILD-Award! Die rund 700 G\u00e4ste in der Hamburger Fischauktionshalle erhoben sich am Montagabend f\u00fcr Bayerns Ehrenpr\u00e4sidenten Uli Hoene\u00df (74), der den Legenden-Award f\u00fcr sein Lebenswerk \u00fcberreicht bekam. Der Kabarettist Bruno Jonas (73) schloss seine Laudatio auf den Preistr\u00e4ger mit den Worten: \u201eWer ihn kennt, der mag ihn.\u201c<\/b><\/p>\n<p>Dann wurde es emotional. Hoene\u00df betrat die B\u00fchne und war sichtlich ger\u00fchrt. \u201eJa, um ehrlich zu sein: Stolz bin ich schon\u201c, sagte er im Gespr\u00e4ch mit Moderatorin Esther Sedlaczek und SPORT BILD-Chefredakteur Henning Feindt. \u201eDas war alles wirklich toll. Aber mein Hunger ist immer noch da. Und ich liebe Menschen, die hungrig sind. Ich bin aus ganz kleinen Verh\u00e4ltnissen, aus Ulm, aus der kleinen Metzgerei nach oben gekommen. Darauf bin ich stolz. Aber ich bin nicht derjenige, der sich was darauf einbildet und bin weiterhin bereit, alles zu tun, dass es so bleibt.\u201c<\/p>\n<p>Hoene\u00df zu Tr\u00e4nen ger\u00fchrt: Standing Ovations bei Legenden-Award<a class=\"anchor video-teaser__anchor\" href=\"https:\/\/www.bild.de\/sport\/hoeness-zu-traenen-geruehrt-standing-ovations-bei-legenden-award-6a95bfdd9452c5223822e823\" rel=\"nofollow noopener\" target=\"_blank\"><img decoding=\"async\" width=\"992\" height=\"558\" alt=\"\" loading=\"lazy\" src=\"https:\/\/www.europesays.com\/de\/wp-content\/uploads\/2026\/08\/80dc85c5a9e34f90afee790ad7bee7ec,837a4f3a.jpeg\"   class=\"landscape teaser__image\"\/><\/a><\/p>\n<p>Quelle: BILD31.08.2026<\/p>\n<p>Bei der Erinnerung an den Moment des deutschen WM-Triumphs 2014, als Bastian Schweinsteiger sich im TV-Interview an ihn wandte, kamen Hoene\u00df auf der B\u00fchne fast die Tr\u00e4nen. Hoene\u00df bewegt: \u201eDas war einer meiner emotionalsten Momente, die ich erlebt habe. Ich war ja auch im Gef\u00e4ngnis irgendwo. Ich hatte versucht, f\u00fcr einige Gefangene einen Gemeinschaftsraum zu organisieren, dass wir das Spiel sehen konnten, aber die Gef\u00e4ngnisleitung hat das abgelehnt. Dann lag ich ganz allein in meiner Zelle. Und dann sagt er sowas. Boah, ich habe geheult wie ein Schlosshund und das k\u00f6nnte ich heute noch.\u201c<\/p>\n<p>Mehr zum Thema<\/p>\n<p>Angesprochen auf die deutsche Nationalmannschaft und die WM in diesem Jahr fand Hoene\u00df anschlie\u00dfend deutliche Worte: \u201eAlso, dass die deutsche Mannschaft da in Amerika einen Betriebsausflug gemacht hat, das wissen wir ja alle. Und das darf nicht mehr sein. Die m\u00fcssen bereit sein, sich den Arsch aufzurei\u00dfen. Es kann nicht sein, dass da ein Familienausflug stattfindet mit Frau und Kindern. Ich glaube nicht, dass das bei J\u00fcrgen Klopp m\u00f6glich ist. Und deshalb glaube ich, dass J\u00fcrgen wieder Disziplin reinbringt.\u201c<\/p>\n<p>Verhandlungen laufen: Hainer gibt Vertrags-Updates zu Kane<a class=\"anchor video-teaser__anchor\" href=\"https:\/\/www.bild.de\/sport\/verhandlungen-laufen-hainer-gibt-vertrags-updates-zu-kane-6a9599a1e93222a77575ec33\" rel=\"nofollow noopener\" target=\"_blank\"><img decoding=\"async\" width=\"992\" height=\"558\" alt=\"\" loading=\"lazy\" src=\"https:\/\/www.europesays.com\/de\/wp-content\/uploads\/2026\/08\/dd23fd99b5a9e9793b586767f476a4bc-landscape,b6a82f2b.jpeg\"   class=\"landscape teaser__image\"\/><\/a><\/p>\n<p>Quelle: BILD31.08.2026<\/p>\n<p>Zudem w\u00fcnschte sich Hoene\u00df eine Wende in der Nachwuchsarbeit des deutschen Fu\u00dfballs: \u201eIch habe fr\u00fcher nach der Schule gekickt auf der Stra\u00dfe, bis meine Mutter uns bei Dunkelheit vom Platz geholt hat. Das gibt es doch heute gar nicht mehr. Und wir leben in einem Land, wo es den meisten sehr gut geht. Darin sehe ich die gr\u00f6\u00dfte Gefahr auch f\u00fcr unseren Fu\u00dfball. Denn wenn einer aus Brasilien kommt, wenn er aus Portugal kommt, wenn er aus Argentinien kommt, der will die soziale Leiter hochsteigen. Und wir m\u00fcssen wieder lernen, hart zu arbeiten, wenn wir Erfolg haben wollen. Das gilt nicht nur f\u00fcr die Fu\u00dfballer, sondern f\u00fcr das ganze Land.\u201c<\/p>\n<p>Die Preistr\u00e4ger des SPORT BILD-Awards 2026<\/p>\n<p>Legenden-Award: <b>Uli Hoene\u00df (74\/FC Bayern)<\/b><br \/>\nAufsteiger des Jahres: <b>FC Schalke 04 (Fu\u00dfball)<\/b><br \/>\nOlympia-Award: <b>Julia Taubitz (30\/Rodeln)<\/b><br \/>\nWeltmeister-Award: <b>Luke Littler (19\/Darts)<\/b><br \/>\nStar des Jahres: <b>Alexander Zverev (29\/Tennis)<\/b><br \/>\nFu\u00dfballstar des Jahres: <b>Harry Kane (33\/FC Bayern)<\/b><br \/>\nSonderpreis der Chefredaktion: <b>Leo Neugebauer (26\/Zehnkampf)<\/b><br \/>\nTV-Award: <b>Magenta TV<\/b><br \/>\nKids-Charity-Award: <b>All Inclusion Sports e.V.<\/b><\/p>\n","protected":false},"excerpt":{"rendered":"TTS-Player \u00fcberspringen\u21b5Artikel weiterlesen Standing Ovations und gro\u00dfe Emotionen beim SPORT BILD-Award! Die rund 700 G\u00e4ste in der Hamburger&hellip;\n","protected":false},"author":2,"featured_media":1272495,"comment_status":"","ping_status":"","sticky":false,"template":"","format":"standard","meta":{"footnotes":"","_share_on_mastodon":"0"},"categories":[136],"tags":[1263,29,538,458,30,14491,265,7657,1576],"class_list":["post-1272494","post","type-post","status-publish","format-standard","has-post-thumbnail","category-sport","tag-aufmacher-bereich","tag-deutschland","tag-erste-bundesliga","tag-fc-bayern-muenchen","tag-germany","tag-hoeness-uli","tag-sport","tag-sport-bild","tag-super-a-teaser"],"share_on_mastodon":{"url":"https:\/\/pubeurope.com\/@de\/117192129916643785","error":""},"_links":{"self":[{"href":"https:\/\/www.europesays.com\/de\/wp-json\/wp\/v2\/posts\/1272494","targetHints":{"allow":["GET"]}}],"collection":[{"href":"https:\/\/www.europesays.com\/de\/wp-json\/wp\/v2\/posts"}],"about":[{"href":"https:\/\/www.europesays.com\/de\/wp-json\/wp\/v2\/types\/post"}],"author":[{"embeddable":true,"href":"https:\/\/www.europesays.com\/de\/wp-json\/wp\/v2\/users\/2"}],"replies":[{"embeddable":true,"href":"https:\/\/www.europesays.com\/de\/wp-json\/wp\/v2\/comments?post=1272494"}],"version-history":[{"count":0,"href":"https:\/\/www.europesays.com\/de\/wp-json\/wp\/v2\/posts\/1272494\/revisions"}],"wp:featuredmedia":[{"embeddable":true,"href":"https:\/\/www.europesays.com\/de\/wp-json\/wp\/v2\/media\/1272495"}],"wp:attachment":[{"href":"https:\/\/www.europesays.com\/de\/wp-json\/wp\/v2\/media?parent=1272494"}],"wp:term":[{"taxonomy":"category","embeddable":true,"href":"https:\/\/www.europesays.com\/de\/wp-json\/wp\/v2\/categories?post=1272494"},{"taxonomy":"post_tag","embeddable":true,"href":"https:\/\/www.europesays.com\/de\/wp-json\/wp\/v2\/tags?post=1272494"}],"curies":[{"name":"wp","href":"https:\/\/api.w.org\/{rel}","templated":true}]}}