{"id":1272498,"date":"2026-08-31T21:00:20","date_gmt":"2026-08-31T21:00:20","guid":{"rendered":"https:\/\/www.europesays.com\/de\/1272498\/"},"modified":"2026-08-31T21:00:20","modified_gmt":"2026-08-31T21:00:20","slug":"clouddienst-gestoert-weltweite-stoerung-bei-microsoft-outlook-legt-e-mail-lahm","status":"publish","type":"post","link":"https:\/\/www.europesays.com\/de\/1272498\/","title":{"rendered":"Clouddienst gest\u00f6rt: Weltweite St\u00f6rung bei Microsoft Outlook legt E-Mail lahm"},"content":{"rendered":"<p class=\"paragraph article__item\">Ein gro\u00dffl\u00e4chiger Ausfall bei <a class=\"rtr-entity\" href=\"https:\/\/www.zeit.de\/thema\/microsoft\" rel=\"nofollow noopener\" target=\"_blank\">Microsoft<\/a> hat am Montagabend den E-Mail-Verkehr von Millionen Nutzern weltweit beeintr\u00e4chtigt. Betroffen sind sowohl Unternehmenskunden von Microsoft 365 als auch private Nutzer des E-Mail-Dienstes Outlook.\n<\/p>\n<p>Aktuelles<\/p>\n<p>                <a href=\"https:\/\/www.zeit.de\/digital\/datenschutz\/2026-08\/atlassian-software-ki-training-kunden-datenschutz\" data-ct-label=\"Atlassian: Wer zahlt, bleibt verschont\" data-uuid=\"a3d8003f-19c3-46ae-ae84-4807b517ae19\" rel=\"nofollow noopener\" target=\"_blank\"><\/p>\n<p>                        Atlassian:<br \/>\n                        Wer zahlt, bleibt verschont<\/p>\n<p>                <\/a><\/p>\n<p>                <a href=\"https:\/\/www.zeit.de\/arbeit\/2026-08\/ueberwachung-arbeitgeber-job-chef-computer\" data-ct-label=\"\u00dcberwachung durch den Arbeitgeber: Wenn die Chefin sieht, wie oft man tats\u00e4chlich YouTube guckt\" data-uuid=\"23a726fd-e1a1-40ea-b971-a9d9139f58de\" rel=\"nofollow noopener\" target=\"_blank\"><\/p>\n<p>        Z+ (abopflichtiger Inhalt);<\/p>\n<p>    \u00dcberwachung durch den Arbeitgeber:<br \/>\n                        Wenn die Chefin sieht, wie oft man tats\u00e4chlich YouTube guckt<\/p>\n<p>                <\/a><\/p>\n<p>                <a href=\"https:\/\/www.zeit.de\/wirtschaft\/2026-08\/elektro-lkw-busse-verkaeufe-china-icct-gxe\" data-ct-label=\"Elektromobilit\u00e4t: Weltweiter Absatz von E-Lkw und E-Bussen fast verdoppelt\" data-uuid=\"6f3a2462-bc1c-4893-b971-2f84bc8dc152\" rel=\"nofollow noopener\" target=\"_blank\"><\/p>\n<p>                        Elektromobilit\u00e4t:<br \/>\n                        Weltweiter Absatz von E-Lkw und E-Bussen fast verdoppelt<\/p>\n<p>                <\/a><\/p>\n<p class=\"paragraph article__item\">Wie der US-Softwarekonzern am Abend auf seinen offiziellen Statusseiten best\u00e4tigte, kommt es zu erheblichen Problemen beim Login sowie beim Empfang und Versand von E-Mails. Zahlreiche Anwender meldeten zudem, dass Postf\u00e4cher nicht mehr synchronisiert werden und die Anwendung einfriert.\n<\/p>\n<p>                        Fehler in der Cloud-Infrastruktur            <\/p>\n<p class=\"paragraph article__item\">Nach Angaben von Microsoft liegt die Ursache in der Cloud-Infrastruktur von Exchange Online. Ein Fehler in einer zentralen Authentifizierungs- und Verbindungskomponente verhindert demnach den ordnungsgem\u00e4\u00dfen Zugriff auf die Mailserver. Der Vorfall wird unter der internen Kennung EX1464935 gef\u00fchrt. Die Techniker des Konzerns haben nach eigenen Angaben Gegenma\u00dfnahmen eingeleitet und rollen derzeit schrittweise ein Update auf den betroffenen Servern aus, um die Dienste wiederherzustellen.\n<\/p>\n<p>                        Nutzer sollen keine \u00c4nderungen vornehmen            <\/p>\n<p class=\"paragraph article__item\">Auf St\u00f6rungsportalen wie Downdetector stieg die Zahl der Beschwerden binnen kurzer Zeit auf Zehntausende an. IT-Experten raten betroffenen Nutzern davon ab, lokale Einstellungen am Computer zu ver\u00e4ndern oder die Software neu zu installieren, da der Fehler rein serverseitig liege. Zudem sollten im Postausgang verbliebene E-Mails nicht wiederholt manuell abgesendet werden, um sp\u00e4tere Mehrfachzustellungen zu vermeiden.\n<\/p>\n<p class=\"paragraph article__item\">Wann der Dienst weltweit wieder vollst\u00e4ndig und ohne Einschr\u00e4nkungen zur Verf\u00fcgung steht, lie\u00df Microsoft zun\u00e4chst offen.\n<\/p>\n<p class=\"paragraph article__item\">\u00a9 dpa-infocom, dpa:260831-930-612026\/1<\/p>\n","protected":false},"excerpt":{"rendered":"Ein gro\u00dffl\u00e4chiger Ausfall bei Microsoft hat am Montagabend den E-Mail-Verkehr von Millionen Nutzern weltweit beeintr\u00e4chtigt. Betroffen sind sowohl&hellip;\n","protected":false},"author":2,"featured_media":1272499,"comment_status":"","ping_status":"","sticky":false,"template":"","format":"standard","meta":{"footnotes":"","_share_on_mastodon":"0"},"categories":[135],"tags":[1325,262754,29,30,199,8942,21149,15,190,189,3809,194,191,193,192],"class_list":["post-1272498","post","type-post","status-publish","format-standard","has-post-thumbnail","category-wissenschaft-technik","tag-ausfall","tag-clouddienst-gestoert","tag-deutschland","tag-germany","tag-microsoft","tag-microsoft-365","tag-microsoft-outlook","tag-news","tag-science","tag-science-technology","tag-stoerung","tag-technik","tag-technology","tag-wissenschaft","tag-wissenschaft-technik"],"share_on_mastodon":{"url":"https:\/\/pubeurope.com\/@de\/117192138668624827","error":""},"_links":{"self":[{"href":"https:\/\/www.europesays.com\/de\/wp-json\/wp\/v2\/posts\/1272498","targetHints":{"allow":["GET"]}}],"collection":[{"href":"https:\/\/www.europesays.com\/de\/wp-json\/wp\/v2\/posts"}],"about":[{"href":"https:\/\/www.europesays.com\/de\/wp-json\/wp\/v2\/types\/post"}],"author":[{"embeddable":true,"href":"https:\/\/www.europesays.com\/de\/wp-json\/wp\/v2\/users\/2"}],"replies":[{"embeddable":true,"href":"https:\/\/www.europesays.com\/de\/wp-json\/wp\/v2\/comments?post=1272498"}],"version-history":[{"count":0,"href":"https:\/\/www.europesays.com\/de\/wp-json\/wp\/v2\/posts\/1272498\/revisions"}],"wp:featuredmedia":[{"embeddable":true,"href":"https:\/\/www.europesays.com\/de\/wp-json\/wp\/v2\/media\/1272499"}],"wp:attachment":[{"href":"https:\/\/www.europesays.com\/de\/wp-json\/wp\/v2\/media?parent=1272498"}],"wp:term":[{"taxonomy":"category","embeddable":true,"href":"https:\/\/www.europesays.com\/de\/wp-json\/wp\/v2\/categories?post=1272498"},{"taxonomy":"post_tag","embeddable":true,"href":"https:\/\/www.europesays.com\/de\/wp-json\/wp\/v2\/tags?post=1272498"}],"curies":[{"name":"wp","href":"https:\/\/api.w.org\/{rel}","templated":true}]}}