{"id":1272508,"date":"2026-08-31T21:05:30","date_gmt":"2026-08-31T21:05:30","guid":{"rendered":"https:\/\/www.europesays.com\/de\/1272508\/"},"modified":"2026-08-31T21:05:30","modified_gmt":"2026-08-31T21:05:30","slug":"schande-montagsdemo-kritisiert-regenbogenflaggen-vorm-stadthaus-du-bist-halle","status":"publish","type":"post","link":"https:\/\/www.europesays.com\/de\/1272508\/","title":{"rendered":"\u201eSchande\u201c: Montagsdemo kritisiert Regenbogenflaggen vorm Stadthaus \u2013 Du bist Halle"},"content":{"rendered":"<p class=\"wp-block-paragraph\">Nachdem am vergangenen Samstag vor dem Stadthaus in Halle (Saale) als Zeichen f\u00fcr den Start der \u201ePride Weeks\u201c die Regenbogenflaggen gehisst wurden, nutzte die \u201eBewegung Halle\u201c ihre traditionelle Montagsdemonstration f\u00fcr scharfe Gegenproteste. Ein Redner auf dem Marktplatz bezeichnete die Beflaggung vor dem Rathaus \u00f6ffentlich als \u201eSchande\u201c.<\/p>\n<p>Werbung<\/p>\n<p><a href=\"https:\/\/www.saalesparkasse.de\/de\/home\/aktionen\/expertise-statt-ahnungen.html?n=true&amp;utm_source=affilinet&amp;utm_medium=affiliate&amp;utm_campaign=dubisthalle_expertise_2026\" target=\"_blank\" aria-label=\"dubisthalle_800x600_Hoerig\" rel=\"nofollow noopener\"><img loading=\"lazy\" decoding=\"async\" src=\"https:\/\/www.europesays.com\/de\/wp-content\/uploads\/2026\/06\/dubisthalle_800x600_Hoerig.jpg\" alt=\"\"   width=\"1067\" height=\"800\"\/><\/a><\/p>\n<p class=\"wp-block-paragraph\">Im Verlauf der Kundgebung richtete sich der Unmut der Teilnehmer vor allem gegen die Bundespolitik. Die Menge skandierte im Chor die Forderung \u201eMerz muss weg\u201c. Der Hauptredner betonte vor den Anwesenden unter anderem scherzhaft, wie wichtig es f\u00fcr ihn sei, ausreichend zu trinken, damit sein Gehirn wieder richtig laufe. Mit Blick auf kommende politische Weichenstellungen wie die Landtagswahlen in Sachsen-Anhalt erkl\u00e4rte er bestimmt: \u201eDie Altparteien haben verloren.\u201c<\/p>\n<p class=\"wp-block-paragraph\"><strong>Rhetorik gegen Energiewende, Medien und Ukraine<\/strong><\/p>\n<p class=\"wp-block-paragraph\">Neben der Kritik an den sogenannten \u201eAltparteien\u201c bedienten die Sprecherinnen und Sprecher das gewohnte Themenfeld der Gruppierung. Unter anderem war in den Beitr\u00e4gen von einer \u201everbrecherischen Energiewende\u201c, angeblichem \u201eKlimawahn\u201c, einer \u201ePolitmafia\u201c sowie mutma\u00dflicher \u201eMedienhetze gegen die AfD\u201c die Rede. Eine Rednerin warf der Bundesregierung vor, das Land gezielt zu zerst\u00f6ren: \u201eDiese Regierung schafft Deutschland ab und regiert es in Grund und Boden, treibt es in den Ruin.\u201c Bundeskanzler Friedrich Merz bezeichnete sie in diesem Zusammenhang als \u201earroganten L\u00fcgenkanzler\u201c.<\/p>\n<p class=\"wp-block-paragraph\">Auch der Krieg in der Ukraine nahm breiten Raum in den Reden ein. Die Bewegung, die in der Vergangenheit regelm\u00e4\u00dfig ihre N\u00e4he zu Russlands Machthaber Wladimir Putin zum Ausdruck brachte, griff dabei auf bekannte Narrative zur\u00fcck. Auf der Kundgebung war vor allem von \u201eFaschisten in der Ukraine\u201c die Rede, die es zu bek\u00e4mpfen gelte.<\/p>\n<p>Werbung<\/p>\n<p><a href=\"https:\/\/wahl.gruene-in-halle.de\/\" target=\"_blank\" aria-label=\"Wahlkampf _ DBH _ Quer \u2013 Final\" rel=\"nofollow noopener\"><img loading=\"lazy\" decoding=\"async\" src=\"https:\/\/www.europesays.com\/de\/wp-content\/uploads\/2026\/08\/Wahlkampf-_-DBH-_-Quer-Final.png\" alt=\"\"   width=\"728\" height=\"240\"\/><\/a><\/p>\n<p>Werbung<\/p>\n<p><a href=\"https:\/\/www.globus-baumarkt.de\/info\/markt\/bennstedt\/\" target=\"_blank\" aria-label=\"IMAGEANZEIGE_BENNSTEDT_JUNI26_800X600PX\" rel=\"nofollow noopener\"><img loading=\"lazy\" decoding=\"async\" src=\"https:\/\/www.europesays.com\/de\/wp-content\/uploads\/2026\/08\/IMAGEANZEIGE_BENNSTEDT_JUNI26_800X600PX.jpg\" alt=\"\"   width=\"800\" height=\"600\"\/><\/a>          <\/p>\n","protected":false},"excerpt":{"rendered":"Nachdem am vergangenen Samstag vor dem Stadthaus in Halle (Saale) als Zeichen f\u00fcr den Start der \u201ePride Weeks\u201c&hellip;\n","protected":false},"author":2,"featured_media":1080707,"comment_status":"","ping_status":"","sticky":false,"template":"","format":"standard","meta":{"footnotes":"","_share_on_mastodon":"0"},"categories":[1860],"tags":[3364,29,548,663,3934,30,4062,17332,13,14,15,17331,860,12],"class_list":["post-1272508","post","type-post","status-publish","format-standard","has-post-thumbnail","category-halle-saale","tag-de","tag-deutschland","tag-eu","tag-europa","tag-europe","tag-germany","tag-halle","tag-halle-saale","tag-headlines","tag-nachrichten","tag-news","tag-saale","tag-sachsen-anhalt","tag-schlagzeilen"],"share_on_mastodon":{"url":"https:\/\/pubeurope.com\/@de\/117192161318998285","error":""},"_links":{"self":[{"href":"https:\/\/www.europesays.com\/de\/wp-json\/wp\/v2\/posts\/1272508","targetHints":{"allow":["GET"]}}],"collection":[{"href":"https:\/\/www.europesays.com\/de\/wp-json\/wp\/v2\/posts"}],"about":[{"href":"https:\/\/www.europesays.com\/de\/wp-json\/wp\/v2\/types\/post"}],"author":[{"embeddable":true,"href":"https:\/\/www.europesays.com\/de\/wp-json\/wp\/v2\/users\/2"}],"replies":[{"embeddable":true,"href":"https:\/\/www.europesays.com\/de\/wp-json\/wp\/v2\/comments?post=1272508"}],"version-history":[{"count":0,"href":"https:\/\/www.europesays.com\/de\/wp-json\/wp\/v2\/posts\/1272508\/revisions"}],"wp:featuredmedia":[{"embeddable":true,"href":"https:\/\/www.europesays.com\/de\/wp-json\/wp\/v2\/media\/1080707"}],"wp:attachment":[{"href":"https:\/\/www.europesays.com\/de\/wp-json\/wp\/v2\/media?parent=1272508"}],"wp:term":[{"taxonomy":"category","embeddable":true,"href":"https:\/\/www.europesays.com\/de\/wp-json\/wp\/v2\/categories?post=1272508"},{"taxonomy":"post_tag","embeddable":true,"href":"https:\/\/www.europesays.com\/de\/wp-json\/wp\/v2\/tags?post=1272508"}],"curies":[{"name":"wp","href":"https:\/\/api.w.org\/{rel}","templated":true}]}}