{"id":1272509,"date":"2026-08-31T21:07:31","date_gmt":"2026-08-31T21:07:31","guid":{"rendered":"https:\/\/www.europesays.com\/de\/1272509\/"},"modified":"2026-08-31T21:07:31","modified_gmt":"2026-08-31T21:07:31","slug":"vg-aachen-schmerzen-nach-marsch-kein-dienstunfall","status":"publish","type":"post","link":"https:\/\/www.europesays.com\/de\/1272509\/","title":{"rendered":"VG Aachen: Schmerzen nach Marsch kein Dienstunfall"},"content":{"rendered":"<p>\t\t\t\t\t\t\t\t<strong><\/p>\n<p>Zw\u00f6lf Kilometer Marsch, 15 Kilogramm Gep\u00e4ck und anschlie\u00dfend Schmerzen im Fu\u00df: Die stellen nach dem VG Aachen keinen Dienstunfall dar. Das Gericht sah die Ursache in einer bestehenden Vorsch\u00e4digung.<\/p>\n<p><\/strong><\/p>\n<p>Schmerzen, die bei der Gelegenheit der Dienstaus\u00fcbung auftreten, stellen keinen Dienstunfall dar. Fu\u00dfschmerzen nach einem Zw\u00f6lf-Kilometer-Marsch erkannte das <a href=\"https:\/\/www.lto.de\/gerichte\/aktuelle-urteile-und-adresse\/verwaltungsgericht-aachen\" target=\"_blank\" class=\"external-link-new-window\" rel=\"nofollow noopener\">Verwaltungsgericht (VG) Aachen<\/a> daher im Fall eines Bediensteten der Bundeswehr nicht als solchen an (Urt. v. 31.08.2026, Az. 1 K 2337\/25).<\/p>\n<p>Der 1974 geborene Beamte leidet an verschiedenen \u00e4rztlich diagnostizierten Erkrankungen seiner F\u00fc\u00dfe. Dennoch nahm er im Juli 2024 im Rahmen der Ausbildung zum Geoinformationstechniker an einem Marsch \u00fcber zw\u00f6lf Kilometer mit 15 Kilogramm Gep\u00e4ck teil. Das Konzept war an einen Pflichtmarsch der Bundeswehr angelehnt. Gegen Ende des Marsches versp\u00fcrte der damals 50-J\u00e4hrige Schmerzen im Bereich des rechten Fu\u00dfes. Ein Orthop\u00e4de diagnostizierte eine Metatarsalgie, also Schmerzen im Mittelfu\u00df. Der Kl\u00e4ger beantragte die Anerkennung des Ereignisses als Dienstunfall.\u00a0<\/p>\n<p>Das lehnte der Dienstherr ab. Die Schmerzen unterl\u00e4gen nicht der Dienstunfallf\u00fcrsorge. Zudem sei die diagnostizierte Metatarsalgie durch die bereits bestehenden Vorsch\u00e4digungen der F\u00fc\u00dfe verursacht worden.<\/p>\n<p>Vorsch\u00e4digung ist die wesentliche Ursache<\/p>\n<p>Dieser Argumentation folgte das VG und wies die Klage auf Anerkennung als Dienstunfall ab. Gem. \u00a7 31 Abs. 1 Beamtenversorgungsgesetz ist ein Dienstunfall &#8222;ein auf \u00e4u\u00dferer Einwirkung beruhendes, pl\u00f6tzliches, \u00f6rtlich und zeitlich bestimmbares, einen K\u00f6rperschaden verursachendes Ereignis, das in Aus\u00fcbung des Dienstes eingetreten ist&#8220;. Voraussetzung ist damit unter anderem ein urs\u00e4chlicher Zusammenhang zwischen dem Unfallereignis und dem eingetretenen K\u00f6rperschaden.<\/p>\n<p>An dieser Kausalit\u00e4t habe es jedoch gefehlt, so der Vorsitzende Richter in seiner m\u00fcndlichen Urteilsbegr\u00fcndung. Urs\u00e4chlich im Sinne des Dienstunfallrechts seien nur solche Bedingungen, die wegen ihrer besonderen Beziehung zum Schaden an dessen Eintritt mitgewirkt h\u00e4tten. Keine Ursache sei dagegen eine rein zuf\u00e4llige Beziehung zwischen Dienst und Schaden. Zuf\u00e4llig sei die Beziehung dann, wenn eine krankhafte Veranlagung oder das anlagebedingte Leiden so leicht ansprechbar sei, dass zur Ausl\u00f6sung akuter Erscheinungen auch ein anderes allt\u00e4gliches Ereignis gen\u00fcgt h\u00e4tte.\u00a0<\/p>\n<p>Im vorliegenden Fall sei die Metatarsalgie durch die bestehenden Vorsch\u00e4digungen der F\u00fc\u00dfe verursacht worden und lediglich &#8222;bei Gelegenheit des Marsches&#8220; aufgetreten. Die Schmerzen h\u00e4tten ebenso bei einer anderen allt\u00e4glichen k\u00f6rperlichen Bet\u00e4tigung auftreten k\u00f6nnen, so das Gericht.\u00a0<\/p>\n<p>Gegen das Urteil kann die Zulassung der Berufung beantragt werden. \u00dcber die Zulassung entscheidet das Oberverwaltungsgericht f\u00fcr das Land Nordrhein-Westfalen in M\u00fcnster.<\/p>\n<p>sim\/LTO-Redaktion<\/p>\n<p>Zitiervorschlag<\/p>\n<p id=\"citeArticleContent\">\n<p>\t\t\t\t\tVG Aachen auf Klage eines Bundeswehr-Bediensteten:<\/p>\n<p>\t\t\t\t\t. In: Legal Tribune Online,<br \/>\n\t\t\t\t\t31.08.2026<br \/>\n\t\t\t\t\t, https:\/\/www.lto.de\/persistent\/a_id\/60762 (abgerufen am:<br \/>\n\t\t\t\t\t31.08.2026<br \/>\n\t\t\t\t\t)\n\t\t\t\t<\/p>\n<p>\t\t\t\tKopieren<br \/>\n\t\t\t\t<a href=\"https:\/\/www.lto.de\/rechtliches\/zitierhinweise\" rel=\"nofollow noopener\" target=\"_blank\">Infos zum Zitiervorschlag<\/a><\/p>\n","protected":false},"excerpt":{"rendered":"Zw\u00f6lf Kilometer Marsch, 15 Kilogramm Gep\u00e4ck und anschlie\u00dfend Schmerzen im Fu\u00df: Die stellen nach dem VG Aachen keinen&hellip;\n","protected":false},"author":2,"featured_media":1272510,"comment_status":"","ping_status":"","sticky":false,"template":"","format":"standard","meta":{"footnotes":"","_share_on_mastodon":"0"},"categories":[1853],"tags":[1424,590,1011,3364,29,548,663,3934,30,1014,13,1015,14,15,1209,1009,1012,1010,1013,12],"class_list":["post-1272509","post","type-post","status-publish","format-standard","has-post-thumbnail","category-aachen","tag-aachen","tag-aktuell","tag-branchennews","tag-de","tag-deutschland","tag-eu","tag-europa","tag-europe","tag-germany","tag-gesetzgebung","tag-headlines","tag-justiz","tag-nachrichten","tag-news","tag-nordrhein-westfalen","tag-recht","tag-rechtsinformationen","tag-rechtsnews","tag-rechtsprechung","tag-schlagzeilen"],"share_on_mastodon":{"url":"","error":""},"_links":{"self":[{"href":"https:\/\/www.europesays.com\/de\/wp-json\/wp\/v2\/posts\/1272509","targetHints":{"allow":["GET"]}}],"collection":[{"href":"https:\/\/www.europesays.com\/de\/wp-json\/wp\/v2\/posts"}],"about":[{"href":"https:\/\/www.europesays.com\/de\/wp-json\/wp\/v2\/types\/post"}],"author":[{"embeddable":true,"href":"https:\/\/www.europesays.com\/de\/wp-json\/wp\/v2\/users\/2"}],"replies":[{"embeddable":true,"href":"https:\/\/www.europesays.com\/de\/wp-json\/wp\/v2\/comments?post=1272509"}],"version-history":[{"count":0,"href":"https:\/\/www.europesays.com\/de\/wp-json\/wp\/v2\/posts\/1272509\/revisions"}],"wp:featuredmedia":[{"embeddable":true,"href":"https:\/\/www.europesays.com\/de\/wp-json\/wp\/v2\/media\/1272510"}],"wp:attachment":[{"href":"https:\/\/www.europesays.com\/de\/wp-json\/wp\/v2\/media?parent=1272509"}],"wp:term":[{"taxonomy":"category","embeddable":true,"href":"https:\/\/www.europesays.com\/de\/wp-json\/wp\/v2\/categories?post=1272509"},{"taxonomy":"post_tag","embeddable":true,"href":"https:\/\/www.europesays.com\/de\/wp-json\/wp\/v2\/tags?post=1272509"}],"curies":[{"name":"wp","href":"https:\/\/api.w.org\/{rel}","templated":true}]}}