{"id":1272511,"date":"2026-08-31T21:09:19","date_gmt":"2026-08-31T21:09:19","guid":{"rendered":"https:\/\/www.europesays.com\/de\/1272511\/"},"modified":"2026-08-31T21:09:19","modified_gmt":"2026-08-31T21:09:19","slug":"17-almabtrieb-in-kleinern-lockt-gaeste-aus-kiel-osnabrueck-und-koeln","status":"publish","type":"post","link":"https:\/\/www.europesays.com\/de\/1272511\/","title":{"rendered":"17. Almabtrieb in Kleinern lockt G\u00e4ste aus Kiel, Osnabr\u00fcck und K\u00f6ln"},"content":{"rendered":"<ol class=\"id-DonaldBreadcrumb lp_west_breadcrumb id-DonaldBreadcrumb--default\" data-k5a-pos=\"west_breadcrumb\">\n<li class=\"id-Breadcrumb-item\"><a href=\"https:\/\/www.hna.de\/\" class=\"id-Breadcrumb-link\" data-id-ec=\"{\" shn=\"\" textlink=\"\" data-k5a-pos=\"1_startseite\" rel=\"nofollow noopener\" target=\"_blank\">Startseite<\/a><\/li>\n<li class=\"id-Breadcrumb-item\"><a href=\"https:\/\/www.hna.de\/lokales\/\" class=\"id-Breadcrumb-link\" data-id-ec=\"{\" shn=\"\" textlink=\"\" data-k5a-pos=\"2_lokales\" rel=\"nofollow noopener\" target=\"_blank\">Lokales<\/a><\/li>\n<li class=\"id-Breadcrumb-item\"><a href=\"https:\/\/www.hna.de\/lokales\/frankenberg\/\" class=\"id-Breadcrumb-link\" data-id-ec=\"{\" shn=\"\" textlink=\"\" data-k5a-pos=\"3_frankenberg\" rel=\"nofollow noopener\" target=\"_blank\">Frankenberg<\/a><\/li>\n<li class=\"id-Breadcrumb-item\"><a href=\"https:\/\/www.hna.de\/lokales\/frankenberg\/edertal-ort91316\/\" class=\"id-Breadcrumb-link\" data-id-ec=\"{\" shn=\"\" textlink=\"\" data-k5a-pos=\"4_edertal\" rel=\"nofollow noopener\" target=\"_blank\">Edertal<\/a><\/li>\n<\/ol>\n<p class=\"id-Story-timestamp id-Story-timestamp--default\">Stand: 31.08.2026, 18:00 Uhr<\/p>\n<p class=\"id-Story-interactionBar id-Story-interactionBar--default\">DruckenTeilen<\/p>\n<p><a href=\"https:\/\/profile.google.com\/cp\/CgovbS8wMjdscHNrGgA\" class=\"id-Story-googleFollowButton id-Story-googleFollowButton--default\" target=\"_blank\" data-id-ec=\"{\" shn=\"\" google-follow=\"\" auf=\"\" google=\"\" folgen=\"\" rel=\"nofollow noopener\">Uns auf Google folgen<\/a><img decoding=\"async\" class=\"id-RatioPlaceholder-element wv_story_el_image\" src=\"https:\/\/www.europesays.com\/de\/wp-content\/uploads\/2026\/08\/43918624-lederhosen-und-dirndl-gehoeren-zum-guten-ton-beim-almabtrieb-kleinern-107a.jpg\" loading=\"eager\" fetchpriority=\"high\"   height=\"792\" width=\"1408\" alt=\"Publikum in Tracht beim Almabtrieb Kleinern 2026\"\/>Lederhosen und Dirndl geh\u00f6rten zum guten Ton. \u00a9\u00a0Sabine Degenhardt<\/p>\n<p class=\"id-StoryElement-leadText\">Zahlreiche Besucher s\u00e4umten die Bergstra\u00dfe, als geschm\u00fcckte K\u00fche, K\u00e4lber und Ziegen von der \u201eLoiser Alm&#8220; ins Tal gef\u00fchrt wurden. Einige G\u00e4ste waren extra aus Norddeutschland angereist.<\/p>\n<p class=\"id-StoryElement-paragraph\">Kleinern \u2013 Den traditionellen Almabtrieb lie\u00dfen sich zahlreiche G\u00e4ste bei strahlendem Sp\u00e4tsommerwetter nicht entgehen. Z\u00fcnftig gekleidet in Dirndl und Lederhose s\u00e4umten sie die Bergstra\u00dfe in Kleinern, als die buntgeschm\u00fcckten K\u00fche und K\u00e4lber und auch einige Ziegen von der \u201eLoiser Alm\u201c hinab ins Tal gef\u00fchrt wurden.<\/p>\n<p><img decoding=\"async\" class=\"id-RatioPlaceholder-element wv_story_el_image\" src=\"https:\/\/www.europesays.com\/de\/wp-content\/uploads\/2026\/08\/43918631-ein-fest-fuer-alle-generationen-RqBG.jpg\" loading=\"lazy\"   height=\"825\" width=\"1100\" alt=\"Almabtrieb Kleinern 2026\"\/>Ein Fest f\u00fcr alle Generationen, das ist der Almabtrieb. \u00a9\u00a0Foto: Sabine Degenhardt<\/p>\n<p class=\"id-StoryElement-paragraph\">F\u00fcr ein rundum gelungenes Fest hatten die Alten Kirmesv\u00e4ter gesorgt. \u201eWir freuen uns sehr, dass wieder so viele G\u00e4ste aus nah und fern zu unserem 17. Almabtrieb gekommen sind\u201c, sagte Jens Althoff vom Vorstand. Einige seien aus Kiel, Osnabr\u00fcck und K\u00f6ln angereist. Die G\u00e4ste konnten an diesem Nachmittag aber nicht nur die herausgeputzten K\u00fche mit den Glocken bestaunen, sie wurden dabei und auch anschlie\u00dfend musikalisch vom Musikverein Ungedanken mit b\u00f6hmischer Blasmusik unterhalten.<\/p>\n<p class=\"id-StoryElement-paragraph\">Das kulinarische Angebot lie\u00df an diesem Tag keine W\u00fcnsche offen: sei es die obligatorische Haxn, ein Leberk\u00e4s oder K\u00e4sspatzen. Aber auch Germkn\u00f6del wurden gern verspeist. Dazu rundeten ein K\u00f6nig Ludwig Weissbier oder ein Wein mit Brezn das leckere Essen ab. Im Dorfgemeinschaftshaus wartete ein \u00fcberaus reichhaltiges Torten- und Kuchenbuffet, an dem sich lange Schlangen bildeten. Die flei\u00dfigen Helfer hatten alle H\u00e4nde voll zu tun. Und bei den G\u00e4sten konnte man immer wieder in strahlende, zufriedene Gesichter blicken.<\/p>\n<p class=\"id-StoryElement-paragraph\">Am Morgen war das Fest mit einem Gottesdienst gestartet, dem sich ein Fr\u00fchschoppen mit den \u201eWirtshausmusikanten anschloss. Das Duo \u201eMitano\u201c unterhielt die G\u00e4ste am sp\u00e4ten Nachmittag. (Sabine Degenhardt)<\/p>\n<p class=\"id-StoryElement-paragraph\"><a href=\"https:\/\/www.hna.de\/lokales\/frankenberg\/edertal-ort91316\/impressionen-vom-kleinerner-almabtrieb-2026-94468106.html\" class=\"id-import-Link\" data-id-ec=\"{&quot;sht&quot;:&quot;Container&quot;,&quot;shn&quot;:&quot;Story&quot;,&quot;p&quot;:{&quot;containerType&quot;:&quot;Paragraph&quot;,&quot;displayType&quot;:&quot;Paragraph InlineLink&quot;,&quot;type&quot;:&quot;INLINE_LINK&quot;,&quot;value&quot;:&quot;Weitere Bilder vom Almabtrieb gibt&#xB4;s hier.&quot;,&quot;variant&quot;:&quot;standardLink&quot;,&quot;sponsored&quot;:false,&quot;linkHref&quot;:&quot;https:\/\/www.hna.de\/lokales\/frankenberg\/edertal-ort91316\/impressionen-vom-kleinerner-almabtrieb-2026-94468106.html&quot;,&quot;storyElementPosition&quot;:16,&quot;storyElementCount&quot;:16}}\" rel=\"nofollow noopener\" target=\"_blank\">Weitere Bilder vom Almabtrieb gibt\u00b4s hier.<\/a><\/p>\n","protected":false},"excerpt":{"rendered":"Startseite Lokales Frankenberg Edertal Stand: 31.08.2026, 18:00 Uhr DruckenTeilen Uns auf Google folgenLederhosen und Dirndl geh\u00f6rten zum guten&hellip;\n","protected":false},"author":2,"featured_media":1272512,"comment_status":"","ping_status":"","sticky":false,"template":"","format":"standard","meta":{"footnotes":"","_share_on_mastodon":"0"},"categories":[1852],"tags":[3364,29,548,663,3934,30,13,4949,14,15,12,1971],"class_list":["post-1272511","post","type-post","status-publish","format-standard","has-post-thumbnail","category-kiel","tag-de","tag-deutschland","tag-eu","tag-europa","tag-europe","tag-germany","tag-headlines","tag-kiel","tag-nachrichten","tag-news","tag-schlagzeilen","tag-schleswig-holstein"],"share_on_mastodon":{"url":"https:\/\/pubeurope.com\/@de\/117192177051211120","error":""},"_links":{"self":[{"href":"https:\/\/www.europesays.com\/de\/wp-json\/wp\/v2\/posts\/1272511","targetHints":{"allow":["GET"]}}],"collection":[{"href":"https:\/\/www.europesays.com\/de\/wp-json\/wp\/v2\/posts"}],"about":[{"href":"https:\/\/www.europesays.com\/de\/wp-json\/wp\/v2\/types\/post"}],"author":[{"embeddable":true,"href":"https:\/\/www.europesays.com\/de\/wp-json\/wp\/v2\/users\/2"}],"replies":[{"embeddable":true,"href":"https:\/\/www.europesays.com\/de\/wp-json\/wp\/v2\/comments?post=1272511"}],"version-history":[{"count":0,"href":"https:\/\/www.europesays.com\/de\/wp-json\/wp\/v2\/posts\/1272511\/revisions"}],"wp:featuredmedia":[{"embeddable":true,"href":"https:\/\/www.europesays.com\/de\/wp-json\/wp\/v2\/media\/1272512"}],"wp:attachment":[{"href":"https:\/\/www.europesays.com\/de\/wp-json\/wp\/v2\/media?parent=1272511"}],"wp:term":[{"taxonomy":"category","embeddable":true,"href":"https:\/\/www.europesays.com\/de\/wp-json\/wp\/v2\/categories?post=1272511"},{"taxonomy":"post_tag","embeddable":true,"href":"https:\/\/www.europesays.com\/de\/wp-json\/wp\/v2\/tags?post=1272511"}],"curies":[{"name":"wp","href":"https:\/\/api.w.org\/{rel}","templated":true}]}}