{"id":1272515,"date":"2026-08-31T21:12:24","date_gmt":"2026-08-31T21:12:24","guid":{"rendered":"https:\/\/www.europesays.com\/de\/1272515\/"},"modified":"2026-08-31T21:12:24","modified_gmt":"2026-08-31T21:12:24","slug":"hertha-dreht-verruecktes-patzer-festival-gegen-braunschweig","status":"publish","type":"post","link":"https:\/\/www.europesays.com\/de\/1272515\/","title":{"rendered":"Hertha dreht verr\u00fccktes Patzer-Festival gegen Braunschweig"},"content":{"rendered":"<p>            <img loading=\"lazy\" decoding=\"async\" class=\"ts-image\" src=\"https:\/\/www.europesays.com\/de\/wp-content\/uploads\/2026\/08\/braunschweig-hertha-eigentor-100.jpg\" alt=\"Braunschweigs Kevin Ehlers (r.) erzielt ein Eigentor gegen Hertha BSC\" title=\"Braunschweigs Kevin Ehlers (r.) erzielt ein Eigentor gegen Hertha BSC | IMAGO \/ Jan Huebner\"\/><\/p>\n<p class=\"metatextline\">Stand: 31.08.2026 \u2022 00:00 Uhr<\/p>\n<p class=\"article-head__shorttext\">\n        <strong>Ein Traumtor, ein Eigentor, ein unn\u00f6tiger Foulelfmeter und jede Menge Abwehrfehler: Hertha BSC hat gegen Eintracht Braunschweig auch das dritte Spiel in der 2. Fu\u00dfball-Bundesliga gewonnen &#8211; und das obwohl sich Berlin mehrfach selbst ein Bein stellte. Beim 3:5 (2:2) am Freitag in Braunschweig gab es kaum Zeit zum Durchschnaufen.<\/strong>\n    <\/p>\n<p class=\"textabsatz m-ten m-offset-one l-eight l-offset-two columns twelve\">Yann Sturm bestrafte einen b\u00f6sen Patzer von Niklas Kolbe zum 1:0 (10. Minute), bevor Verteidiger Kevin Ehlers zum 2:0 (33.) f\u00fcr Braunschweig erh\u00f6hte. J\u00f3n Dagur Thorsteinsson (44.) und Josip Brekalo (45.+4) glichen mit einem Doppelschlag kurz vor der Pause f\u00fcr die G\u00e4ste aus.<\/p>\n<p class=\"textabsatz m-ten m-offset-one l-eight l-offset-two columns twelve\">Ein Eigentor von Eintracht-Torsch\u00fctze Ehlers (53.) und ein verwandelter Foulelfmeter von Brekalo sorgten schlie\u00dflich f\u00fcr die Entscheidung. Herthas Oluwaseun Adeyumi (87.) und Braunschweigs Fabio Di Michele Sanchez (88.) machten noch die Treffer zum 3:5-Endstand.<\/p>\n<ul class=\"buttongroup buttongroup--copytext\">\n<li class=\"buttongroup__item\">\n<p>    <a class=\"btn btn--text btn--standard-secondary btn--fullwidth\" href=\"https:\/\/www.sportschau.de\/live-und-ergebnisse\/fussball\/deutschland-2-bundesliga\/ma12194017\/eintracht-braunschweig_hertha-bsc\/liveticker\" rel=\"nofollow noopener\" target=\"_blank\"><br \/>\n        Live-Ticker zum Nachlesen<\/p>\n<p>  Pfeil rechts<\/p>\n<p>    <\/a>\n<\/li>\n<li class=\"buttongroup__item\">\n<p>    <a class=\"btn btn--text btn--standard-secondary btn--fullwidth\" href=\"https:\/\/www.sportschau.de\/live-und-ergebnisse\/fussball\/deutschland-2-bundesliga\/se122075\/2026-2027\/ro321383\/spieltag\/md3\/spiele-und-ergebnisse\" rel=\"nofollow noopener\" target=\"_blank\"><br \/>\n        3. Spieltag<\/p>\n<p>  Pfeil rechts<\/p>\n<p>    <\/a>\n<\/li>\n<\/ul>\n<p>    Herthas Leitl: &#8222;Ein Spiel, das keiner verstanden hat&#8220;<\/p>\n<p class=\"textabsatz m-ten m-offset-one l-eight l-offset-two columns twelve\">Hertha BSC ist damit der perfekte Saisonstart gegl\u00fcckt. Mit drei Siegen in der Liga und dem Einzug in die zweite Pokalrunde sind die ersten vier Wochen der neuen Saison deutlich besser verlaufen, als man es nach den zahlreichen Abg\u00e4ngen wichtiger Leistungstr\u00e4ger h\u00e4tte erwarten k\u00f6nnen.<\/p>\n<p class=\"textabsatz m-ten m-offset-one l-eight l-offset-two columns twelve\">&#8222;Die Ergebnisse passen, aber viel mehr ist die Art und Weise, wie meine Jungs spielen, hervorzuheben&#8220;, sagte Herthas Trainer Stefan Leitl nach Abpfiff im Sportschau-Interview. &#8222;In einem Spiel, das keiner verstanden hat, waren wir sehr dominant. Es war ein verdienter Sieg.&#8220;<\/p>\n<p>    Hertha l\u00e4dt Braunschweig zu zwei Treffern ein<\/p>\n<p class=\"textabsatz m-ten m-offset-one l-eight l-offset-two columns twelve\">Nach einem eigentlich starken Start ins Spiel machte sich die Hertha aber erstmal fr\u00fch das Leben selbst schwer. Der sonst so sichere Innenverteidiger Niklas Kolbe hatte erst Schwierigkeiten bei einer Ballannahme und spielte den Ball dann, \u00fcberrascht vom Braunschweiger Pressing, in den Fu\u00df von Sturm. Der Neuzugang nahm den Berliner Lieferservice dankend an, blieb vorm Tor gelassen und schlenzte den Ball unhaltbar an Marius Gersbeck vorbei zum 1:0 rein.<\/p>\n<p class=\"textabsatz m-ten m-offset-one l-eight l-offset-two columns twelve\">Es war der erste R\u00fcckstand f\u00fcr Hertha in dieser Saison und die Reaktion darauf fiel d\u00fcrftig aus. Der Spielfluss war dahin und im eigenen Strafraum wurde es immer gef\u00e4hrlicher. In der 27. Minute war Sturm wieder im Eins-gegen-Eins mit Herthas Keeper gefordert, traf diesmal aber die falsche Entscheidung. Mit einem Haken lie\u00df er Gersbeck zwar links liegen, scheiterte aber im Strafraum-Chaos nach zu langem Dribbling am auf der Linie verteidigenden Julian Eitschberger.<\/p>\n<p class=\"textabsatz m-ten m-offset-one l-eight l-offset-two columns twelve\">Nur sechs Minuten sp\u00e4ter durfte sich dann Ehlers bei einem Eckball dar\u00fcber freuen, direkt vorm Tor vollkommen ungest\u00f6rt zum Kopfball zu kommen. Er erh\u00f6hte ohne Probleme zum 2:0 f\u00fcr die Braunschweiger.<\/p>\n<p class=\"absatzbild__info__text\">\n                        Stand vorm 2:0 vollkommen alleine in der Luft: Kevin Ehlers\n                    <\/p>\n<p>    Berliner Doppelpack noch vor der Pause<\/p>\n<p class=\"textabsatz m-ten m-offset-one l-eight l-offset-two columns twelve\">Thorsteinsson lie\u00df die 2.200 mitgereisten Hertha-Fans mit seinem kompromisslosen Schuss ins Torwarteck &#8211; den Keeper Ron Thorben Hoffmann durchaus h\u00e4tte halten k\u00f6nnen &#8211; dann aber vor der Pause nochmal aufhorchen (44.). Und die hatten direkt danach gleich nochmal Grund zum Jubel: Wer zu fr\u00fch seinen Platz f\u00fcr die Halbzeitpause verlassen hatte, verpasste das Tor des Abends.<\/p>\n<p class=\"textabsatz m-ten m-offset-one l-eight l-offset-two columns twelve\">Thorsteinsson schaltete nach einer Braunschweiger Ecke am schnellsten und schickte Brekalo ins Duell mit Mehmet Aydin. Dem fehlte es an Koordination und so verhaspelte sich der Eintracht-Verteidiger bei der Ballannahme und lie\u00df Brekalo alleine aufs Tor zu laufen. Der weit aufger\u00fcckte Hoffmann sprintete zur\u00fcck in seinen Kasten &#8211; aber zu sp\u00e4t: Brekalo gelang ein genialer Schuss aus knapp 40 Metern mit viel Effet um Hoffmann herum zum 2:2-Pausenstand.<\/p>\n<p class=\"absatzbild__info__text\">\n                        Herthas Josip Brekalo (3. v. l.) bejubelt seinen ersten Treffer gegen Braunschweig\n                    <\/p>\n<p>    Zweite Halbzeit zwischen Braunschweig und Hertha bleibt kunterbunt<\/p>\n<p class=\"textabsatz m-ten m-offset-one l-eight l-offset-two columns twelve\">Nach der Pause standen wieder Brekalo und Thorsteinsson im Mittelpunkt. Brekalo spielte einen starken Steilpass auf Thorsteinsson, der vom rechten Fl\u00fcgel in die Mitte flankte. Ehlers musste dazwischen, war auch da &#8211; bugsierte die Kugel aber ungelenk ins eigene Tor (53.). Eine Viertelstunde sp\u00e4ter hielt Lino Tempel vollkommen unn\u00f6tig Kolbe bei einer Ecke fest und wurde mit einem Elfmeter bestraft. Brekalo verwandelte sicher zum 4:2 und sorgte so f\u00fcr die Entscheidung.<\/p>\n<p class=\"absatzbild__info__text\">\n                        Herthas Josip Brekalo (3. v. l.) bejubelt einen Treffer gegen Braunschweig\n                    <\/p>\n<p class=\"textabsatz m-ten m-offset-one l-eight l-offset-two columns twelve\">Der eingewechselte Adewumi erh\u00f6hte mit seinem zweiten Jokertor der Saison zwischenzeitlich sogar auf 5:2 (87.), aber Braunschweig sprach in diesem verr\u00fcckten Spiel das letzte Wort: Der ebenfalls eingewechselte Di Michele Sanchez sorgte wenige Sekunden sp\u00e4ter f\u00fcr den 3:5-Endstand.<\/p>\n<p>    Braunschweig in Osnabr\u00fcck, Hertha gegen Magdeburg<\/p>\n<p class=\"textabsatz m-ten m-offset-one l-eight l-offset-two columns twelve\">F\u00fcr Hertha geht es n\u00e4chste Woche am Sonntagmittag mit einem Heimspiel gegen den 1. FC Magdeburg weiter (13.30 Uhr). Braunschweig ist zeitgleich beim punktgleichen VfL Osnabr\u00fcck zu Gast.<\/p>\n<ul class=\"buttongroup buttongroup--copytext\">\n<li class=\"buttongroup__item\">\n<p>    <a class=\"btn btn--text btn--standard-secondary btn--fullwidth\" href=\"https:\/\/calovo.de\/f\/sportschau\/eintracht-braunschweig\" rel=\"nofollow noopener\" target=\"_blank\"><br \/>\n        Eintracht Braunschweig f\u00fcr Ihren Kalender<\/p>\n<p>  Pfeil rechts<\/p>\n<p>    <\/a>\n<\/li>\n<li class=\"buttongroup__item\">\n<p>    <a class=\"btn btn--text btn--standard-secondary btn--fullwidth\" href=\"https:\/\/calovo.de\/f\/sportschau\/hertha-bsc\" rel=\"nofollow noopener\" target=\"_blank\"><br \/>\n        Hertha BSC f\u00fcr Ihren Kalender<\/p>\n<p>  Pfeil rechts<\/p>\n<p>    <\/a>\n<\/li>\n<\/ul>\n","protected":false},"excerpt":{"rendered":"Stand: 31.08.2026 \u2022 00:00 Uhr Ein Traumtor, ein Eigentor, ein unn\u00f6tiger Foulelfmeter und jede Menge Abwehrfehler: Hertha BSC&hellip;\n","protected":false},"author":2,"featured_media":1272516,"comment_status":"","ping_status":"","sticky":false,"template":"","format":"standard","meta":{"footnotes":"","_share_on_mastodon":"0"},"categories":[1850],"tags":[621,6429,3364,29,8704,548,663,3934,347,30,13,1088,14,15,1411,12],"class_list":["post-1272515","post","type-post","status-publish","format-standard","has-post-thumbnail","category-braunschweig","tag-2-bundesliga","tag-braunschweig","tag-de","tag-deutschland","tag-eintracht-braunschweig","tag-eu","tag-europa","tag-europe","tag-fussball","tag-germany","tag-headlines","tag-hertha-bsc","tag-nachrichten","tag-news","tag-niedersachsen","tag-schlagzeilen"],"share_on_mastodon":{"url":"https:\/\/pubeurope.com\/@de\/117192187477076095","error":""},"_links":{"self":[{"href":"https:\/\/www.europesays.com\/de\/wp-json\/wp\/v2\/posts\/1272515","targetHints":{"allow":["GET"]}}],"collection":[{"href":"https:\/\/www.europesays.com\/de\/wp-json\/wp\/v2\/posts"}],"about":[{"href":"https:\/\/www.europesays.com\/de\/wp-json\/wp\/v2\/types\/post"}],"author":[{"embeddable":true,"href":"https:\/\/www.europesays.com\/de\/wp-json\/wp\/v2\/users\/2"}],"replies":[{"embeddable":true,"href":"https:\/\/www.europesays.com\/de\/wp-json\/wp\/v2\/comments?post=1272515"}],"version-history":[{"count":0,"href":"https:\/\/www.europesays.com\/de\/wp-json\/wp\/v2\/posts\/1272515\/revisions"}],"wp:featuredmedia":[{"embeddable":true,"href":"https:\/\/www.europesays.com\/de\/wp-json\/wp\/v2\/media\/1272516"}],"wp:attachment":[{"href":"https:\/\/www.europesays.com\/de\/wp-json\/wp\/v2\/media?parent=1272515"}],"wp:term":[{"taxonomy":"category","embeddable":true,"href":"https:\/\/www.europesays.com\/de\/wp-json\/wp\/v2\/categories?post=1272515"},{"taxonomy":"post_tag","embeddable":true,"href":"https:\/\/www.europesays.com\/de\/wp-json\/wp\/v2\/tags?post=1272515"}],"curies":[{"name":"wp","href":"https:\/\/api.w.org\/{rel}","templated":true}]}}