{"id":1272517,"date":"2026-08-31T21:14:17","date_gmt":"2026-08-31T21:14:17","guid":{"rendered":"https:\/\/www.europesays.com\/de\/1272517\/"},"modified":"2026-08-31T21:14:17","modified_gmt":"2026-08-31T21:14:17","slug":"so-war-das-konzert-von-giovanni-zarrella-am-schloss-rheydt","status":"publish","type":"post","link":"https:\/\/www.europesays.com\/de\/1272517\/","title":{"rendered":"So war das Konzert von Giovanni Zarrella am Schloss Rheydt"},"content":{"rendered":"<p class=\"text_ohne_einzug richtext text-em-55 !leading-serif mx-6 desktop:mx-0\">Bevor sie die bunt angestrahlte Schloss-B\u00fchne betreten, bilden sie einen Kreis, der ihnen ein homogenes Gef\u00fchl von Zusammenhalt und Gemeinschaft gibt. \u201eForza ragazzi\u201c, rufen sie laut, was soviel bedeutet wie \u201eKommt, Leute, raus mit uns\u201c. Der Ruf ist so laut, dass die Zuschauer in der N\u00e4he des B\u00fchnenaufgangs ihn h\u00f6ren k\u00f6nnen. Sieben Musiker und zwei Background-S\u00e4ngerinnen machen den Anfang. Dann erscheint er im hellen Anzug: Ex-\u201eBro\u2019Sis\u201c-S\u00e4nger und Fernsehmoderator Giovanni Zarrella. Viele H\u00e4nde gehen hoch als er fragt, wer ihn am Vorabend noch im Fernsehen gesehen hat. \u201eEine italienische Sommernacht\u201c hei\u00dft sein Auftritt bei der Sommermusik am <a href=\"https:\/\/rp-online.de\/thema\/schloss-rheydt\/\" rel=\"nofollow noopener\" target=\"_blank\">Schloss Rheydt<\/a>, der rund zweieinhalb Stunden dauert, ihm keine Pause l\u00e4sst und Veranstalter G\u00fcnter vom Dorp einen weiteren restlos ausverkauften Konzertabend beschert, den letzten der aktuellen Open-Air-Reihe.<\/p>\n<p>Konzert mit Hits aus Deutschland und Italien      <\/p>\n<p class=\"richtext text-em-55 !leading-serif mx-6 desktop:mx-0\">Giovanni Zarrella, der 48-j\u00e4hrige Sohn eines Pizzab\u00e4ckers aus dem baden-w\u00fcrttembergischen Hechingen, betrachtet das altehrw\u00fcrdige Gem\u00e4uer, die festlich angestrahlten B\u00e4ume, das erwartungsvolle Publikum \u2013 und ist sofort begeistert: \u201eEine wundersch\u00f6ne Location. Ich war hier noch nie.\u201c Seine Fans, die er zum Teil pers\u00f6nlich kennt, weil sie ihm von Auftritt zu Auftritt folgen, haben Flaggen und F\u00e4hnchen in den Farben seines Heimatlandes <a href=\"https:\/\/rp-online.de\/thema\/italien\/\" rel=\"nofollow noopener\" target=\"_blank\">Italien<\/a> mitgebracht.<\/p>\n<p class=\"richtext text-em-55 !leading-serif mx-6 desktop:mx-0\">\u201eLasciatemi cantare\u201c, die einschl\u00e4gige Liedzeile aus Toto Cutugnos Ohrwurm \u201eL\u2019Italiano\u201c, sorgt daf\u00fcr, dass die Stimmung direkt auf dem H\u00f6hepunkt ist. Die abwechslungsreiche Mischung aus eigenen St\u00fccken, bekannten Hits aus Deutschland und Italien sowie der unverwechselbare Charme des beliebten Entertainers, der den Damen im Publikum einzelne rote Rosen schenkt, kommt gut an. Zu vorger\u00fcckter Stunde dann der wohl emotionalste Moment f\u00fcr Zuschauer und Giovanni Zarrella selbst: Er hat seinen Vater Bruno mitgebracht und bittet ihn f\u00fcr ein gemeinsames Duett auf die B\u00fchne. Schnell wird klar, von wem er sein musikalisches Talent geerbt hat. Papa Bruno, der Pizzab\u00e4cker aus Hechingen, genie\u00dft den Auftritt sichtlich, nickt, als sein Sohn Giovanni stolz von der bevorstehenden Goldhochzeit mit Mama Clementina erz\u00e4hlt und sich an seine Kindheit erinnert, als der Vater f\u00fcr Stammg\u00e4ste sang und in die Gitarrensaiten griff: \u201eDie T\u00fcr hat er immer abgeschlossen, damit das Ordnungsamt nicht reinkam\u201c, sagt Giovanni Zarrella lachend.<\/p>\n<p>Einblicke in neues Album \u201eMy Italian Songbook\u201c      <\/p>\n<p class=\"richtext text-em-55 !leading-serif mx-6 desktop:mx-0\">F\u00fcr den 48-J\u00e4hrigen ist der Tag selbst besonders: Genau 21 Jahre ist er mit S\u00e4ngerin und Moderatorin Jana Ina verheiratet, wie er berichtet. \u201eWir hatten auch schwere Jahre\u201c, r\u00e4umt er ein und berichtet den Zuschauern von dem Loch, in das er gefallen sei, als sich die Band Bro\u2019Sis trennte und er erst einmal nicht genau gewusst habe, wie es weitergehen sollte \u2013 und ob seine Solokarriere funktionieren w\u00fcrde. Drei Jahre voller Selbstzweifel und Existenz\u00e4ngste, seien das gewesen.<\/p>\n<p class=\"richtext text-em-55 !leading-serif mx-6 desktop:mx-0\">Doch diese Zeit ist vorbei. An diesem Abend in Rheydt vermittelt Zarrella dem Publikum ein Gef\u00fchl von Dolce Vita und Bella Italia. Seine selbst gew\u00e4hlte Ausgabe umschreibt er so: \u201eIch m\u00f6chte Sie alle gl\u00fccklicher nach Hause schicken, als Sie hierher gekommen sind.\u201c Und er fordert dazu auf, laut zu lachen, mitzutanzen und mitzusingen. Nenas Erfolgshit \u201eIrgendwie, irgendwo, irgendwann\u201c singt er auf Italienisch und Deutsch. Dann k\u00fcndigt er an, Schloss Rheydt vor\u00fcbergehend in eine italienische Diskothek zu verwandeln, als er seinen eigenen Schlagerhit aus dem vergangenen Jahr (\u201eLa discoteca italiana\u201c) pr\u00e4sentiert. Zarrella singt \u201eOhne dich\u201c von der M\u00fcnchener Freiheit in italienischer Sprache und \u201eMamma Maria\u201c von Ricchi e Poveri. Und er gew\u00e4hrt einen kurzen Einblick in sein neues Album, das eigene Songs sowie bekannte Melodien beinhalten soll. \u201eMy Italian Songbook\u201c soll das Werk hei\u00dfen.<\/p>\n<p>Giovanni Zarrella mit Familie in Rheydt      <\/p>\n<p class=\"richtext text-em-55 !leading-serif mx-6 desktop:mx-0\">Und dann holt Giovanni Zarrella einen weiteren \u00dcberraschungsgast auf die B\u00fchne. Denn der zweifache Vater hat seine halbe Familie mit nach Rheydt gebracht. Sein Bruder Stefano, 13 Jahre j\u00fcnger als er und frisch zur\u00fcck von <a href=\"https:\/\/rp-online.de\/nrw\/staedte\/duisburg\/stefan-raab-in-duisburg-ralf-schumacher-verletzt-sich-auf-jetski_aid-153943519\" rel=\"nofollow noopener\" target=\"_blank\">Stefan Raabs Jetski-WM<\/a>, setzt gekonnt zum legend\u00e4ren Moonwalk an, als der \u00e4ltere Bruder f\u00fcr einige Minuten mit den G\u00e4sten eine Zeitreise zur\u00fcck in die eigene Jugend unternimmt und \u201eBillie Jean\u201c anstimmt. Als Michael-Jackson-Fan beklebte Zarrella den Fernseher mit Stickern des inzwischen verstorbenen K\u00fcnstlers, wie er augenzwinkernd gesteht. Bei den Zugaben steht wieder Papa Bruno Zarrella mit auf der B\u00fchne.<\/p>\n","protected":false},"excerpt":{"rendered":"Bevor sie die bunt angestrahlte Schloss-B\u00fchne betreten, bilden sie einen Kreis, der ihnen ein homogenes Gef\u00fchl von Zusammenhalt&hellip;\n","protected":false},"author":2,"featured_media":1272518,"comment_status":"","ping_status":"","sticky":false,"template":"","format":"standard","meta":{"footnotes":"","_share_on_mastodon":"0"},"categories":[1849],"tags":[26693,12690,128884,76893,96,262755,3364,29,548,663,3934,30,13720,13,19167,4455,14,15,1209,29330,2270,1911,25722,12,13597,215834],"class_list":["post-1272517","post","type-post","status-publish","format-standard","has-post-thumbnail","category-moenchengladbach","tag-abgeschlossen","tag-auftritt","tag-bro","tag-bruno","tag-buehne","tag-buehnenaufgangs","tag-de","tag-deutschland","tag-eu","tag-europa","tag-europe","tag-germany","tag-giovanni-zarrella","tag-headlines","tag-hechingen","tag-moenchengladbach","tag-nachrichten","tag-news","tag-nordrhein-westfalen","tag-rheydt","tag-saenger","tag-saengerin","tag-saengerinnen","tag-schlagzeilen","tag-schloss","tag-sis"],"share_on_mastodon":{"url":"","error":""},"_links":{"self":[{"href":"https:\/\/www.europesays.com\/de\/wp-json\/wp\/v2\/posts\/1272517","targetHints":{"allow":["GET"]}}],"collection":[{"href":"https:\/\/www.europesays.com\/de\/wp-json\/wp\/v2\/posts"}],"about":[{"href":"https:\/\/www.europesays.com\/de\/wp-json\/wp\/v2\/types\/post"}],"author":[{"embeddable":true,"href":"https:\/\/www.europesays.com\/de\/wp-json\/wp\/v2\/users\/2"}],"replies":[{"embeddable":true,"href":"https:\/\/www.europesays.com\/de\/wp-json\/wp\/v2\/comments?post=1272517"}],"version-history":[{"count":0,"href":"https:\/\/www.europesays.com\/de\/wp-json\/wp\/v2\/posts\/1272517\/revisions"}],"wp:featuredmedia":[{"embeddable":true,"href":"https:\/\/www.europesays.com\/de\/wp-json\/wp\/v2\/media\/1272518"}],"wp:attachment":[{"href":"https:\/\/www.europesays.com\/de\/wp-json\/wp\/v2\/media?parent=1272517"}],"wp:term":[{"taxonomy":"category","embeddable":true,"href":"https:\/\/www.europesays.com\/de\/wp-json\/wp\/v2\/categories?post=1272517"},{"taxonomy":"post_tag","embeddable":true,"href":"https:\/\/www.europesays.com\/de\/wp-json\/wp\/v2\/tags?post=1272517"}],"curies":[{"name":"wp","href":"https:\/\/api.w.org\/{rel}","templated":true}]}}