{"id":1272523,"date":"2026-08-31T21:18:13","date_gmt":"2026-08-31T21:18:13","guid":{"rendered":"https:\/\/www.europesays.com\/de\/1272523\/"},"modified":"2026-08-31T21:18:13","modified_gmt":"2026-08-31T21:18:13","slug":"batnight-in-friedberg","status":"publish","type":"post","link":"https:\/\/www.europesays.com\/de\/1272523\/","title":{"rendered":"Batnight in Friedberg"},"content":{"rendered":"<p style=\"text-align:left;\">Von Brigitte Glas<\/p>\n<p><strong>Friedberg \u2013 <\/strong>Ein lauer Sommerabend, das historische Wittelsbacher Schloss und geheimnisvolle Flugk\u00fcnstler am n\u00e4chtlichen Himmel: Die Batnight in Friedberg bot den Besucherinnen und Besuchern ein besonderes Naturerlebnis. <\/p>\n<p>Annette Wagner vom Landesbund f\u00fcr Vogel- und Naturschutz begr\u00fc\u00dfte an die 70 Leute jeden Alters zu einer F\u00fchrung zu den Flederm\u00e4usen rund um das Schloss. Zun\u00e4chst erz\u00e4hlte die Expertin viel Wissenswertes \u00fcber das Leben und Verhalten der Flederm\u00e4use. Weltweit gibt es etwa 4000 Arten. In Bayern leben 25 davon. Und alle sind in ihrem Bestand gef\u00e4hrdet. Der&#8230;<\/p>\n<p>Weiterlesen mit<\/p>\n<p>                                                                                <img decoding=\"async\" src=\"https:\/\/www.europesays.com\/de\/wp-content\/uploads\/2025\/04\/donaukurier-plus.png\" alt=\"Plus-Logo\" class=\"paywall-image\"\/><\/p>\n<p class=\"text-center\">\n            Sie sind bereits registriert oder Plus-Abonnent?<\/p>\n<p>                Hier anmelden<\/p>\n","protected":false},"excerpt":{"rendered":"Von Brigitte Glas Friedberg \u2013 Ein lauer Sommerabend, das historische Wittelsbacher Schloss und geheimnisvolle Flugk\u00fcnstler am n\u00e4chtlichen Himmel:&hellip;\n","protected":false},"author":2,"featured_media":1272524,"comment_status":"","ping_status":"","sticky":false,"template":"","format":"standard","meta":{"footnotes":"","_share_on_mastodon":"0"},"categories":[1846],"tags":[680,772,3364,29,548,663,3934,30,13,14,15,12],"class_list":["post-1272523","post","type-post","status-publish","format-standard","has-post-thumbnail","category-augsburg","tag-augsburg","tag-bayern","tag-de","tag-deutschland","tag-eu","tag-europa","tag-europe","tag-germany","tag-headlines","tag-nachrichten","tag-news","tag-schlagzeilen"],"share_on_mastodon":{"url":"https:\/\/pubeurope.com\/@de\/117192209714005091","error":""},"_links":{"self":[{"href":"https:\/\/www.europesays.com\/de\/wp-json\/wp\/v2\/posts\/1272523","targetHints":{"allow":["GET"]}}],"collection":[{"href":"https:\/\/www.europesays.com\/de\/wp-json\/wp\/v2\/posts"}],"about":[{"href":"https:\/\/www.europesays.com\/de\/wp-json\/wp\/v2\/types\/post"}],"author":[{"embeddable":true,"href":"https:\/\/www.europesays.com\/de\/wp-json\/wp\/v2\/users\/2"}],"replies":[{"embeddable":true,"href":"https:\/\/www.europesays.com\/de\/wp-json\/wp\/v2\/comments?post=1272523"}],"version-history":[{"count":0,"href":"https:\/\/www.europesays.com\/de\/wp-json\/wp\/v2\/posts\/1272523\/revisions"}],"wp:featuredmedia":[{"embeddable":true,"href":"https:\/\/www.europesays.com\/de\/wp-json\/wp\/v2\/media\/1272524"}],"wp:attachment":[{"href":"https:\/\/www.europesays.com\/de\/wp-json\/wp\/v2\/media?parent=1272523"}],"wp:term":[{"taxonomy":"category","embeddable":true,"href":"https:\/\/www.europesays.com\/de\/wp-json\/wp\/v2\/categories?post=1272523"},{"taxonomy":"post_tag","embeddable":true,"href":"https:\/\/www.europesays.com\/de\/wp-json\/wp\/v2\/tags?post=1272523"}],"curies":[{"name":"wp","href":"https:\/\/api.w.org\/{rel}","templated":true}]}}