{"id":1272550,"date":"2026-08-31T21:35:20","date_gmt":"2026-08-31T21:35:20","guid":{"rendered":"https:\/\/www.europesays.com\/de\/1272550\/"},"modified":"2026-08-31T21:35:20","modified_gmt":"2026-08-31T21:35:20","slug":"zufall-harrys-uk-rueckkehr-liegt-nah-an-dianas-29-todestag-2","status":"publish","type":"post","link":"https:\/\/www.europesays.com\/de\/1272550\/","title":{"rendered":"Zufall? Harrys UK-R\u00fcckkehr liegt nah an Dianas 29. Todestag"},"content":{"rendered":"<ol class=\"id-DonaldBreadcrumb lp_west_breadcrumb id-DonaldBreadcrumb--default\" data-k5a-pos=\"west_breadcrumb\">\n<li class=\"id-Breadcrumb-item\"><a href=\"https:\/\/www.merkur.de\/\" class=\"id-Breadcrumb-link\" data-id-ec=\"{\" shn=\"\" textlink=\"\" data-k5a-pos=\"1_startseite\" rel=\"nofollow noopener\" target=\"_blank\">Startseite<\/a><\/li>\n<li class=\"id-Breadcrumb-item\"><a href=\"https:\/\/www.merkur.de\/boulevard\/\" class=\"id-Breadcrumb-link\" data-id-ec=\"{\" shn=\"\" textlink=\"\" tv=\"\" data-k5a-pos=\"2_starsTv\" rel=\"nofollow noopener\" target=\"_blank\">Stars &amp; TV<\/a><\/li>\n<\/ol>\n<p class=\"id-Story-timestamp id-Story-timestamp--default\">Stand: 31.08.2026, 22:00 Uhr<\/p>\n<p class=\"id-Story-authors id-Story-authors--default\">Von: <a class=\"id-Story-authors-link lp_west_author\" href=\"https:\/\/www.merkur.de\/autor\/yasmin-keller-lmcbz73ii.html\" title=\"Zur Autorenseite von Yasmin Keller\" data-id-ec=\"{\" shn=\"\" author-link=\"\" keller=\"\" data-k5a-pos=\"west_author\" rel=\"nofollow noopener\" target=\"_blank\">Yasmin Keller<\/a><\/p>\n<p class=\"id-Story-interactionBar id-Story-interactionBar--default\">DruckenTeilen<\/p>\n<p><a href=\"https:\/\/profile.google.com\/cp\/CgsvZy8xODdjY3p3choA\" class=\"id-Story-googleFollowButton id-Story-googleFollowButton--default\" target=\"_blank\" data-id-ec=\"{\" shn=\"\" google-follow=\"\" auf=\"\" google=\"\" folgen=\"\" rel=\"nofollow noopener\">Uns auf Google folgen<\/a><\/p>\n<p class=\"id-StoryElement-leadText\">Royalexpertin vermutet: Dianas 30. Todestag im n\u00e4chsten Jahr k\u00f6nnte f\u00fcr Harry und William zur Chance auf Vers\u00f6hnung werden.<\/p>\n<p class=\"id-StoryElement-paragraph\">London \u2013 Kaum ist Prinz Harry (41) nach sechs Jahren USA-Aufenthalt wieder f\u00fcr l\u00e4ngere Zeit auf britischem Boden, wird \u00fcber die Beweggr\u00fcnde ger\u00e4tselt \u2013 und der Zeitpunkt ist durchaus n\u00e4her zu betrachten: Am 31. August j\u00e4hrt sich der Todestag von Prinzessin Diana (\u2020 36) zum 29. Mal.<\/p>\n<p>Content-Partnerschaft<\/p>\n<p class=\"id-StoryElement-factBox-paragraph\">Dieser Artikel entstand in Kooperation mit <a href=\"https:\/\/www.promiflash.de\/\" class=\"id-import-Link id-pageApi-Link--externalDomain\" data-id-ec=\"{&quot;sht&quot;:&quot;Container&quot;,&quot;shn&quot;:&quot;Story&quot;,&quot;p&quot;:{&quot;containerType&quot;:&quot;FactBox&quot;,&quot;displayType&quot;:&quot;FactBox InlineLink&quot;,&quot;type&quot;:&quot;INLINE_LINK&quot;,&quot;value&quot;:&quot;promiflash.de&quot;,&quot;variant&quot;:&quot;standardLink&quot;,&quot;sponsored&quot;:false,&quot;linkHref&quot;:&quot;https:\/\/www.promiflash.de\/&quot;,&quot;storyElementPosition&quot;:10,&quot;storyElementCount&quot;:29}}\" rel=\"nofollow noopener\" target=\"_blank\">promiflash.de<\/a><\/p>\n<p class=\"id-StoryElement-paragraph\">Royalexpertin Jennie Bond, die Diana einst pers\u00f6nlich kannte, ordnete Harrys R\u00fcckkehr gegen\u00fcber dem Mirror ein. Ihrer Ansicht nach h\u00e4tte die Prinzessin sowohl den damaligen Umzug ihres Sohnes mit seiner Frau Herzogin Meghan (45) als auch die offenbar wieder wachsende Bindung an die britische Heimat gut nachvollziehen k\u00f6nnen.<\/p>\n<p><img decoding=\"async\" class=\"id-RatioPlaceholder-element wv_story_el_image\" src=\"https:\/\/www.europesays.com\/de\/wp-content\/uploads\/2026\/08\/43917815-prinz-charles-prinzessin-diana-prinz-harry-und-koenig-juan-carlos-in-palma-de-mallorca-1987.jpeg\" loading=\"lazy\"   height=\"722\" width=\"1100\" alt=\"Prinz Charles, Prinzessin Diana, Prinz Harry und K&#xF6;nig Juan Carlos in Palma de Mallorca 1987\"\/>Prinz Charles, Prinzessin Diana, Prinz Harry und K\u00f6nig Juan Carlos in Palma de Mallorca 1987. \u00a9\u00a0Imago<\/p>\n<p class=\"id-StoryElement-paragraph\">Einen Punkt allerdings h\u00e4tte Diana vermutlich nicht so einfach hingenommen: den langwierigen Bruderzwist mit Prinz William (44). \u201eAber ich glaube nicht, dass sie zugelassen h\u00e4tte, dass der Bruch mit William so tief geht oder so lange andauert. Sie h\u00e4tte einen Weg gefunden, die beiden zur Vernunft zu bringen und Frieden zu stiften\u201c, sagte Jennie gegen\u00fcber dem Mirror.<\/p>\n<p class=\"id-StoryElement-paragraph\">Eine Vers\u00f6hnung der Br\u00fcder w\u00e4re aus ihrer Sicht die sch\u00f6nste W\u00fcrdigung ihrer Mutter \u2013 vielleicht ja zum 30. Todestag im kommenden Jahr.<\/p>\n<p>Expertin sicher: Diana h\u00e4tte Harry und Meghan unterst\u00fctzt<\/p>\n<p class=\"id-StoryElement-paragraph\">F\u00fcr Jennie steht fest: Diana ging es vor allem um das Gl\u00fcck ihrer Kinder. Nach ihrer Scheidung von dem damaligen Prinzen Charles (77), dem heutigen K\u00f6nig Charles III., soll Diana selbst ernsthaft mit dem Gedanken gespielt haben, in den USA zu leben \u2013 Harrys Neuanfang h\u00e4tte sie also vermutlich sogar gut nachvollziehen k\u00f6nnen.<\/p>\n<p>Tampongate, Untreue, Missbrauch: Die zehn gr\u00f6\u00dften Skandale im britischen K\u00f6nigshaus<img decoding=\"async\" class=\"id-RatioPlaceholder-element wv_story_el_interstitialImage\" src=\"https:\/\/www.europesays.com\/de\/wp-content\/uploads\/2025\/05\/31687037-immer-wieder-ging-es-hoch-her-im-koenigshaus-doch-die-queen-schwieg-beharrlich-zu-den-skand.jpeg\" loading=\"lazy\"   height=\"2160\" width=\"3240\" alt=\"Immer wieder ging es hoch her im K&#xF6;nigshaus, doch die Queen schwieg beharrlich zu den Skandalen in ihrer Familie. W&#xE4;hrend Prinz William (40) und Kate Middleton (41) schon angek&#xFC;ndigt haben, diese &#x201E;Tradition&#x201C; nicht fortf&#xFC;hren zu wollen, ist unklar, wie K&#xF6;nig Charles III. (74) dazu steht, schlie&#xDF;lich hat er an den schlaflosen N&#xE4;chten seiner Mutter flei&#xDF;ig mitgewirkt.\"\/><a href=\"https:\/\/www.merkur.de\/boulevard\/die-zehn-groessten-skandale-im-britischen-koenigshaus-royals-schande-trauma-untreue-zr-92263469.html\" class=\"id-StoryElement-intestitialLink-link\" data-id-ec=\"{\" shn=\"\" ansehen=\"\" data-k5a-pos=\"west_story_19_photoGalleryLink\" title=\"Zur Fotostrecke: Tampongate, Untreue, Missbrauch: Die zehn gr&#xF6;&#xDF;ten Skandale im britischen K&#xF6;nigshaus\" rel=\"nofollow noopener\" target=\"_blank\">Fotostrecke ansehen<\/a><\/p>\n<p class=\"id-StoryElement-paragraph\">\u201eIch glaube, sie h\u00e4tte seine Entscheidung verstanden und unterst\u00fctzt, mit Meghan aus Gro\u00dfbritannien zu fliehen, und w\u00e4re sehr froh gewesen, dass er Liebe und Gl\u00fcck gefunden hatte\u201c, so die Royalexpertin weiter. Im Sommer besuchte der Herzog von Sussex mit seiner Frau und den Kindern Archie (7) und Lilibet (5) das Spencer-Anwesen Althorp, wo die ehemalige Prinzessin von Wales bestattet ist.<\/p>\n<p class=\"id-StoryElement-paragraph\">Auf Meghans Instagram-Aufnahmen waren die Sussexes in den von B\u00e4umen ges\u00e4umten G\u00e4rten zu sehen, Harry und Archie trugen Blumenstr\u00e4u\u00dfe. Der Moment am Grab habe die Familie tief ber\u00fchrt, vermutet die Expertin \u2013 schon Harrys Memoiren \u201eReserve\u201c zeigten, wie eng er seiner Mutter Diana bis heute verbunden ist.<\/p>\n<p>Pl\u00e4ne an Dianas Todestag<\/p>\n<p class=\"id-StoryElement-paragraph\">F\u00fcr Dianas 30. Todestag 2027 sind bislang keine offiziellen Gedenkveranstaltungen angek\u00fcndigt. Ein gemeinsamer Auftritt der Br\u00fcder in diesem Jahr gilt f\u00fcr Jennie als unwahrscheinlich \u2013 sie geht davon aus, dass William und Harry ihrer Mutter getrennt voneinander und jeder auf seine eigene Weise gedenken werden.<\/p>\n<p><img decoding=\"async\" class=\"id-RatioPlaceholder-element wv_story_el_image\" src=\"https:\/\/www.europesays.com\/de\/wp-content\/uploads\/2026\/08\/43907616-prinzessin-diana-OqBG.jpg\" loading=\"lazy\"   height=\"756\" width=\"1100\" alt=\"Prinzessin Diana\"\/>Was w\u00fcrde Prinzessin Diana wohl denken, wenn sie von dem Zwist zwischen ihren geliebten S\u00f6hnen w\u00fcsste? (Archivfoto) \u00a9\u00a0John Giles\/PA\/epa\/dpa<\/p>\n<p class=\"id-StoryElement-paragraph\">Diana starb am 31. August 1997 im Alter von 36 Jahren nach einem Autounfall in Paris im Krankenhaus. Jennie zufolge hat sie sich damals um beide S\u00f6hne gesorgt: um William wegen der B\u00fcrde, die er als k\u00fcnftiger K\u00f6nig einmal zu tragen h\u00e4tte, und um Harry wegen seiner Suche nach einer eigenen Rolle in der royalen Rangordnung.<\/p>\n<p class=\"id-StoryElement-paragraph\">Als Kinder seien beide frech gewesen und h\u00e4tten sich gestritten wie unter Geschwistern \u00fcblich; Harry habe als besonders schelmisch gegolten. Nach Dianas Tod seien Trauer und Wut an die Stelle dieser Unbeschwertheit getreten. Eine andere These vertrat Dianas ehemaliger Butler Paul Burrell (68): Gegen\u00fcber Bild behauptete er, Harry h\u00e4tte Meghan nicht geheiratet, wenn seine Mutter noch leben w\u00fcrde.<\/p>\n","protected":false},"excerpt":{"rendered":"Startseite Stars &amp; TV Stand: 31.08.2026, 22:00 Uhr Von: Yasmin Keller DruckenTeilen Uns auf Google folgen Royalexpertin vermutet:&hellip;\n","protected":false},"author":2,"featured_media":1272551,"comment_status":"","ping_status":"","sticky":false,"template":"","format":"standard","meta":{"footnotes":"","_share_on_mastodon":"0"},"categories":[3976],"tags":[331,332,13,14,15,12,3992,3993,3994,3995,3996,3997],"class_list":["post-1272550","post","type-post","status-publish","format-standard","has-post-thumbnail","category-vereinigtes-koenigreich","tag-aktuelle-nachrichten","tag-aktuelle-news","tag-headlines","tag-nachrichten","tag-news","tag-schlagzeilen","tag-uk","tag-united-kingdom","tag-united-kingdom-of-great-britain-and-northern-ireland","tag-vereinigtes-koenigreich","tag-vereinigtes-koenigreich-grossbritannien-und-nordirland","tag-vereinigtes-koenigreich-von-grossbritannien-und-nordirland"],"share_on_mastodon":{"url":"https:\/\/pubeurope.com\/@de\/117192279582986520","error":""},"_links":{"self":[{"href":"https:\/\/www.europesays.com\/de\/wp-json\/wp\/v2\/posts\/1272550","targetHints":{"allow":["GET"]}}],"collection":[{"href":"https:\/\/www.europesays.com\/de\/wp-json\/wp\/v2\/posts"}],"about":[{"href":"https:\/\/www.europesays.com\/de\/wp-json\/wp\/v2\/types\/post"}],"author":[{"embeddable":true,"href":"https:\/\/www.europesays.com\/de\/wp-json\/wp\/v2\/users\/2"}],"replies":[{"embeddable":true,"href":"https:\/\/www.europesays.com\/de\/wp-json\/wp\/v2\/comments?post=1272550"}],"version-history":[{"count":0,"href":"https:\/\/www.europesays.com\/de\/wp-json\/wp\/v2\/posts\/1272550\/revisions"}],"wp:featuredmedia":[{"embeddable":true,"href":"https:\/\/www.europesays.com\/de\/wp-json\/wp\/v2\/media\/1272551"}],"wp:attachment":[{"href":"https:\/\/www.europesays.com\/de\/wp-json\/wp\/v2\/media?parent=1272550"}],"wp:term":[{"taxonomy":"category","embeddable":true,"href":"https:\/\/www.europesays.com\/de\/wp-json\/wp\/v2\/categories?post=1272550"},{"taxonomy":"post_tag","embeddable":true,"href":"https:\/\/www.europesays.com\/de\/wp-json\/wp\/v2\/tags?post=1272550"}],"curies":[{"name":"wp","href":"https:\/\/api.w.org\/{rel}","templated":true}]}}