{"id":1272567,"date":"2026-08-31T21:44:14","date_gmt":"2026-08-31T21:44:14","guid":{"rendered":"https:\/\/www.europesays.com\/de\/1272567\/"},"modified":"2026-08-31T21:44:14","modified_gmt":"2026-08-31T21:44:14","slug":"die-neuen-referendare-speiseeis-drachenbootrennen-2026-poladu-landfermann-gymnasium-duisburg","status":"publish","type":"post","link":"https:\/\/www.europesays.com\/de\/1272567\/","title":{"rendered":"Die neuen Referendare, Speiseeis, Drachenbootrennen 2026 | PoLaDu | Landfermann-Gymnasium Duisburg"},"content":{"rendered":"<p>Das Medienforum Duisburg ist mit verschiedenen Radiosendungen und Podcasts bei NRWision vertreten. Die Sendungen vom Medienforum Duisburg werden im B\u00fcrgerfunk bei <a href=\"https:\/\/www.nrwision.de\/mediathek\/radiosender\/radio-duisburg\" title=\"mehr von Radio Duisburg\" rel=\"nofollow noopener\" target=\"_blank\">Radio Duisburg<\/a> ausgestrahlt und sind online in unserer Mediathek zu h\u00f6ren. Vor Ort bietet das Medienforum Duisburg seinen Radio-Produzenten u.a. technische, organisatorische und medienp\u00e4dagogische Unterst\u00fctzung.<\/p>\n","protected":false},"excerpt":{"rendered":"Das Medienforum Duisburg ist mit verschiedenen Radiosendungen und Podcasts bei NRWision vertreten. Die Sendungen vom Medienforum Duisburg werden&hellip;\n","protected":false},"author":2,"featured_media":1272568,"comment_status":"","ping_status":"","sticky":false,"template":"","format":"standard","meta":{"footnotes":"","_share_on_mastodon":"0"},"categories":[1838],"tags":[3364,29,3715,4532,30,4850,1209,20903,966,265],"class_list":["post-1272567","post","type-post","status-publish","format-standard","has-post-thumbnail","category-duisburg","tag-de","tag-deutschland","tag-duisburg","tag-ferien","tag-germany","tag-lehrer","tag-nordrhein-westfalen","tag-quiz","tag-schule","tag-sport"],"share_on_mastodon":{"url":"https:\/\/pubeurope.com\/@de\/117192311907505577","error":""},"_links":{"self":[{"href":"https:\/\/www.europesays.com\/de\/wp-json\/wp\/v2\/posts\/1272567","targetHints":{"allow":["GET"]}}],"collection":[{"href":"https:\/\/www.europesays.com\/de\/wp-json\/wp\/v2\/posts"}],"about":[{"href":"https:\/\/www.europesays.com\/de\/wp-json\/wp\/v2\/types\/post"}],"author":[{"embeddable":true,"href":"https:\/\/www.europesays.com\/de\/wp-json\/wp\/v2\/users\/2"}],"replies":[{"embeddable":true,"href":"https:\/\/www.europesays.com\/de\/wp-json\/wp\/v2\/comments?post=1272567"}],"version-history":[{"count":0,"href":"https:\/\/www.europesays.com\/de\/wp-json\/wp\/v2\/posts\/1272567\/revisions"}],"wp:featuredmedia":[{"embeddable":true,"href":"https:\/\/www.europesays.com\/de\/wp-json\/wp\/v2\/media\/1272568"}],"wp:attachment":[{"href":"https:\/\/www.europesays.com\/de\/wp-json\/wp\/v2\/media?parent=1272567"}],"wp:term":[{"taxonomy":"category","embeddable":true,"href":"https:\/\/www.europesays.com\/de\/wp-json\/wp\/v2\/categories?post=1272567"},{"taxonomy":"post_tag","embeddable":true,"href":"https:\/\/www.europesays.com\/de\/wp-json\/wp\/v2\/tags?post=1272567"}],"curies":[{"name":"wp","href":"https:\/\/api.w.org\/{rel}","templated":true}]}}