{"id":1272577,"date":"2026-08-31T21:52:35","date_gmt":"2026-08-31T21:52:35","guid":{"rendered":"https:\/\/www.europesays.com\/de\/1272577\/"},"modified":"2026-08-31T21:52:35","modified_gmt":"2026-08-31T21:52:35","slug":"ortsentwicklungskonzept-mobschatz-stadt-laedt-zur-buergerbeteiligung-ein","status":"publish","type":"post","link":"https:\/\/www.europesays.com\/de\/1272577\/","title":{"rendered":"Ortsentwicklungskonzept Mobschatz: Stadt l\u00e4dt zur B\u00fcrgerbeteiligung ein"},"content":{"rendered":"<p>Wie soll sich Mobschatz in den kommenden Jahren entwickeln? Dazu hat das Amt f\u00fcr Stadtplanung und Mobilit\u00e4t ein Ortsentwicklungskonzept f\u00fcr die n\u00e4chsten f\u00fcnf bis 15 Jahre erarbeitet. Darin werden Entwicklungspotenziale und Handlungsbedarfe f\u00fcr die einzelnen Ortsteile aufgezeigt. Nun sind die Einwohnerinnen und Einwohner eingeladen, ihre Hinweise und Anregungen einzubringen.<\/p>\n<p>Von Dienstag, 1. September, bis Freitag, 2. Oktober 2026, werden die Unterlagen auf der Internetseite der Landeshauptstadt Dresden unter www.dresden.de\/offenlagen ver\u00f6ffentlicht. Es besteht die M\u00f6glichkeit, sich zu informieren und Stellungnahmen abzugeben.\u00a0<\/p>\n<p>Im gleichen Zeitraum liegt der Entwurf auch in der Verwaltungsstelle Gompitz, im Ortschaftsb\u00fcro Mobschatz und im Stadtforum zu folgenden Zeiten aus:<\/p>\n<ul>&#13;<\/p>\n<li>Verwaltungsstelle Gompitz, Altnossener Stra\u00dfe 46a, 01156 Dresden, montags 9 bis 12 Uhr, dienstags 9 bis 12 Uhr, donnerstags 9 bis 12 Uhr sowie 13 bis 17 Uhr<\/li>\n<p>&#13;<\/p>\n<li>Ortschaftsb\u00fcro Mobschatz, Am Tummelsgrund 7b, 01156 Dresden, dienstags 14 bis 18 Uhr\u00a0<\/li>\n<p>&#13;<\/p>\n<li>Stadtforum, Waisenhausstra\u00dfe 14, 01069 Dresden, montags 9 bis 12 Uhr, dienstags 9 bis 12 Uhr sowie 13 bis 17 Uhr, Donnerstag 9 bis 12 Uhr und 13 bis 17 Uhr<\/li>\n<p>&#13;\n<\/ul>\n<p>Au\u00dferdem l\u00e4dt das Amt f\u00fcr Stadtplanung und Mobilit\u00e4t zu zwei Informationsveranstaltungen ein. Dort werden die Inhalte des Ortsentwicklungskonzeptes mit Fokus auf den jeweiligen Ortsteil vorgestellt und Fragen beantwortet. Die Termine finden statt:<\/p>\n<ul>&#13;<\/p>\n<li>Ortsteile Brabsch\u00fctz, Podemus und Rennersdorf: Montag, 7. September 2026, 17 bis 19 Uhr im Ger\u00e4tehaus der Stadtteilfeuerwehr Brabsch\u00fctz, Cossebauder Weg 13, 01156 Dresden<\/li>\n<p>&#13;<\/p>\n<li>Ortsteile Mobschatz, Merbitz und Alt-Leuteritz: Dienstag, 8. September 2026, 17 bis 19 Uhr im Sitzungssaal im &#8222;Dorfklub Mobschatz&#8220;, Am Tummelsgrund 7 b, 01156 Dresden<\/li>\n<p>&#13;\n<\/ul>\n<p>Eine Anmeldung ist nicht erforderlich. <br \/>Die Ergebnisse der B\u00fcrgerbeteiligung flie\u00dfen in die Weiterbearbeitung des Ortsentwicklungskonzeptes Mobschatz ein.<\/p>\n<p>Ansprechpartner f\u00fcr Fragen:<\/p>\n<p>Amt f\u00fcr Stadtplanung und Mobilit\u00e4t, E-Mail: stadtentwicklungsplanung@dresden.de, Telefon: 0351-4883541<\/p>\n<p>\u00d6rtliche Verwaltungsstelle Gompitz, E-Mail: ortschaft-mobschatz@dresden.de, Telefon: 0351-4887985\u00a0<\/p>\n","protected":false},"excerpt":{"rendered":"Wie soll sich Mobschatz in den kommenden Jahren entwickeln? Dazu hat das Amt f\u00fcr Stadtplanung und Mobilit\u00e4t ein&hellip;\n","protected":false},"author":2,"featured_media":704324,"comment_status":"","ping_status":"","sticky":false,"template":"","format":"standard","meta":{"footnotes":"","_share_on_mastodon":"0"},"categories":[1835],"tags":[3364,29,2386,30,859],"class_list":["post-1272577","post","type-post","status-publish","format-standard","has-post-thumbnail","category-dresden","tag-de","tag-deutschland","tag-dresden","tag-germany","tag-sachsen"],"share_on_mastodon":{"url":"https:\/\/pubeurope.com\/@de\/117192343059507354","error":""},"_links":{"self":[{"href":"https:\/\/www.europesays.com\/de\/wp-json\/wp\/v2\/posts\/1272577","targetHints":{"allow":["GET"]}}],"collection":[{"href":"https:\/\/www.europesays.com\/de\/wp-json\/wp\/v2\/posts"}],"about":[{"href":"https:\/\/www.europesays.com\/de\/wp-json\/wp\/v2\/types\/post"}],"author":[{"embeddable":true,"href":"https:\/\/www.europesays.com\/de\/wp-json\/wp\/v2\/users\/2"}],"replies":[{"embeddable":true,"href":"https:\/\/www.europesays.com\/de\/wp-json\/wp\/v2\/comments?post=1272577"}],"version-history":[{"count":0,"href":"https:\/\/www.europesays.com\/de\/wp-json\/wp\/v2\/posts\/1272577\/revisions"}],"wp:featuredmedia":[{"embeddable":true,"href":"https:\/\/www.europesays.com\/de\/wp-json\/wp\/v2\/media\/704324"}],"wp:attachment":[{"href":"https:\/\/www.europesays.com\/de\/wp-json\/wp\/v2\/media?parent=1272577"}],"wp:term":[{"taxonomy":"category","embeddable":true,"href":"https:\/\/www.europesays.com\/de\/wp-json\/wp\/v2\/categories?post=1272577"},{"taxonomy":"post_tag","embeddable":true,"href":"https:\/\/www.europesays.com\/de\/wp-json\/wp\/v2\/tags?post=1272577"}],"curies":[{"name":"wp","href":"https:\/\/api.w.org\/{rel}","templated":true}]}}