{"id":1272578,"date":"2026-08-31T21:54:17","date_gmt":"2026-08-31T21:54:17","guid":{"rendered":"https:\/\/www.europesays.com\/de\/1272578\/"},"modified":"2026-08-31T21:54:17","modified_gmt":"2026-08-31T21:54:17","slug":"holt-euch-keine-tickets-fuer-dresden-die-ultras-von-hertha-bsc-boykottieren-das-spiel-bei-dynamo","status":"publish","type":"post","link":"https:\/\/www.europesays.com\/de\/1272578\/","title":{"rendered":"\u201eHolt Euch keine Tickets f\u00fcr Dresden!\u201c: Die Ultras von Hertha BSC boykottieren das Spiel bei Dynamo"},"content":{"rendered":"<p class=\"tspCJpg tspCJph\">Es gibt im Moment wahrlich schlimmere Schicksale, als Fan von <a href=\"https:\/\/www.tagesspiegel.de\/sport\/themen\/hertha-bsc?icid=in-text-link_16000889\" class=\"link link--internal\" data-gtm-class=\"article-text-link\" data-gtm-val=\"internal\" rel=\"nofollow noopener\" target=\"_blank\">Hertha BSC<\/a> zu sein. <a href=\"https:\/\/www.tagesspiegel.de\/sport\/kolumne-auslaufen-mit-ludecke-wann-hatte-man-zuletzt-so-viel-spass-an-hertha-bsc-15997669.html?icid=in-text-link_16000889\" class=\"link link--internal\" data-gtm-class=\"article-text-link\" data-gtm-val=\"internal\" rel=\"nofollow noopener\" target=\"_blank\">So viel Spa\u00df<\/a> hat der Klub seinem Anhang schon lange nicht mehr bereitet. Der Berliner Fu\u00dfball-Zweitligist eilt von Sieg zu Sieg und \u00fcberzeugt durch <a href=\"https:\/\/www.tagesspiegel.de\/sport\/es-ist-mega-mega-mega-schon-hertha-bsc-erlebt-auf-einmal-ungewohnte-glucksgefuhle-15994552.html?icid=in-text-link_16000889\" class=\"link link--internal\" data-gtm-class=\"article-text-link\" data-gtm-val=\"internal\" rel=\"nofollow noopener\" target=\"_blank\">spektakul\u00e4re Leistungen wie zuletzt in Braunschweig<\/a>. Kurzum: Von Hertha kann man momentan gar nicht genug kriegen.<\/p>\n<p class=\"tspCJpg\">Vor diesem Hintergrund ist es umso bemerkenswerter, was die Harlekins, die einflussreichste Ultra-Gruppierung des Vereins, <a href=\"https:\/\/hb98.de\/gemeinschaft-statt-kollektivstrafe\/\" target=\"_blank\" rel=\"noopener nofollow\" class=\"link link--external\" data-gtm-class=\"article-text-link\" data-gtm-val=\"external\" aria-describedby=\"message-target-blank\">am Wochenende bekannt gegeben<\/a> haben. Ausgerechnet die nach eigener Einsch\u00e4tzung leidenschaftlichsten Fans des Klubs \u00fcben sich in einem selbstauferlegten Hertha-Verzicht.<\/p>\n<p class=\"tspCJpg\">Wenn die Mannschaft in knapp drei Wochen zum Ligaspiel bei Dynamo Dresden antritt (Samstag, 19. September, 20.30 Uhr), werden die Ultras jedenfalls nicht im Stadion sein. Sie rufen sogar explizit dazu auf, ihrem Beispiel zu folgen: \u201eHolt Euch keine Tickets f\u00fcr das Spiel in Dresden!\u201c<\/p>\n<p class=\"tspCJpg\">Damit reagieren die Harlekins auf die Strafe, die das DFB-Sportgericht nach den <a href=\"https:\/\/www.tagesspiegel.de\/sport\/feuerwerkskorper-und-jagdszenen-im-stadion-schwere-ausschreitungen-beim-zweitliga-spiel-dresden-gegen-hertha-15436365.html?icid=in-text-link_16000889\" class=\"link link--internal\" data-gtm-class=\"article-text-link\" data-gtm-val=\"internal\" rel=\"nofollow noopener\" target=\"_blank\">Ausschreitungen beim j\u00fcngsten Aufeinandertreffen beider Mannschaften<\/a> im April verh\u00e4ngt hat. Am Karsamstag war es im Dresdner Stadion zu einem massiven Einsatz von Pyrotechnik und <a href=\"https:\/\/www.tagesspiegel.de\/sport\/die-ultras-nehmen-sich-viel-zu-wichtig-nach-den-krawallen-in-dresden-gerat-die-fankultur-unter-druck-15439240.html?icid=in-text-link_16000889\" class=\"link link--internal\" data-gtm-class=\"article-text-link\" data-gtm-val=\"internal\" rel=\"nofollow noopener\" target=\"_blank\">heftigen Auseinandersetzungen beider Fangruppen<\/a> gekommen.<\/p>\n<p>17<\/p>\n<p><strong>Menschen <\/strong>wurden bei dem Spiel im April verletzt<\/p>\n<p class=\"tspCJpg\">Anh\u00e4nger beider Klubs hatten den Innenraum gest\u00fcrmt. Zudem schossen Dynamo-Anh\u00e4nger Feuerwerksraketen Richtung Hertha-Block. 17 Menschen wurden verletzt. Das Spiel, das Hertha schlie\u00dflich mit 1:0 f\u00fcr sich entschied, musste zweimal unterbrochen werden, zun\u00e4chst f\u00fcr knapp f\u00fcnf Minuten, sp\u00e4ter noch einmal f\u00fcr neunzehn.<\/p>\n<p class=\"tspCJpg\">\u201eIch kann mich an kaum einen Fall erinnern, bei dem Pyrotechnik in einem solchen Ausma\u00df als Waffe gegen Menschen eingesetzt wurde\u201c, sagte der Vorsitzende Richter Stephan Oberholz nach der Verhandlung des DFB-Sportgerichts. \u201eDas ist nicht tolerierbar, daf\u00fcr kann es keine Entschuldigung, keine Ausrede und auch keine Nachsicht geben. Damit wurde eine Grenze \u00fcberschritten. Da der Fall kein Standardfall ist, muss auch die Sanktion vom Standard abweichen.\u201c<\/p>\n<blockquote class=\"tspCMpp\">\n<p>Kollektivstrafen l\u00f6sen keine Probleme.<\/p>\n<\/blockquote>\n<p class=\"tspCMpq\">Die <strong>Harlekins <\/strong>in ihrer Erkl\u00e4rung<\/p>\n<p class=\"tspCJpg\">Neben Geldstrafen f\u00fcr beide Klubs, verh\u00e4ngte das DFB-Sportgericht einen Zuschauerteilausschluss f\u00fcr zwei Heimspiele der Dresdner. Zudem wurden Hertha und Dynamo dazu verurteilt, ein gemeinsames Sicherheitskonzept zu erstellen. Es sieht vor, dass bei den Duellen in dieser Saison das Kontingent an G\u00e4stetickets um die H\u00e4lfte reduziert wird und nur personalisierte Eintrittskarten f\u00fcr den G\u00e4stebereich verkauft werden d\u00fcrfen.<\/p>\n<p class=\"tspCJpg\">Dagegen wehren sich Herthas Ultras. \u201eKollektivstrafen l\u00f6sen keine Probleme und verfehlen somit ihren Zweck. Sie zeigen, dass die Verb\u00e4nde weiterhin keine vern\u00fcnftigen L\u00f6sungen anzubieten haben\u201c, schreiben sie. Ein solches Vorgehen d\u00fcrfe keine Schule machen. \u201eDaher m\u00f6chten wir alle Herthaner dazu aufrufen: Lasst uns ein gemeinsames Signal senden, damit Kollektivstrafen durch die Verb\u00e4nde nicht erneut Einzug erhalten.\u201c<\/p>\n<p>Mehr zu Hertha BSC bei Tagesspiegel Plus<a href=\"https:\/\/www.tagesspiegel.de\/sport\/kolumne-auslaufen-mit-ludecke-wann-hatte-man-zuletzt-so-viel-spass-an-hertha-bsc-15997669.html?icid=topic-list_16000889___\" data-gtm-class=\"article-mzt-link\" data-hydrate-fingerprint=\"09740a54944caac75fd2c0c63fd5c5df\" data-hydrate-props=\"{&amp;escapedquot;element&amp;escapedquot;:{&amp;escapedquot;type&amp;escapedquot;:&amp;escapedquot;relatedContent&amp;escapedquot;,&amp;escapedquot;fieldMap&amp;escapedquot;:{},&amp;escapedquot;relation&amp;escapedquot;:{&amp;escapedquot;fields&amp;escapedquot;:{&amp;escapedquot;isPaid&amp;escapedquot;:true},&amp;escapedquot;href&amp;escapedquot;:&amp;escapedquot;\/sport\/kolumne-auslaufen-mit-ludecke-wann-hatte-man-zuletzt-so-viel-spass-an-hertha-bsc-15997669.html&amp;escapedquot;,&amp;escapedquot;teaserTitle&amp;escapedquot;:{&amp;escapedquot;kicker&amp;escapedquot;:&amp;escapedquot;Kolumne \u201eAuslaufen mit L\u00fcdecke\u201c&amp;escapedquot;,&amp;escapedquot;headline&amp;escapedquot;:&amp;escapedquot;Wann hatte man zuletzt so viel Spa\u00df an Hertha BSC?&amp;escapedquot;},&amp;escapedquot;id&amp;escapedquot;:&amp;escapedquot;15997669&amp;escapedquot;,&amp;escapedquot;type&amp;escapedquot;:&amp;escapedquot;story&amp;escapedquot;},&amp;escapedquot;isPartOfList&amp;escapedquot;:true,&amp;escapedquot;topicListType&amp;escapedquot;:&amp;escapedquot;topic-list&amp;escapedquot;},&amp;escapedquot;showArrow&amp;escapedquot;:true}\" data-hydrate-slots=\"{&#039;default&#039;:[]}\" class=\"tspCPp3 tspDEsb\" rel=\"nofollow noopener\" target=\"_blank\">Kolumne \u201eAuslaufen mit L\u00fcdecke\u201c Wann hatte man zuletzt so viel Spa\u00df an Hertha BSC? <\/a><a href=\"https:\/\/www.tagesspiegel.de\/sport\/es-ist-mega-mega-mega-schon-hertha-bsc-erlebt-auf-einmal-ungewohnte-glucksgefuhle-15994552.html?icid=topic-list_16000889___\" data-gtm-class=\"article-mzt-link\" data-hydrate-fingerprint=\"09740a54944caac75fd2c0c63fd5c5df\" data-hydrate-props=\"{&amp;escapedquot;element&amp;escapedquot;:{&amp;escapedquot;type&amp;escapedquot;:&amp;escapedquot;relatedContent&amp;escapedquot;,&amp;escapedquot;fieldMap&amp;escapedquot;:{},&amp;escapedquot;relation&amp;escapedquot;:{&amp;escapedquot;fields&amp;escapedquot;:{&amp;escapedquot;isPaid&amp;escapedquot;:null},&amp;escapedquot;href&amp;escapedquot;:&amp;escapedquot;\/sport\/es-ist-mega-mega-mega-schon-hertha-bsc-erlebt-auf-einmal-ungewohnte-glucksgefuhle-15994552.html&amp;escapedquot;,&amp;escapedquot;teaserTitle&amp;escapedquot;:{&amp;escapedquot;kicker&amp;escapedquot;:&amp;escapedquot;\u201eEs ist mega, mega, mega sch\u00f6n\u201c&amp;escapedquot;,&amp;escapedquot;headline&amp;escapedquot;:&amp;escapedquot;Hertha BSC erlebt auf einmal ungewohnte Gl\u00fccksgef\u00fchle&amp;escapedquot;},&amp;escapedquot;id&amp;escapedquot;:&amp;escapedquot;15994552&amp;escapedquot;,&amp;escapedquot;type&amp;escapedquot;:&amp;escapedquot;story&amp;escapedquot;},&amp;escapedquot;isPartOfList&amp;escapedquot;:true,&amp;escapedquot;topicListType&amp;escapedquot;:&amp;escapedquot;topic-list&amp;escapedquot;},&amp;escapedquot;showArrow&amp;escapedquot;:true}\" data-hydrate-slots=\"{&#039;default&#039;:[]}\" class=\"tspCPp3 tspDEsb\" rel=\"nofollow noopener\" target=\"_blank\">\u201eEs ist mega, mega, mega sch\u00f6n\u201c Hertha BSC erlebt auf einmal ungewohnte Gl\u00fccksgef\u00fchle <\/a><a href=\"https:\/\/www.tagesspiegel.de\/sport\/ein-hertha-anhanger-rechnet-ab-die-heuchler-sind-weg--und-meine-hoffnung-kehrt-zuruck-15919901.html?icid=topic-list_16000889___\" data-gtm-class=\"article-mzt-link\" data-hydrate-fingerprint=\"09740a54944caac75fd2c0c63fd5c5df\" data-hydrate-props=\"{&amp;escapedquot;element&amp;escapedquot;:{&amp;escapedquot;type&amp;escapedquot;:&amp;escapedquot;relatedContent&amp;escapedquot;,&amp;escapedquot;fieldMap&amp;escapedquot;:{},&amp;escapedquot;relation&amp;escapedquot;:{&amp;escapedquot;fields&amp;escapedquot;:{&amp;escapedquot;isPaid&amp;escapedquot;:true},&amp;escapedquot;href&amp;escapedquot;:&amp;escapedquot;\/sport\/ein-hertha-anhanger-rechnet-ab-die-heuchler-sind-weg--und-meine-hoffnung-kehrt-zuruck-15919901.html&amp;escapedquot;,&amp;escapedquot;teaserTitle&amp;escapedquot;:{&amp;escapedquot;kicker&amp;escapedquot;:&amp;escapedquot;Ein Hertha-Anh\u00e4nger rechnet ab&amp;escapedquot;,&amp;escapedquot;headline&amp;escapedquot;:&amp;escapedquot;Die Heuchler sind weg \u2013 und meine Hoffnung kehrt zur\u00fcck&amp;escapedquot;},&amp;escapedquot;id&amp;escapedquot;:&amp;escapedquot;15919901&amp;escapedquot;,&amp;escapedquot;type&amp;escapedquot;:&amp;escapedquot;story&amp;escapedquot;},&amp;escapedquot;isPartOfList&amp;escapedquot;:true,&amp;escapedquot;topicListType&amp;escapedquot;:&amp;escapedquot;topic-list&amp;escapedquot;},&amp;escapedquot;showArrow&amp;escapedquot;:true}\" data-hydrate-slots=\"{&#039;default&#039;:[]}\" class=\"tspCPp3 tspDEsb\" rel=\"nofollow noopener\" target=\"_blank\">Ein Hertha-Anh\u00e4nger rechnet ab Die Heuchler sind weg \u2013 und meine Hoffnung kehrt zur\u00fcck <\/a><\/p>\n<p class=\"tspCJpg\">Anstelle eines gemeinsamen Stadionbesuchs in Dresden soll es eine Alternativveranstaltung geben. Welche das sein wird, das wollen die Ultras in K\u00fcrze bekannt geben.<\/p>\n<p class=\"tspCJpg\">Nachdem Hertha in der Abstiegssaison 2009\/10 wegen eines Platzsturms der Fans ebenfalls zu einem Zuschauerausschluss verurteilt worden war und zum Heimspiel gegen Stuttgart nur 25.000 Fans ins Olympiastadion durften, organisierte der Klub f\u00fcr seine Anh\u00e4nger<a href=\"https:\/\/www.tagesspiegel.de\/sport\/stuttgart-spiel-live-in-der-waldbuhne-7073875.html?icid=in-text-link_16000889\" class=\"link link--internal\" data-gtm-class=\"article-text-link\" data-gtm-val=\"internal\" rel=\"nofollow noopener\" target=\"_blank\"> ein Public Viewing in der benachbarten Waldb\u00fchne.<\/a> Das wird es am 19. September definitiv nicht geben. An diesem Abend tritt Gianna Nannini in der Waldb\u00fchne auf.<\/p>\n","protected":false},"excerpt":{"rendered":"Es gibt im Moment wahrlich schlimmere Schicksale, als Fan von Hertha BSC zu sein. So viel Spa\u00df hat&hellip;\n","protected":false},"author":2,"featured_media":1272579,"comment_status":"","ping_status":"","sticky":false,"template":"","format":"standard","meta":{"footnotes":"","_share_on_mastodon":"0"},"categories":[1835],"tags":[299,531,3364,29,2386,30,1088,859,966],"class_list":["post-1272578","post","type-post","status-publish","format-standard","has-post-thumbnail","category-dresden","tag-bundesliga","tag-charlottenburg-wilmersdorf","tag-de","tag-deutschland","tag-dresden","tag-germany","tag-hertha-bsc","tag-sachsen","tag-schule"],"share_on_mastodon":{"url":"https:\/\/pubeurope.com\/@de\/117192351067158706","error":""},"_links":{"self":[{"href":"https:\/\/www.europesays.com\/de\/wp-json\/wp\/v2\/posts\/1272578","targetHints":{"allow":["GET"]}}],"collection":[{"href":"https:\/\/www.europesays.com\/de\/wp-json\/wp\/v2\/posts"}],"about":[{"href":"https:\/\/www.europesays.com\/de\/wp-json\/wp\/v2\/types\/post"}],"author":[{"embeddable":true,"href":"https:\/\/www.europesays.com\/de\/wp-json\/wp\/v2\/users\/2"}],"replies":[{"embeddable":true,"href":"https:\/\/www.europesays.com\/de\/wp-json\/wp\/v2\/comments?post=1272578"}],"version-history":[{"count":0,"href":"https:\/\/www.europesays.com\/de\/wp-json\/wp\/v2\/posts\/1272578\/revisions"}],"wp:featuredmedia":[{"embeddable":true,"href":"https:\/\/www.europesays.com\/de\/wp-json\/wp\/v2\/media\/1272579"}],"wp:attachment":[{"href":"https:\/\/www.europesays.com\/de\/wp-json\/wp\/v2\/media?parent=1272578"}],"wp:term":[{"taxonomy":"category","embeddable":true,"href":"https:\/\/www.europesays.com\/de\/wp-json\/wp\/v2\/categories?post=1272578"},{"taxonomy":"post_tag","embeddable":true,"href":"https:\/\/www.europesays.com\/de\/wp-json\/wp\/v2\/tags?post=1272578"}],"curies":[{"name":"wp","href":"https:\/\/api.w.org\/{rel}","templated":true}]}}