{"id":1272586,"date":"2026-08-31T21:58:31","date_gmt":"2026-08-31T21:58:31","guid":{"rendered":"https:\/\/www.europesays.com\/de\/1272586\/"},"modified":"2026-08-31T21:58:31","modified_gmt":"2026-08-31T21:58:31","slug":"pol-ha-gemeinsame-presseerklaerung-der-staatsanwaltschaft-essen-und-polizei-hagen-2","status":"publish","type":"post","link":"https:\/\/www.europesays.com\/de\/1272586\/","title":{"rendered":"POL-HA: Gemeinsame Presseerkl\u00e4rung der Staatsanwaltschaft Essen und Polizei Hagen &#8211; &#8230;"},"content":{"rendered":"<p class=\"date\">31.08.2026 \u2013 20:00<\/p>\n<p class=\"customer\">\n                        <a class=\"story-customer\" title=\"weiter zum newsroom von Polizei Hagen\" href=\"https:\/\/www.presseportal.de\/blaulicht\/nr\/30835\" rel=\"nofollow noopener\" target=\"_blank\">Polizei Hagen<\/a>\n                    <\/p>\n<p><a data-category=\"citylink-story-view\" data-action=\"click\" data-label=\"Citylink in Meldungsansicht\" class=\"story-city event-trigger\" href=\"https:\/\/www.presseportal.de\/regional\/Hagen%252FHattingen\" title=\"News aus Hagen\/Hattingen \" rel=\"nofollow noopener\" target=\"_blank\">Hagen\/Hattingen<\/a> (ots)<\/p>\n<p>Bei einem versuchten T\u00f6tungsdelikt in Hattingen erlitt ein 61-j\u00e4hriger Mann am Montagnachmittag (31.08.2026) lebensbedrohliche Verletzungen. Gegen 15.20 Uhr wurde die Polizei verst\u00e4ndigt, nachdem der Mann in der Breddestra\u00dfe im Stadtteil Niederwenigern vor einem Wohnhaus gefunden wurde.<\/p>\n<p>Rettungskr\u00e4fte behandelten den Hattinger vor Ort, jedoch musste er aufgrund der Schwere seiner Verletzungen mit einem Rettungshubschrauber in eine Spezialklinik gebracht werden, wo er derzeit behandelt wird.<\/p>\n<p>Polizeibeamte haben an der Einsatzstelle umgehend Ermittlungen zur T\u00e4terschaft eingeleitet. Aufgrund der vorliegenden Umst\u00e4nde am Einsatzort wurde eine Mordkommission der Polizei Hagen eingerichtet. Der Einsatz dauert an. Weitere Ausk\u00fcnfte, auch zu m\u00f6glichen Tatmitteln, k\u00f6nnen zum aktuellen Zeitpunkt nicht gegeben werden. (rst)<\/p>\n<p class=\"contact-headline\">R\u00fcckfragen bitte an:<\/p>\n<p class=\"contact-text\">Polizei Hagen<br \/>Pressestelle<br \/>Telefon: 02331 986 15 15<br \/>E-Mail: <a href=\"https:\/\/www.presseportal.de\/blaulicht\/pm\/30835\/mailto:pressestelle.hagen@polizei.nrw.de\" class=\"uri-mailto\" rel=\"nofollow noopener\" target=\"_blank\">pressestelle.hagen@polizei.nrw.de<\/a><\/p>\n<p>Homepage: <a target=\"_blank\" class=\"uri-ext outbound\" rel=\"noopener nofollow\" href=\"https:\/\/hagen.polizei.nrw\">https:\/\/hagen.polizei.nrw<\/a><br \/>Facebook: <a target=\"_blank\" class=\"uri-ext outbound\" rel=\"noopener nofollow\" href=\"https:\/\/www.facebook.com\/Polizei.NRW.HA\">https:\/\/www.facebook.com\/Polizei.NRW.HA<\/a><br \/>X: <a target=\"_blank\" class=\"uri-ext outbound\" rel=\"noopener nofollow\" href=\"https:\/\/twitter.com\/polizei_nrw_ha\">https:\/\/twitter.com\/polizei_nrw_ha<\/a><br \/>Instagram: <a target=\"_blank\" class=\"uri-ext outbound\" rel=\"noopener nofollow\" href=\"http:\/\/www.instagram.de\/polizei.nrw.ha\">http:\/\/www.instagram.de\/polizei.nrw.ha<\/a><br \/>WhatsApp-Kanal: <a target=\"_blank\" class=\"uri-ext outbound\" rel=\"noopener nofollow\" href=\"https:\/\/url.nrw\/WhatsAppPolizeiNRWHagen\">https:\/\/url.nrw\/WhatsAppPolizeiNRWHagen<\/a><\/p>\n<p class=\"originator\">Original-Content von: Polizei Hagen, \u00fcbermittelt durch news aktuell<\/p>\n<p>            <script async src=\"https:\/\/platform.twitter.com\/widgets.js\" charset=\"utf-8\"><\/script><\/p>\n","protected":false},"excerpt":{"rendered":"31.08.2026 \u2013 20:00 Polizei Hagen Hagen\/Hattingen (ots) Bei einem versuchten T\u00f6tungsdelikt in Hattingen erlitt ein 61-j\u00e4hriger Mann am&hellip;\n","protected":false},"author":2,"featured_media":1266941,"comment_status":"","ping_status":"","sticky":false,"template":"","format":"standard","meta":{"footnotes":"","_share_on_mastodon":"0"},"categories":[1834],"tags":[3364,29,3688,30,177,1209,176,121,178,180,179,181],"class_list":["post-1272586","post","type-post","status-publish","format-standard","has-post-thumbnail","category-essen","tag-de","tag-deutschland","tag-essen","tag-germany","tag-kriminalitt","tag-nordrhein-westfalen","tag-nrw","tag-polizei","tag-presse","tag-pressemeldung","tag-pressemitteilung","tag-pressemitteilungen"],"share_on_mastodon":{"url":"https:\/\/pubeurope.com\/@de\/117192366680842745","error":""},"_links":{"self":[{"href":"https:\/\/www.europesays.com\/de\/wp-json\/wp\/v2\/posts\/1272586","targetHints":{"allow":["GET"]}}],"collection":[{"href":"https:\/\/www.europesays.com\/de\/wp-json\/wp\/v2\/posts"}],"about":[{"href":"https:\/\/www.europesays.com\/de\/wp-json\/wp\/v2\/types\/post"}],"author":[{"embeddable":true,"href":"https:\/\/www.europesays.com\/de\/wp-json\/wp\/v2\/users\/2"}],"replies":[{"embeddable":true,"href":"https:\/\/www.europesays.com\/de\/wp-json\/wp\/v2\/comments?post=1272586"}],"version-history":[{"count":0,"href":"https:\/\/www.europesays.com\/de\/wp-json\/wp\/v2\/posts\/1272586\/revisions"}],"wp:featuredmedia":[{"embeddable":true,"href":"https:\/\/www.europesays.com\/de\/wp-json\/wp\/v2\/media\/1266941"}],"wp:attachment":[{"href":"https:\/\/www.europesays.com\/de\/wp-json\/wp\/v2\/media?parent=1272586"}],"wp:term":[{"taxonomy":"category","embeddable":true,"href":"https:\/\/www.europesays.com\/de\/wp-json\/wp\/v2\/categories?post=1272586"},{"taxonomy":"post_tag","embeddable":true,"href":"https:\/\/www.europesays.com\/de\/wp-json\/wp\/v2\/tags?post=1272586"}],"curies":[{"name":"wp","href":"https:\/\/api.w.org\/{rel}","templated":true}]}}