{"id":1272601,"date":"2026-08-31T22:08:20","date_gmt":"2026-08-31T22:08:20","guid":{"rendered":"https:\/\/www.europesays.com\/de\/1272601\/"},"modified":"2026-08-31T22:08:20","modified_gmt":"2026-08-31T22:08:20","slug":"vfb-stuttgart-nach-packung-gegen-den-fc-bayern-am-pranger-sehr-viel-falsch-gemacht","status":"publish","type":"post","link":"https:\/\/www.europesays.com\/de\/1272601\/","title":{"rendered":"VfB Stuttgart nach Packung gegen den FC Bayern am Pranger: &#8222;Sehr viel falsch gemacht&#8220;"},"content":{"rendered":"\n<p>Der VfB Stuttgart hat im Auftaktspiel der 64. Saison der Fu\u00dfball-Bundesliga beim FC Bayern lange ordentlich mitgehalten, hatte nach dem zwischenzeitlichen Ausgleich in M\u00fcnchen sogar kurz am Punktgewinn geschnuppert. Dass die Schwaben nach der 1:5-Packung gegen den Rekordmeister dennoch mit leeren H\u00e4nden die Heimreise antreten musste, schiebt Lothar Matth\u00e4us auf die vielen Fehler des Traditionsklubs.\u00a0<\/p>\n<p>Die F\u00fchrung des FC Bayern durch\u00a0Abwehrchef Dayot Upamecano (21.) konnte VfB-Nationalspieler Josha Vagnoman (52.) war noch egalisieren. Dann aber stellten\u00a0Superstar Michael Olise (55.), ein Eigentor von Vagnoman (57.), Aleksandar Pavlovic (82.) und Luis D\u00edaz (90.+2) die Weichen in der Allianz Arena auf Heim-Kantersieg. F\u00fcr Lothar Matth\u00e4us eine vermeidbare Niederlage.<\/p>\n<p>&#8222;Die\u00a0Stuttgarter\u00a0haben aber auch sehr viel falsch gemacht&#8220;, \u00fcbte der Rekordnationalspieler in seiner &#8222;Sky&#8220;-Kolumne deutliche Kritik am Auftritt der Mannschaft von Sebastian Hoene\u00df: &#8222;Damit meine ich nicht nur den Ausrutscher beim Eigentor. Standardsituationen kann man immer verteidigen. Beim zweiten Tor muss man ein taktisches Foul gegen\u00a0Kimmich\u00a0ziehen, dass er gar nicht erst so weit zum Strafraum hinkommt.&#8220;<\/p>\n<p>Matth\u00e4us: FC Bayern &#8222;h\u00e4tten auch h\u00f6her gewinnen k\u00f6nnen&#8220;<\/p>\n<p>Beim 1:4 aus Stuttgarter Sicht durch\u00a0Pavlovic h\u00e4tte der &#8222;Verteidiger nicht runtergr\u00e4tschen d\u00fcrfen&#8220;, legte der 65-J\u00e4hrige nach: &#8222;Saibari konnte den Ball dann einfach querspielen zu\u00a0Pavlovic.\u00a0Da muss der Stuttgarter stehen bleiben und seinen Gegenspieler stellen.&#8220; Auch beim Schlusspunkt durch Diaz habe die VfB-Verteidigung keinen guten Eindruck hinterlassen, monierte der Weltmeister von 1990.<\/p>\n<p>&#8222;Nat\u00fcrlich baut man im Mittelfeld nicht so auf, wie der VfB es vorgehabt hat. Ein Pass zum Mitspieler dorthin, wo die Bayern in \u00dcberzahl standen. Es ist am Ende die Summe an Fehlern, die das Spiel entscheidet&#8220;, legte Matth\u00e4us den Finger in die Wunde, wollte aber auch die hervorragende Leistung des FC Bayern nicht schm\u00e4lern.<\/p>\n<p><a href=\"https:\/\/clk.tradedoubler.com\/click?p=297463&amp;a=3476224&amp;g=26030272\" target=\"_blank\" rel=\"nofollow noopener\"><img loading=\"lazy\" decoding=\"async\" border=\"0\" height=\"120\" src=\"https:\/\/www.europesays.com\/de\/wp-content\/uploads\/2026\/08\/1788185962_561_imp.gif\" width=\"300\"\/><\/a><\/p>\n<p>&#8222;Trotz alledem: Wie die Bayern wieder losgelegt haben, wie viele Chancen sie hatten. Sie h\u00e4tten auch h\u00f6her gewinnen k\u00f6nnen. Die M\u00fcnchner sind schon wieder in dieser Form, die man erwartet und prognostiziert hat&#8220;, lobte der TV-Experte.<\/p>\n","protected":false},"excerpt":{"rendered":"Der VfB Stuttgart hat im Auftaktspiel der 64. Saison der Fu\u00dfball-Bundesliga beim FC Bayern lange ordentlich mitgehalten, hatte&hellip;\n","protected":false},"author":2,"featured_media":1272602,"comment_status":"","ping_status":"","sticky":false,"template":"","format":"standard","meta":{"footnotes":"","_share_on_mastodon":"0"},"categories":[1830],"tags":[1634,299,3364,29,458,347,30,7603,863,1441,887,2915],"class_list":["post-1272601","post","type-post","status-publish","format-standard","has-post-thumbnail","category-stuttgart","tag-baden-wuerttemberg","tag-bundesliga","tag-de","tag-deutschland","tag-fc-bayern-muenchen","tag-fussball","tag-germany","tag-lothar-matthaeus","tag-sport-allgemein","tag-stuttgart","tag-top-fussball","tag-vfb-stuttgart"],"share_on_mastodon":{"url":"https:\/\/pubeurope.com\/@de\/117192407789479562","error":""},"_links":{"self":[{"href":"https:\/\/www.europesays.com\/de\/wp-json\/wp\/v2\/posts\/1272601","targetHints":{"allow":["GET"]}}],"collection":[{"href":"https:\/\/www.europesays.com\/de\/wp-json\/wp\/v2\/posts"}],"about":[{"href":"https:\/\/www.europesays.com\/de\/wp-json\/wp\/v2\/types\/post"}],"author":[{"embeddable":true,"href":"https:\/\/www.europesays.com\/de\/wp-json\/wp\/v2\/users\/2"}],"replies":[{"embeddable":true,"href":"https:\/\/www.europesays.com\/de\/wp-json\/wp\/v2\/comments?post=1272601"}],"version-history":[{"count":0,"href":"https:\/\/www.europesays.com\/de\/wp-json\/wp\/v2\/posts\/1272601\/revisions"}],"wp:featuredmedia":[{"embeddable":true,"href":"https:\/\/www.europesays.com\/de\/wp-json\/wp\/v2\/media\/1272602"}],"wp:attachment":[{"href":"https:\/\/www.europesays.com\/de\/wp-json\/wp\/v2\/media?parent=1272601"}],"wp:term":[{"taxonomy":"category","embeddable":true,"href":"https:\/\/www.europesays.com\/de\/wp-json\/wp\/v2\/categories?post=1272601"},{"taxonomy":"post_tag","embeddable":true,"href":"https:\/\/www.europesays.com\/de\/wp-json\/wp\/v2\/tags?post=1272601"}],"curies":[{"name":"wp","href":"https:\/\/api.w.org\/{rel}","templated":true}]}}