{"id":1272605,"date":"2026-08-31T22:10:21","date_gmt":"2026-08-31T22:10:21","guid":{"rendered":"https:\/\/www.europesays.com\/de\/1272605\/"},"modified":"2026-08-31T22:10:21","modified_gmt":"2026-08-31T22:10:21","slug":"vertrag-bis-2031-eintracht-verpflichtet-lilian-brassier-von-stade-rennais","status":"publish","type":"post","link":"https:\/\/www.europesays.com\/de\/1272605\/","title":{"rendered":"Vertrag bis 2031: Eintracht verpflichtet Lilian Brassier von Stade Rennais"},"content":{"rendered":"<p>                <a class=\"fancybox\" data-fancybox=\"galerie\" data-caption=\"Lilian Brassier hat seinen vertrag bis 2031 bei der Eintracht unterschrieben.  - Fotos: Eintracht Frankfurt\" rel=\"on_group nofollow noopener\" title=\"Lilian Brassier hat seinen vertrag bis 2031 bei der Eintracht unterschrieben.  - Fotos: Eintracht Frankfurt\" href=\"https:\/\/oshessen-news.b-cdn.net\/images\/26\/08\/xl\/11799029-a8b689a4-d94f-4fdf-9b93-aaf51f36eb0c.jpg\" target=\"_blank\"><img decoding=\"async\" class=\"img-responsive\" style=\"width: 728px; margin-top: 0; border:0;\" src=\"https:\/\/www.europesays.com\/de\/wp-content\/uploads\/2026\/08\/11799029-a8b689a4-d94f-4fdf-9b93-aaf51f36eb0c.jpg\" title=\"Lilian Brassier hat seinen vertrag bis 2031 bei der Eintracht unterschrieben.\" onerror=\"imgError(this);\"\/><\/p>\n<p>Lilian Brassier hat seinen vertrag bis 2031 bei der Eintracht unterschrieben. &#8211; Fotos: Eintracht Frankfurt<\/p>\n<p>\n                    <strong>FRANKFURT AM MAIN<\/strong><br \/>\n                    Kurz vor der Deadline\n                <\/p>\n<p>31.08.26 &#8211; <strong>Eintracht Frankfurt und der Stade Rennais Football Club haben sich auf einen sofortigen Transfer von Lilian Brassier geeinigt. Der franz\u00f6sische Abwehrspieler erh\u00e4lt einen Vertrag bis zum 30. Juni 2031 und die R\u00fcckennummer drei.<\/strong><\/p>\n<p>Lilian Brassier kam im Alter von 13 Jahren in die Nachwuchsakademie von Stade Rennais, in der er alle Jugendmannschaften durchlief. Bei der zweiten Mannschaft kam er als 17-J\u00e4hriger im Championnat National 2 zu seinem Deb\u00fct im Erwachsenenfu\u00dfball. <\/p>\n<p><a class=\"fancybox\" data-fancybox=\"galerie\" data-caption=\"\" rel=\"on_group\" title=\"\" href=\"https:\/\/www.europesays.com\/de\/wp-content\/uploads\/2026\/08\/11799029-f1e67e0a-6d3e-46ad-9aba-c850dd215551.jpeg\"><img decoding=\"async\" class=\"imgbdr\" style=\"max-width: 98%;\" src=\"https:\/\/www.europesays.com\/de\/wp-content\/uploads\/2026\/08\/11799029-f1e67e0a-6d3e-46ad-9aba-c850dd215551.jpeg\"\/><\/a><\/p>\n<p>F\u00fcr die Saison 2019\/20 wurde er an den damaligen Zweitligisten FC Valenciennes verliehen, bei dem er auf Anhieb Stammspieler wurde. Im Jahr darauf wechselte Brassier leihweise zu Stade Brest und schaffte dort den Durchbruch in der Ligue 1. In der Bretagne kam er auf insgesamt 117 Pflichtspiele, in denen ihm f\u00fcnf Tore und eine Vorlage gelangen. Im Sommer 2024 wurde Brassier an Olympique de Marseille verliehen und hatte mit zw\u00f6lf Eins\u00e4tzen seinen Anteil an der Vizemeisterschaft. Anschlie\u00dfend wechselte der 26-J\u00e4hrige zur\u00fcck zu seinem Ausbildungsklub Stade Rennais, bei dem er in den vergangenen beiden Spielzeiten auf 44 Eins\u00e4tze (ein Tor, zwei Vorlagen) kam.<br \/>&#13;\n<\/p>\n<p>Starke Unterst\u00fctzung f\u00fcr die Verteidigung<br \/>\nInsgesamt absolvierte Brassier, der sowohl in der Innenverteidigung als auch auf der linken Abwehrseite einsetzbar ist, 161 Spiele in der Ligue 1, in denen er sechs Tore und drei Vorlagen verbuchte. F\u00fcr Frankreichs U19- und U20-Auswahl stand der 1,86 Meter gro\u00dfe Verteidiger in insgesamt sechs Partien auf dem Platz.<\/p>\n<p><strong><a class=\"fancybox\" data-fancybox=\"galerie\" data-caption=\"\" rel=\"on_group nofollow noopener\" title=\"\" href=\"https:\/\/oshessen-news.b-cdn.net\/images\/26\/08\/xl\/11799029-e9864d04-022b-4262-b9a9-8eaf66e3bdde.jpg\" target=\"_blank\"><img decoding=\"async\" class=\"img220 imgh159 imgbdr\" src=\"https:\/\/www.europesays.com\/de\/wp-content\/uploads\/2026\/08\/11799029-e9864d04-022b-4262-b9a9-8eaf66e3bdde.jpg\"\/><\/a><\/p>\n<p>Sportvorstand Markus Kr\u00f6sche sagt: &#8222;Mit Lilian Brassier konnten wir einen physisch starken und schnellen Verteidiger verpflichten, der Zweik\u00e4mpfe mit gro\u00dfer Intensit\u00e4t f\u00fchrt und gleichzeitig \u00fcber eine hohe Dynamik verf\u00fcgt. Wir sind \u00fcberzeugt, dass Lilian unserer Defensive zus\u00e4tzliche Stabilit\u00e4t und Qualit\u00e4t verleihen wird und freuen uns sehr, ihn bei Eintracht Frankfurt begr\u00fc\u00dfen zu d\u00fcrfen.&#8220;<\/p>\n<p><\/strong> (pg\/pm) +++<\/p>\n<p><\/p>\n","protected":false},"excerpt":{"rendered":"Lilian Brassier hat seinen vertrag bis 2031 bei der Eintracht unterschrieben. &#8211; Fotos: Eintracht Frankfurt FRANKFURT AM MAIN&hellip;\n","protected":false},"author":2,"featured_media":1272606,"comment_status":"","ping_status":"","sticky":false,"template":"","format":"standard","meta":{"footnotes":"","_share_on_mastodon":"0"},"categories":[1829],"tags":[6193,6195,29,6197,2050,2051,6192,30,2052,1381,14,6196,15,6194],"class_list":["post-1272605","post","type-post","status-publish","format-standard","has-post-thumbnail","category-frankfurt-am-main","tag-alsfeld","tag-bad-hersfeld","tag-deutschland","tag-flieden","tag-frankfurt","tag-frankfurt-am-main","tag-fulda","tag-germany","tag-hessen","tag-lauterbach","tag-nachrichten","tag-neuhof","tag-news","tag-osthessen"],"share_on_mastodon":{"url":"https:\/\/pubeurope.com\/@de\/117192416183051439","error":""},"_links":{"self":[{"href":"https:\/\/www.europesays.com\/de\/wp-json\/wp\/v2\/posts\/1272605","targetHints":{"allow":["GET"]}}],"collection":[{"href":"https:\/\/www.europesays.com\/de\/wp-json\/wp\/v2\/posts"}],"about":[{"href":"https:\/\/www.europesays.com\/de\/wp-json\/wp\/v2\/types\/post"}],"author":[{"embeddable":true,"href":"https:\/\/www.europesays.com\/de\/wp-json\/wp\/v2\/users\/2"}],"replies":[{"embeddable":true,"href":"https:\/\/www.europesays.com\/de\/wp-json\/wp\/v2\/comments?post=1272605"}],"version-history":[{"count":0,"href":"https:\/\/www.europesays.com\/de\/wp-json\/wp\/v2\/posts\/1272605\/revisions"}],"wp:featuredmedia":[{"embeddable":true,"href":"https:\/\/www.europesays.com\/de\/wp-json\/wp\/v2\/media\/1272606"}],"wp:attachment":[{"href":"https:\/\/www.europesays.com\/de\/wp-json\/wp\/v2\/media?parent=1272605"}],"wp:term":[{"taxonomy":"category","embeddable":true,"href":"https:\/\/www.europesays.com\/de\/wp-json\/wp\/v2\/categories?post=1272605"},{"taxonomy":"post_tag","embeddable":true,"href":"https:\/\/www.europesays.com\/de\/wp-json\/wp\/v2\/tags?post=1272605"}],"curies":[{"name":"wp","href":"https:\/\/api.w.org\/{rel}","templated":true}]}}