{"id":1272611,"date":"2026-08-31T22:13:14","date_gmt":"2026-08-31T22:13:14","guid":{"rendered":"https:\/\/www.europesays.com\/de\/1272611\/"},"modified":"2026-08-31T22:13:14","modified_gmt":"2026-08-31T22:13:14","slug":"oktoberfest-2026-startet-mit-heidifest-leni-klum-praesentiert-dirndl-kollektion","status":"publish","type":"post","link":"https:\/\/www.europesays.com\/de\/1272611\/","title":{"rendered":"Oktoberfest 2026 startet mit HeidiFest \u2013 Leni Klum pr\u00e4sentiert Dirndl-Kollektion"},"content":{"rendered":"<p class=\"mb-6 text-xs-varying md:text-m lg:text-l font-serif group-[.font-sans]:font-sans \">\n    Bevor auf der Theresienwiese offiziell angestochen wird, steigt in <a href=\"https:\/\/www.augsburger-allgemeine.de\/orte\/aa-muenchen\" target=\"_self\" class=\"underline \" rel=\"nofollow noopener\">M\u00fcnchen<\/a> bereits die erste gro\u00dfe Oktoberfest-Promi-Party. <a href=\"https:\/\/www.all-in.de\/personen\/heidi-klum\" target=\"_self\" class=\"underline \" rel=\"nofollow noopener\">Heidi Klum<\/a> l\u00e4dt auch in diesem Jahr wieder zwei Tage vor dem Wiesn-Start, am Donnerstag, 17. September, <a href=\"https:\/\/www.augsburger-allgemeine.de\/panorama\/was-soll-denn-das-bill-kaulitz-laestert-ueber-heidi-klums-alkoholabstinenz-113186429\" target=\"_self\" class=\"underline \" rel=\"nofollow noopener\">zu ihrem \u201eHeidiFest\u201c ein<\/a>. \u00dcbertragen wird die Sendung nicht wie im vergangenen Jahr auf ProSieben, sondern von RTL. Die Sendung startet um 20.15 Uhr auf RTL und RTL+. Gefeiert wird \u2013 ganz passend zur Oktoberfest-Stimmung \u2013 im M\u00fcnchner Hofbr\u00e4uhaus mit Blasmusik und bekannte Hits hei\u00dft es vom TV-Sender.\n  <\/p>\n<p class=\"mb-6 text-xs-varying md:text-m lg:text-l font-serif group-[.font-sans]:font-sans \">\n    Schon im vergangenen Jahr lud Heidi Klum rund 700 G\u00e4ste zu ihrem \u201eHeidiFest\u201c ein \u2013 darunter Schlagerstars wie J\u00fcrgen Drews und Roberto Blanco, TV-Bekanntheiten wie Cheyenne Ochsenknecht oder die Schauspielerin Christine Neubauer. Auch internationale Stars wie das Model Alessandra Ambrosio waren dabei. Wer dieses Jahr mitfeiert, wurde bislang noch nicht bekannt gegeben.\n  <\/p>\n<p>      <a href=\"https:\/\/www.augsburger-allgemeine.de\/bayern\/braeurosl-festzelt-schenkt-freibier-auf-der-wiesn-2026-aus-31-08-115040527\" class=\"hidden  &#010;                md:block md:mr-5 md:min-w-[140px]  aspect-photo md:aspect-tv lg:aspect-tv w-fullXXX relative self-start inline overflow-hidden\" rel=\"nofollow noopener\" target=\"_blank\"><\/p>\n<p>    <img decoding=\"async\" src=\"\" alt=\"Wer zur richtigen Zeit im richtigen Festzelt ist, bekommt auf dem Oktoberfest 2026 seine Ma\u00df kostenlos.\" title=\"Wer zur richtigen Zeit im richtigen Festzelt ist, bekommt auf dem Oktoberfest 2026 seine Ma\u00df kostenlos.\" loading=\"lazy\" class=\"h-full w-full object-cover\"\/><br \/>\n   <\/a><\/p>\n<p class=\"mb-6 text-xs-varying md:text-m lg:text-l font-serif group-[.font-sans]:font-sans \">\n    Doch nicht nur Mama Heidi setzt auf Tracht \u2013 <a href=\"https:\/\/www.augsburger-allgemeine.de\/panorama\/heidi-klum-wie-nahe-sich-ihre-kinder-leni-und-henry-stehen-und-warum-leni-eine-gute-therapeutin-waere-113516920\" target=\"_self\" class=\"underline \" rel=\"nofollow noopener\">auch Tochter Leni Klum<\/a> setzt in diesem Jahr auf Dirndl. Anl\u00e4sslich der Wiesn-Saison 2026 hat Leni Klum gemeinsam mit der Marke Sportalm Kitzb\u00fchel eine eigene Dirndlkollektion entworfen. Wie auf der Website des Modeunternehmens zu lesen ist, wurden zun\u00e4chst zwei exklusive Dirndl designt, die Leni bereits beim \u201eHeidiFest\u201c 2025 tragen konnte. Daraus entstand nun eine eigene \u201eDirndl-Kapsel\u201c \u2013 also eine eigenst\u00e4ndige Kollektion von Leni Klum f\u00fcr die Wiesn-Saison 2026.\n  <\/p>\n<p>            Wer sich die Leni-Klum-Dirndl-Kollektion kaufen will, muss tief in die Tasche greifen<\/p>\n<p class=\"mb-6 text-xs-varying md:text-m lg:text-l font-serif group-[.font-sans]:font-sans \">\n    Optisch erinnern die Dirndl-Varianten kaum an klassische Tracht, sondern eher an lange Satinkleider. \u201eMinimalistisches Design mit maximalem Anspruch\u201c, schreibt das Unternehmen. F\u00fcr diesen minimalistischen Look muss man allerdings tief in die Tasche greifen. So gibt es etwa ein blau-wei\u00df kariertes Baumwollkleid f\u00fcr 749 Euro. Eine Rock-Mieder-Kombinationen gibt es in Buttergelb sowie eine weitere Variante in Dunkelbraun. Die Mieder starten ab 229 Euro die R\u00f6cke ab 399 Euro.\n  <\/p>\n","protected":false},"excerpt":{"rendered":"Bevor auf der Theresienwiese offiziell angestochen wird, steigt in M\u00fcnchen bereits die erste gro\u00dfe Oktoberfest-Promi-Party. Heidi Klum l\u00e4dt&hellip;\n","protected":false},"author":2,"featured_media":1272612,"comment_status":"","ping_status":"","sticky":false,"template":"","format":"standard","meta":{"footnotes":"","_share_on_mastodon":"0"},"categories":[1827],"tags":[772,68288,29,30,5135,92620,1268,6927,37553,1307,640,2959,684],"class_list":["post-1272611","post","type-post","status-publish","format-standard","has-post-thumbnail","category-muenchen","tag-bayern","tag-blasmusik","tag-deutschland","tag-germany","tag-heidi-klum","tag-heidifest","tag-muenchen","tag-oktoberfest","tag-pro7","tag-prosieben","tag-rtl","tag-theresienwiese","tag-tv"],"share_on_mastodon":{"url":"https:\/\/pubeurope.com\/@de\/117192426057371132","error":""},"_links":{"self":[{"href":"https:\/\/www.europesays.com\/de\/wp-json\/wp\/v2\/posts\/1272611","targetHints":{"allow":["GET"]}}],"collection":[{"href":"https:\/\/www.europesays.com\/de\/wp-json\/wp\/v2\/posts"}],"about":[{"href":"https:\/\/www.europesays.com\/de\/wp-json\/wp\/v2\/types\/post"}],"author":[{"embeddable":true,"href":"https:\/\/www.europesays.com\/de\/wp-json\/wp\/v2\/users\/2"}],"replies":[{"embeddable":true,"href":"https:\/\/www.europesays.com\/de\/wp-json\/wp\/v2\/comments?post=1272611"}],"version-history":[{"count":0,"href":"https:\/\/www.europesays.com\/de\/wp-json\/wp\/v2\/posts\/1272611\/revisions"}],"wp:featuredmedia":[{"embeddable":true,"href":"https:\/\/www.europesays.com\/de\/wp-json\/wp\/v2\/media\/1272612"}],"wp:attachment":[{"href":"https:\/\/www.europesays.com\/de\/wp-json\/wp\/v2\/media?parent=1272611"}],"wp:term":[{"taxonomy":"category","embeddable":true,"href":"https:\/\/www.europesays.com\/de\/wp-json\/wp\/v2\/categories?post=1272611"},{"taxonomy":"post_tag","embeddable":true,"href":"https:\/\/www.europesays.com\/de\/wp-json\/wp\/v2\/tags?post=1272611"}],"curies":[{"name":"wp","href":"https:\/\/api.w.org\/{rel}","templated":true}]}}