{"id":1272619,"date":"2026-08-31T22:17:19","date_gmt":"2026-08-31T22:17:19","guid":{"rendered":"https:\/\/www.europesays.com\/de\/1272619\/"},"modified":"2026-08-31T22:17:19","modified_gmt":"2026-08-31T22:17:19","slug":"brandenburg-berlin-sommerbilanz-fuer-berlin-und-brandenburg-wenig-regen-und-rekordhitze","status":"publish","type":"post","link":"https:\/\/www.europesays.com\/de\/1272619\/","title":{"rendered":"Brandenburg Berlin: Sommerbilanz f\u00fcr Berlin und Brandenburg: wenig Regen und Rekordhitze"},"content":{"rendered":"<p>            <img loading=\"lazy\" decoding=\"async\" class=\"ts-image\" src=\"https:\/\/www.europesays.com\/de\/wp-content\/uploads\/2026\/08\/rbb-hitze-114.jpg\" alt=\"Markise und Sonnenschirm auf Berliner Balkonen. (Quelle: picture alliance\/imageBROKER\/Joko)\" title=\"Hitze, Balkone, Markise 611333555 | picture alliance\/imageBROKER\/Joko\"\/><\/p>\n<p class=\"metatextline\">Stand: 31.08.2026 \u2022 18:27 Uhr<\/p>\n<p class=\"article-head__shorttext\">\n        <strong>Der Sommer 2026 hat Berlin und Brandenburg neue Hitzerekorde beschert \u2013 besonders au\u00dfergew\u00f6hnlich war der Juni. Zugleich fiel deutlich weniger Regen als \u00fcblich.<\/strong>\n    <\/p>\n<p class=\"textabsatz m-ten m-offset-one l-eight l-offset-two columns twelve\">Der Sommer 2026 ist in Berlin und Brandenburg w\u00e4rmer und trockener ausgefallen als in den vergangenen Jahren. Nach vorl\u00e4ufigen Berechnungen des Deutschen Wetterdienstes (DWD) geh\u00f6rte er bundesweit zu den w\u00e4rmsten Sommern seit Beginn der Wetteraufzeichnungen. In Berlin lag die Durchschnittstemperatur bei 20,0 Grad und damit 2,2 Grad \u00fcber dem langj\u00e4hrigen Mittel. Pr\u00e4gend war vor allem <a href=\"https:\/\/www.rbb24.de\/panorama\/beitrag\/2026\/06\/wetter-sonne-sommer-juni-heiss-berlin-brandenburg.html\" title=\"der au\u00dfergew\u00f6hnlich hei\u00dfe Juni\" class=\"textlink--extern\" target=\"_blank\" rel=\"noopener nofollow\">der au\u00dfergew\u00f6hnlich hei\u00dfe Juni<\/a>. Am 27. Juni wurde in Tempelhof mit 39,9 Grad ein neuer Hitzerekord f\u00fcr die Hauptstadt gemessen. Insgesamt registrierte der DWD im Stadtgebiet rund 19 hei\u00dfe Tage mit mindestens 30 Grad sowie vier Tage mit Temperaturen von mindestens 35 Grad.<\/p>\n<p class=\"textabsatz m-ten m-offset-one l-eight l-offset-two columns twelve\">Auch Brandenburg erlebte einen au\u00dfergew\u00f6hnlich warmen Sommer. Die Durchschnittstemperatur erreichte 19,5 Grad und lag damit 2,2 Grad \u00fcber der durchschnittlichen Jahrestemperatur. <a href=\"https:\/\/www.rbb24.de\/panorama\/beitrag\/2026\/06\/deutscher-temperatur-hochwert-brandenburg-coschen.html\" title=\"Am 28. Juni wurden in Coschen (Oder-Spree) 41,7 Grad gemessen\" class=\"textlink--extern\" target=\"_blank\" rel=\"noopener nofollow\">Am 28. Juni wurden in Coschen (Oder-Spree) 41,7 Grad gemessen<\/a>. Das war nach Angaben des DWD die h\u00f6chste bislang in Brandenburg registrierte Temperatur. Landesweit gab es etwa 18 hei\u00dfe Tage und mehr als vier sogenannte sehr hei\u00dfe Tage mit mindestens 35 Grad.<\/p>\n<p>    Schweres Unwetter mit Tornado<\/p>\n<p class=\"textabsatz m-ten m-offset-one l-eight l-offset-two columns twelve\">Zugleich fiel in beiden L\u00e4ndern deutlich weniger Regen als \u00fcblich. In Berlin wurden mit rund 147 Litern pro Quadratmeter lediglich 81 Prozent des normalen Sommerniederschlags gemessen. In Brandenburg waren es mit 138 Litern pro Quadratmeter sogar nur 78 Prozent des langj\u00e4hrigen Mittels. Die Trockenheit f\u00fchrte bundesweit zu ausgetrockneten B\u00f6den, niedrigen Wasserst\u00e4nden und einer erh\u00f6hten Waldbrandgefahr. Regional kam es zu Unwettern. <a href=\"https:\/\/www.rbb24.de\/panorama\/beitrag\/2026\/08\/fuerstenwalde-tornado-feuerwehr-einsatz-schaeden.html\" title=\"So zog am 19. August ein Tornado durch F\u00fcrstenwalde (Oder-Spree)\" class=\"textlink--extern\" target=\"_blank\" rel=\"noopener nofollow\">So zog am 19. August ein Tornado durch F\u00fcrstenwalde (Oder-Spree)<\/a>. Zudem zeigte sich die Sonne in beiden L\u00e4ndern deutlich h\u00e4ufiger als \u00fcblich. In Berlin wurden rund 756 Sonnenstunden gemessen, in Brandenburg rund 747 Stunden.<\/p>\n<p class=\"textabsatz m-ten m-offset-one l-eight l-offset-two columns twelve\">Deutschlandweit war der Sommer 2026 laut DWD mit einer Durchschnittstemperatur von 19,6 Grad der voraussichtlich zweitw\u00e4rmste seit Beginn der Aufzeichnungen im Jahr 1881. W\u00e4rmer war nach vorl\u00e4ufigen Berechnungen lediglich der Jahrhundertsommer 2003.<\/p>\n<p>    Welche Rolle spielt der Klimawandel?<\/p>\n<p class=\"textabsatz m-ten m-offset-one l-eight l-offset-two columns twelve\">Laut DWD hat eine Attributionsstudie ergeben, dass eine solche Hitzewelle wie Ende Juni ohne den Klimawandel statistisch gar nicht m\u00f6glich gewesen w\u00e4re. Mit Attributionsstudien l\u00e4sst sich absch\u00e4tzen, inwieweit der vom Menschen verursachte Klimawandel die Wahrscheinlichkeit und Intensit\u00e4t individueller Wetter- oder Klimaextreme ver\u00e4ndert hat. <a href=\"https:\/\/www.rki.de\/DE\/Themen\/Gesundheit-und-Gesellschaft\/Gesundheitliche-Einflussfaktoren-A-Z\/H\/Hitze\/Bericht_Hitzemortalitaet.html\" title=\"Nach Sch\u00e4tzung des Robert Koch-Instituts (RKI) (rki.de)\" class=\"textlink--extern js-link-dialog\" rel=\"noopener noreferrer nofollow\" target=\"_blank\" data-type=\"external\">Nach Sch\u00e4tzung des Robert Koch-Instituts (RKI) (rki.de)<\/a> sind bis Mitte August etwa 15.800 Menschen in Deutschland durch Hitze gestorben. 9.600 dieser Todesf\u00e4lle entfielen auf die Extremhitze Ende Juni, wie es im letzten RKI-Wochenbericht hie\u00df. Weitere 4.000 Sterbef\u00e4lle seien auf die hohen Temperaturen in den ersten zwei Augustwochen zur\u00fcckzuf\u00fchren. Der Bericht betrachtet den Zeitraum vom 6. April bis zum 16. August. In Berlin und Brandenburg hatte sich Anfang Juli ebenfalls angedeutet, <a href=\"https:\/\/www.rbb24.de\/panorama\/beitrag\/2026\/07\/berlin-brandenburg-hitzetote-hitzewelle-sterbefaelle.html\" title=\"dass die Zahl der Hitzetoten deutlich h\u00f6her als in den Vorjahren war\" class=\"textlink--extern\" target=\"_blank\" rel=\"noopener nofollow\">dass die Zahl der Hitzetoten deutlich h\u00f6her als in den Vorjahren war<\/a>. Aktuellere Zahlen f\u00fcr die Region liegen nicht vor.<\/p>\n<p class=\"textabsatz m-ten m-offset-one l-eight l-offset-two columns twelve\">Sendung: rbb24 Inforadio, 31.08.2026, 14:00 Uhr Audio: rbb24 Inforadio, 31.08.2026, Katharina Wilhelm<\/p>\n<p>                                        <a class=\"backlink__link\" href=\"https:\/\/www.rbb24.de\/panorama\/beitrag\/2026\/08\/berlin-brandenburg-sommer-regen-sonne-hitze-rekorde.html\" rel=\"nofollow noopener\" target=\"_blank\"><\/p>\n<p>                                                <img decoding=\"async\" src=\"https:\/\/images.tagesschau.de\/image\/898f19c3-6760-4be2-a33f-1fa765216ec2\/AAABlap_olM\/AAABnR8VW9w\/original\/lra-rbb-logo-100.svg\" alt=\"Rundfunk Berlin-Brandenburg\"\/><\/p>\n<p>                                        <\/a><\/p>\n","protected":false},"excerpt":{"rendered":"Stand: 31.08.2026 \u2022 18:27 Uhr Der Sommer 2026 hat Berlin und Brandenburg neue Hitzerekorde beschert \u2013 besonders au\u00dfergew\u00f6hnlich&hellip;\n","protected":false},"author":2,"featured_media":1272620,"comment_status":"","ping_status":"","sticky":false,"template":"","format":"standard","meta":{"footnotes":"","_share_on_mastodon":"0"},"categories":[1816],"tags":[1960,1958,1959,1957,296,1956,1890,29,30,2239],"class_list":["post-1272619","post","type-post","status-publish","format-standard","has-post-thumbnail","category-brandenburg","tag-aktuelle-nachrichten-aus-berlin-und-brandenburg","tag-aktuelle-nachrichten-aus-brandenburg","tag-aktuelle-news-aus-berlin-und-brandenburg","tag-aktuelle-news-aus-brandenburg","tag-berlin","tag-berlin-und-brandenburg","tag-brandenburg","tag-deutschland","tag-germany","tag-rbb"],"share_on_mastodon":{"url":"https:\/\/pubeurope.com\/@de\/117192441510204644","error":""},"_links":{"self":[{"href":"https:\/\/www.europesays.com\/de\/wp-json\/wp\/v2\/posts\/1272619","targetHints":{"allow":["GET"]}}],"collection":[{"href":"https:\/\/www.europesays.com\/de\/wp-json\/wp\/v2\/posts"}],"about":[{"href":"https:\/\/www.europesays.com\/de\/wp-json\/wp\/v2\/types\/post"}],"author":[{"embeddable":true,"href":"https:\/\/www.europesays.com\/de\/wp-json\/wp\/v2\/users\/2"}],"replies":[{"embeddable":true,"href":"https:\/\/www.europesays.com\/de\/wp-json\/wp\/v2\/comments?post=1272619"}],"version-history":[{"count":0,"href":"https:\/\/www.europesays.com\/de\/wp-json\/wp\/v2\/posts\/1272619\/revisions"}],"wp:featuredmedia":[{"embeddable":true,"href":"https:\/\/www.europesays.com\/de\/wp-json\/wp\/v2\/media\/1272620"}],"wp:attachment":[{"href":"https:\/\/www.europesays.com\/de\/wp-json\/wp\/v2\/media?parent=1272619"}],"wp:term":[{"taxonomy":"category","embeddable":true,"href":"https:\/\/www.europesays.com\/de\/wp-json\/wp\/v2\/categories?post=1272619"},{"taxonomy":"post_tag","embeddable":true,"href":"https:\/\/www.europesays.com\/de\/wp-json\/wp\/v2\/tags?post=1272619"}],"curies":[{"name":"wp","href":"https:\/\/api.w.org\/{rel}","templated":true}]}}