{"id":1272625,"date":"2026-08-31T22:20:27","date_gmt":"2026-08-31T22:20:27","guid":{"rendered":"https:\/\/www.europesays.com\/de\/1272625\/"},"modified":"2026-08-31T22:20:27","modified_gmt":"2026-08-31T22:20:27","slug":"hertha-holt-wunschstuermer-nilsson-kommt-per-leihe-nach-berlin","status":"publish","type":"post","link":"https:\/\/www.europesays.com\/de\/1272625\/","title":{"rendered":"Hertha holt Wunschst\u00fcrmer: Nilsson kommt per Leihe nach Berlin"},"content":{"rendered":"<p>Bis einen Tag vor dem Deadline Day wartete <a href=\"https:\/\/www.fussballdaten.de\/vereine\/hertha-bsc\/\" title=\"Profil von Hertha BSC\" rel=\"nofollow noopener\" target=\"_blank\">Hertha BSC<\/a> f\u00fcr diese Verk\u00fcndung, doch nun ist die Leihe von <a href=\"https:\/\/www.fussballdaten.de\/person\/gustaf-nilsson\/\" title=\"Profil von Gustaf Nilsson\" rel=\"nofollow noopener\" target=\"_blank\">Gustaf Nilsson<\/a> perfekt. Der Mittelst\u00fcrmer wechselt f\u00fcr ein Jahr von <a href=\"https:\/\/www.fussballdaten.de\/vereine\/club-bruegge\/\" title=\"Profil von Club Br\u00fcgge\" rel=\"nofollow noopener\" target=\"_blank\">Club Br\u00fcgge<\/a> nach Westend und soll f\u00fcr die Berliner auf Torejagd gehen. Eine Kaufoption konnte sich Hertha dazu noch sichern. <a href=\"https:\/\/www.fussballdaten.de\/news\/hertha-nilsson-leihe-suche-mittelstuermer-beendet\/\" target=\"_blank\" rel=\"nofollow noopener\">Am Montagnachmittag<\/a> absolvierte Nilsson den Medizincheck, den er erfolgreich absolvierte. Die Unterschrift und die anschlie\u00dfende Best\u00e4tigung folgten danach.<\/p>\n<p class=\"mb20 mt30\">&#8222;Wir hatten gute Gespr\u00e4che, in denen sich schnell herausgestellt hat, dass Hertha f\u00fcr mich eine fantastische Option darstellt. Zuletzt ging es auch recht schnell&#8220;, wird Nilsson in einer Mitteilung des Hauptstadtklubs zitiert. Jetzt kann ich es kaum erwarten, vor den Fans im Olympiastadion aufzulaufen, dem Team zu helfen und hoffentlich viele Tore zu schie\u00dfen.&#8220;<\/p>\n<p>Weber: &#8222;Wir haben uns sehr lange um ihn bem\u00fcht&#8220;<\/p>\n<p class=\"mb20 mt30\">Nilsson mit einer K\u00f6rpergr\u00f6\u00dfe von 1,97 Metern bringt ein nahezu passendes Profil mit, das Hertha suchte: Kopfballst\u00e4rke, Torgefahr und die F\u00e4higkeit, B\u00e4lle gut festmachen zu k\u00f6nnen. Bislang durfte Sebastian Gr\u00f6nning als Neuner starten, kam auch gut in die Saison, aber bei ihm schlichen sich immer wieder Fehler ein. So vert\u00e4nzelte er Gro\u00dfchancen zum Beispiel gegen <a href=\"https:\/\/www.fussballdaten.de\/vereine\/eintracht-braunschweig\/\" title=\"Profil von Eintracht Braunschweig\" rel=\"nofollow noopener\" target=\"_blank\">Eintracht Braunschweig<\/a> (<a href=\"https:\/\/www.fussballdaten.de\/news\/brekalo-drei-scorern-hertha-holt-0-2-gegen-braunschweig\/\" target=\"_blank\" rel=\"nofollow noopener\">5:3<\/a>). Von Nilsson wird erwartet, dass er genau dies nicht machen wird.<\/p>\n<p class=\"mb20 mt30\">&#8222;Gustaf deckt genau das Profil ab, das wir noch f\u00fcr den Angriff gesucht haben. Er ist gro\u00df, besitzt ein sehr gutes Kopfballspiel und ist abschlussstark. Zudem bringt er reichlich Erfahrung mit. Wir haben uns sehr lange um ihn bem\u00fcht und sind sehr froh, dass er sich dazu entschlossen hat, zu uns zu kommen&#8220;, so Sportdirektor Benjamin Weber.<\/p>\n<p>Hertha-Neuzugang Nilsson kennt Deutschland bereits<\/p>\n<p class=\"p1 mb20 mt30\">Deutschland kennt der schwedische Nationalspieler (zwei Eins\u00e4tze bei Weltmeisterschaft) bereits. Zwischen Januar 2021 und Sommer 2022 spielte er f\u00fcr <a href=\"https:\/\/www.fussballdaten.de\/vereine\/sv-wehen-wiesbaden\/\" title=\"Profil von SV Wehen Wiesbaden\" rel=\"nofollow noopener\" target=\"_blank\">Wehen<\/a> Wiesbaden in der dritten Liga, absolvierte dabei 45 Pflichtspiele. \u00dcber einen kurzen Aufenthalt bei <a href=\"https:\/\/www.fussballdaten.de\/vereine\/union-saint-gilloise\/\" title=\"Profil von Union Saint-Gilloise\" rel=\"nofollow noopener\" target=\"_blank\">Union Saint-Gilloise<\/a> kam Nilsson schlie\u00dflich zu Br\u00fcgge. Die erste Saison in Belgien verlief noch gut, die zweite Spielzeit aber nicht. <a href=\"https:\/\/www.fussballdaten.de\/person\/nicolo-tresoldi\/\" title=\"Profil von Nicolo Tresoldi\" rel=\"nofollow noopener\" target=\"_blank\">Nicolo Tresoldi<\/a> verdr\u00e4ngte ihn, am Ex-Hannoveraner kam er nicht mehr vorbei.<\/p>\n<p class=\"mb20 mt30\">Jetzt versucht Nilsson sein Gl\u00fcck in Berlin. Hertha ist mit vier Siegen in vier Pflichtspielen in die Saison gestartet. Dank dem offensiveren Fu\u00dfball, den Trainer <a href=\"https:\/\/www.fussballdaten.de\/person\/stefan-leitl\/\" title=\"Profil von Stefan Leitl\" rel=\"nofollow noopener\" target=\"_blank\">Stefan Leitl<\/a> w\u00e4hrend der Sommervorbereitung einstudierte, und den verbesserten Standards, befindet sich die Alte Dame in einer aussichtsreichen Position. Mit Neuzugang Nilsson soll nun f\u00fcr mehr Sicherheit vor dem Tor gesorgt werden.<\/p>\n<p><img loading=\"lazy\" decoding=\"async\" src=\"https:\/\/www.europesays.com\/de\/wp-content\/uploads\/2026\/08\/51bee9ba104f4558bc50d150cce714cd.gif\" width=\"1\" height=\"1\" alt=\"\" class=\"mb20 mt30\"\/><\/p>\n","protected":false},"excerpt":{"rendered":"Bis einen Tag vor dem Deadline Day wartete Hertha BSC f\u00fcr diese Verk\u00fcndung, doch nun ist die Leihe&hellip;\n","protected":false},"author":2,"featured_media":1272626,"comment_status":"","ping_status":"","sticky":false,"template":"","format":"standard","meta":{"footnotes":"","_share_on_mastodon":"0"},"categories":[1825],"tags":[621,296,18013,29,8704,30,262760,1088,22506,28926],"class_list":["post-1272625","post","type-post","status-publish","format-standard","has-post-thumbnail","category-berlin","tag-2-bundesliga","tag-berlin","tag-club-bruegge","tag-deutschland","tag-eintracht-braunschweig","tag-germany","tag-gustaf-nilsson","tag-hertha-bsc","tag-sv-wehen-wiesbaden","tag-union-saint-gilloise"],"share_on_mastodon":{"url":"https:\/\/pubeurope.com\/@de\/117192454866063766","error":""},"_links":{"self":[{"href":"https:\/\/www.europesays.com\/de\/wp-json\/wp\/v2\/posts\/1272625","targetHints":{"allow":["GET"]}}],"collection":[{"href":"https:\/\/www.europesays.com\/de\/wp-json\/wp\/v2\/posts"}],"about":[{"href":"https:\/\/www.europesays.com\/de\/wp-json\/wp\/v2\/types\/post"}],"author":[{"embeddable":true,"href":"https:\/\/www.europesays.com\/de\/wp-json\/wp\/v2\/users\/2"}],"replies":[{"embeddable":true,"href":"https:\/\/www.europesays.com\/de\/wp-json\/wp\/v2\/comments?post=1272625"}],"version-history":[{"count":0,"href":"https:\/\/www.europesays.com\/de\/wp-json\/wp\/v2\/posts\/1272625\/revisions"}],"wp:featuredmedia":[{"embeddable":true,"href":"https:\/\/www.europesays.com\/de\/wp-json\/wp\/v2\/media\/1272626"}],"wp:attachment":[{"href":"https:\/\/www.europesays.com\/de\/wp-json\/wp\/v2\/media?parent=1272625"}],"wp:term":[{"taxonomy":"category","embeddable":true,"href":"https:\/\/www.europesays.com\/de\/wp-json\/wp\/v2\/categories?post=1272625"},{"taxonomy":"post_tag","embeddable":true,"href":"https:\/\/www.europesays.com\/de\/wp-json\/wp\/v2\/tags?post=1272625"}],"curies":[{"name":"wp","href":"https:\/\/api.w.org\/{rel}","templated":true}]}}