{"id":1272644,"date":"2026-08-31T22:32:16","date_gmt":"2026-08-31T22:32:16","guid":{"rendered":"https:\/\/www.europesays.com\/de\/1272644\/"},"modified":"2026-08-31T22:32:16","modified_gmt":"2026-08-31T22:32:16","slug":"unter-uns-rtl-stellt-serie-nach-32-jahren-ein-schauspieler-sind-geschockt","status":"publish","type":"post","link":"https:\/\/www.europesays.com\/de\/1272644\/","title":{"rendered":"\u201eUnter uns\u201c: RTL stellt Serie nach 32 Jahren ein \u2013 Schauspieler sind geschockt"},"content":{"rendered":"<p>Es ist eine der am l\u00e4ngsten laufenden Serien Deutschlands. Doch nun soll Schluss sein mit \u201eUnter uns\u201c auf RTL. F\u00fcr die Darsteller kam die Entscheidung \u00fcberraschend.<\/p>\n<p class=\"c-inline-alert__description\">Klicken Sie hier, um sich Artikel von WELT in der Google-Suche bevorzugt anzeigen zu lassen.<\/p>\n<p class=\"is-first-paragraph\" data-external=\"Article.FirstParagraph\">Seit mehr als drei Jahrzehnten sind die Dramen und Wirrungen rund um die fiktive Schillerallee bei RTL zu sehen\u00a0\u2013 jetzt gehen der Sender und die Serie \u201eUnter uns\u201c getrennte Wege. Die Produktion der Soap f\u00fcr RTL werde \u00fcber das Jahresende 2026 hinaus nicht fortgesetzt, teilte der Sender mit. Bereits produzierte Folgen werden demnach vollst\u00e4ndig bei RTL und RTL+ zu sehen sein. Die aktuelle Staffel l\u00e4uft noch bis zum M\u00e4rz 2027.<\/p>\n<p>Der Entschluss sei Teil der strategischen Weiterentwicklung des Nachmittags- und Vorabendprogramms, hie\u00df es von RTL. Den Ausschlag h\u00e4tten \u201ever\u00e4nderte wirtschaftliche Rahmenbedingungen f\u00fcr t\u00e4gliche fiktionale Programme, die Entwicklung der Nutzung sowie die zuk\u00fcnftige Ausrichtung der Programmstrecke\u201c gegeben.<\/p>\n<p>Produktionsfirma pr\u00fcft Zukunft der Soap<\/p>\n<p>\u201eUnter uns\u201c z\u00e4hlt zu den langj\u00e4hrigsten Serien im deutschen Fernsehen. Seit November 1994 ist die Soap werktags im RTL-Nachmittagsprogramm zu sehen\u00a0\u2013 nur \u201eGute Zeiten, schlechte Zeiten\u201c (GZSZ), das bereits seit 1992 bei RTL zu sehen ist, l\u00e4uft noch l\u00e4nger. Fast 8000 Folgen sind von \u201eUnter uns\u201c bislang in K\u00f6ln gedreht worden.<\/p>\n<p>Das Ende von \u201eUnter uns\u201c muss die Entscheidung von RTL jedoch nicht bedeuten: Die Produktionsfirma Ufa Serial Drama betrachtet die Serie weiterhin als starke fiktionale Marke mit hohem Bekanntheitsgrad und Erz\u00e4hlpotenzial. Das Unternehmen pr\u00fcft den Angaben zufolge daher, welche Perspektiven es f\u00fcr die Zukunft der Serie gibt.<\/p>\n<p>\u201e\u201aUnter uns\u2018 ist weit mehr als eine t\u00e4gliche Serie\u201c, erkl\u00e4rte Ufa-CEO Sascha Schwingel. \u201eDie Schillerallee ist seit \u00fcber 30 Jahren ein Ort f\u00fcr Figuren, Themen und Geschichten, die Menschen bewegen und begleiten. Diese Geschichten sind f\u00fcr uns noch lange nicht auserz\u00e4hlt.\u201c<\/p>\n<p>Schauspieler sind geschockt<\/p>\n<p>Nach Informationen der \u201e<a class=\"is-link c-block-items__link is-external c-link--rich-text-renderer\" href=\"https:\/\/www.bild.de\/unterhaltung\/tv-fernsehformate\/unter-uns-stars-wie-isabell-hertel-nach-serien-aus-geschockt-6a957face93222a77575e9d4\" target=\"_blank\" title=\"Link wird in einem neuen Tab ge\u00f6ffnet\" rel=\"nofollow noopener\" data-internal-tracking-enabled=\"true\" data-internal-tracking=\"{&quot;action&quot;:&quot;click&quot;,&quot;label&quot;:&quot;link&quot;,&quot;name&quot;:&quot;Inline Element&quot;,&quot;data&quot;:{&quot;source&quot;:&quot;&quot;,&quot;target&quot;:&quot;https:\/\/www.bild.de\/unterhaltung\/tv-fernsehformate\/unter-uns-stars-wie-isabell-hertel-nach-serien-aus-geschockt-6a957face93222a77575e9d4&quot;,&quot;trackingName&quot;:&quot;&quot;,&quot;trackingLabel&quot;:&quot;&quot;}}\">Bild<\/a>\u201c-Zeitung wurden Darsteller und Mitarbeiter in den vergangenen Tagen \u00fcber das Aus informiert. F\u00fcr viele sei die Nachricht \u00fcberraschend gekommen. Besonders hart trifft die Entscheidung Isabell Hertel, die seit Folge 55 als Ute Huber vor der Kamera steht und damit das dienst\u00e4lteste Mitglied des Ensembles ist.<\/p>\n<p>\u201eDie Nachricht war schon ein Schock\u201c, sagte Hertel. Die Serie mache nach mehr als 30 Jahren noch immer viele Menschen gl\u00fccklich und sei f\u00fcr sie zu \u201eeinem St\u00fcck Familie\u201c geworden. Zun\u00e4chst habe sie nicht weinen k\u00f6nnen, sp\u00e4ter seien ihr auf dem Flur die Tr\u00e4nen gekommen. Hertel hofft dennoch auf eine m\u00f6gliche Fortsetzung bei einem anderen Sender.<\/p>\n<p>Auch Lars Steinh\u00f6fel (Ingo \u201eEasy\u201c Winter) verwies auf die lange Bindung des Publikums an die Serie. F\u00fcr viele Menschen geh\u00f6re \u201eUnter uns\u201c seit Jahrzehnten zum Alltag. Die Zuschauer seien mit der Schillerallee und ihren Figuren aufgewachsen, h\u00e4tten mit ihnen gelacht, gelitten und mitgefiebert. Daraus sei etwas entstanden, das weit \u00fcber eine gew\u00f6hnliche Fernsehserie hinausgehe.<\/p>\n<p>Tabea Heynig (Britta Sch\u00f6nfeld) erfuhr nach eigenen Angaben w\u00e4hrend einer Autofahrt vom Produktionsende. \u201eIch habe absolut nicht damit gerechnet\u201c, sagte sie der \u201eBild\u201c. Das Ensemble sei geschockt und traurig, sowohl f\u00fcr sich selbst als auch f\u00fcr die Fans. \u201eHier wird noch viel geweint.\u201c Zugleich verwies Heynig auf die schwierige Besch\u00e4ftigungslage in der Film- und Serienbranche. Nun m\u00fcsse sie pr\u00fcfen, welche beruflichen M\u00f6glichkeiten sich erg\u00e4ben.<\/p>\n<p>Einzelheiten zum geplanten Serienfinale machte RTL bislang nicht. <\/p>\n<p>kami\/ll mit dpa<\/p>\n","protected":false},"excerpt":{"rendered":"Es ist eine der am l\u00e4ngsten laufenden Serien Deutschlands. Doch nun soll Schluss sein mit \u201eUnter uns\u201c auf&hellip;\n","protected":false},"author":2,"featured_media":1272645,"comment_status":"","ping_status":"","sticky":false,"template":"","format":"standard","meta":{"footnotes":"","_share_on_mastodon":"0"},"categories":[155],"tags":[29,214,30,725,250153,110,640,1897,45,215],"class_list":["post-1272644","post","type-post","status-publish","format-standard","has-post-thumbnail","category-unterhaltung","tag-deutschland","tag-entertainment","tag-germany","tag-gzsz","tag-newsos-import-welt","tag-newsteam","tag-rtl","tag-streaming","tag-texttospeech","tag-unterhaltung"],"share_on_mastodon":{"url":"https:\/\/pubeurope.com\/@de\/117192500674547378","error":""},"_links":{"self":[{"href":"https:\/\/www.europesays.com\/de\/wp-json\/wp\/v2\/posts\/1272644","targetHints":{"allow":["GET"]}}],"collection":[{"href":"https:\/\/www.europesays.com\/de\/wp-json\/wp\/v2\/posts"}],"about":[{"href":"https:\/\/www.europesays.com\/de\/wp-json\/wp\/v2\/types\/post"}],"author":[{"embeddable":true,"href":"https:\/\/www.europesays.com\/de\/wp-json\/wp\/v2\/users\/2"}],"replies":[{"embeddable":true,"href":"https:\/\/www.europesays.com\/de\/wp-json\/wp\/v2\/comments?post=1272644"}],"version-history":[{"count":0,"href":"https:\/\/www.europesays.com\/de\/wp-json\/wp\/v2\/posts\/1272644\/revisions"}],"wp:featuredmedia":[{"embeddable":true,"href":"https:\/\/www.europesays.com\/de\/wp-json\/wp\/v2\/media\/1272645"}],"wp:attachment":[{"href":"https:\/\/www.europesays.com\/de\/wp-json\/wp\/v2\/media?parent=1272644"}],"wp:term":[{"taxonomy":"category","embeddable":true,"href":"https:\/\/www.europesays.com\/de\/wp-json\/wp\/v2\/categories?post=1272644"},{"taxonomy":"post_tag","embeddable":true,"href":"https:\/\/www.europesays.com\/de\/wp-json\/wp\/v2\/tags?post=1272644"}],"curies":[{"name":"wp","href":"https:\/\/api.w.org\/{rel}","templated":true}]}}