{"id":1272648,"date":"2026-08-31T22:34:12","date_gmt":"2026-08-31T22:34:12","guid":{"rendered":"https:\/\/www.europesays.com\/de\/1272648\/"},"modified":"2026-08-31T22:34:12","modified_gmt":"2026-08-31T22:34:12","slug":"die-elektromobilitaet-steht-vor-dem-durchbruch-deutschland-erlebt-die-e-auto-wende-welt-2","status":"publish","type":"post","link":"https:\/\/www.europesays.com\/de\/1272648\/","title":{"rendered":"\u201eDie Elektromobilit\u00e4t steht vor dem Durchbruch\u201c \u2013 Deutschland erlebt die E-Auto-Wende &#8211; WELT"},"content":{"rendered":"<ol>\n<li><a href=\"https:\/\/news.google.com\/rss\/articles\/CBMi5wFBVV95cUxOSC1KYzN5TkVZa2plZ1Zxb0lWNllEdEt2bzZ2WlJrWUpEZTVTeWYwaXhLLVFoQTFzTFR5eHhhZmJWdmdKODZ1VGEtelJkT2xMOGV0T2taYVdnN0V1SzFKdkpSMTJFSU1GZmlybnRncXRKQkhfUFpwZ0Uycko2dDJ6YXNyaGhxbDFNU0I3cE5uMkduUDRUUG9wNlZ0bGQwVHNLdnB6b1ByRlNBei1LMGM2eGVvekFhZE1zMTJ2MFJOOE9fX1Q4ZzVUZ3dNV01CVkFZWExzbEkyMWh6dzZtM251Q1VpYnlBa1k?oc=5\" target=\"_blank\" rel=\"nofollow noopener\">\u201eDie Elektromobilit\u00e4t steht vor dem Durchbruch\u201c \u2013 Deutschland erlebt die E-Auto-Wende<\/a>&nbsp;&nbsp;WELT<\/li>\n<li><a href=\"https:\/\/news.google.com\/rss\/articles\/CBMisgFBVV95cUxPR1M3bkJBS0hZRFRPNUduOU5HS2lsM3lhOGtfaEVyeHhBMU9OOU1qbHpyWXVrQ0pTVDZIeXJJczRCRHk4dTNnR016SnR1ZkZZRnJnMFpSQmVGejM4U3JIa2dKQVRpSjJTMHRqLXZ3VTdrZFl2RXdOWkhQQWhYX3l3WC13c0pDSFd4UG8tSnp0RWE2VDZxMDlrNU1KSkVyaHVqZkZVU2xyNHA5c0FhMmdoVWhB?oc=5\" target=\"_blank\" rel=\"nofollow noopener\">Mobilit\u00e4t heute &#8211; T\u00dcV Mobility Studie 2026<\/a>&nbsp;&nbsp;radioeins<\/li>\n<li><a href=\"https:\/\/news.google.com\/rss\/articles\/CBMi7AFBVV95cUxOWTdrSGtfNFB4UGVhYTdsM0JFVFVuMW9ZUGxSX2R5Tm1kckhoTF9BT3FLZkJMcW12UnVDa1NiZHVfT2xhNUJsMU1uNFRZU2ptbVAyYld2ekNGNFQzT1VYUDhIU3UwaTNxeWJNYWw4RGdHWHE5aThsTUUyUWlPakxjSnllOWdDcGNKQmljNGV6R21wcVNWVnphZ0pBZy1mcm1rSW11dmV6Yk1BZ2dvLTRBdXEtN1hYYlJScEJZbWNaOEZxMTdHSng4UnRZOGgyeDJmNFZCcEs3TFB3R1k2WGNkV2NEUGhjT3p6SzdOMA?oc=5\" target=\"_blank\" rel=\"nofollow noopener\">Einst Ladenh\u00fcter, jetzt hei\u00dfe Ware: Deutsche wollen jetzt gebrauchte E-Autos<\/a>&nbsp;&nbsp;CHIP<\/li>\n<li><a href=\"https:\/\/news.google.com\/rss\/articles\/CBMiuwFBVV95cUxPYlNZaHFRclJtbW1WblppRUtuWUY2bElmME10MTFNeU1DWVlMTUIzYzJubGxObEV6cVdScldibFpORHhmSFR6MG1ITEx6bDRsZVNNYW10MEN4elpXQUpCcnFFaExKVU9vWTNxTG1ENXNNaDE3clJXYk92NkdfX3plSnZTdS1NTXNfZXhPZHpndVBXNmstOUxvUllMNlZNald6YTZaVTBucTVGVjZQekdwSWctWXlrOXVrSDg4?oc=5\" target=\"_blank\" rel=\"nofollow noopener\">Muss die Hauptuntersuchung f\u00fcrs Softwareauto neu gedacht werden?<\/a>&nbsp;&nbsp;ingenieur.de<\/li>\n<li><a href=\"https:\/\/news.google.com\/rss\/articles\/CBMizgFBVV95cUxQcVNIQVBpUm9Iem5uc3RVenlvUW50S1phZHl6VGJxRnh4ME9WRGluX3hDT3JodTZwNzNWMkwxcjlaeGpFN1JOcTNHSjZ1TzA0THdJd0pCbEhMQTRYYlg2WjlmSmF0cEx3cEFIak5ZbXhYU3BPaVZONXdCUTNvZjhsUldFQnctMDJpazB4RmNtdmNEUUlxekRoblliVUpRWFVxSUltSzhRR29ncTVMYW1aNE5hZXY3bXVUVFcyVzRuU2VaYVJnTW5HVG1wLTNwQQ?oc=5\" target=\"_blank\" rel=\"nofollow noopener\">Mobilit\u00e4t in Deutschland: T\u00dcV-Studie: Auto bleibt f\u00fcr die meisten Menschen erste Wahl<\/a>&nbsp;&nbsp;WiWo<\/li>\n<\/ol>\n","protected":false},"excerpt":{"rendered":"\u201eDie Elektromobilit\u00e4t steht vor dem Durchbruch\u201c \u2013 Deutschland erlebt die E-Auto-Wende&nbsp;&nbsp;WELT Mobilit\u00e4t heute &#8211; T\u00dcV Mobility Studie 2026&nbsp;&nbsp;radioeins&hellip;\n","protected":false},"author":2,"featured_media":1272649,"comment_status":"","ping_status":"","sticky":false,"template":"","format":"standard","meta":{"footnotes":"","_share_on_mastodon":"0"},"categories":[134],"tags":[371,175,170,169,29,1728,51955,118490,30,11436,59002,171,174,2908,45,260765,173,172],"class_list":["post-1272648","post","type-post","status-publish","format-standard","has-post-thumbnail","category-unternehmen-maerkte","tag-autoindustrie","tag-business","tag-companies","tag-companies-markets","tag-deutschland","tag-elektroautos","tag-elektromobile-ks","tag-elektromotoren-ks","tag-germany","tag-heuzeroth-thomas","tag-kc_finanzen","tag-markets","tag-maerkte","tag-msn-feed-plus","tag-texttospeech","tag-tuev-technischer-ueberwachungsverein-ks","tag-unternehmen","tag-unternehmen-maerkte"],"share_on_mastodon":{"url":"https:\/\/pubeurope.com\/@de\/117192508294649171","error":""},"_links":{"self":[{"href":"https:\/\/www.europesays.com\/de\/wp-json\/wp\/v2\/posts\/1272648","targetHints":{"allow":["GET"]}}],"collection":[{"href":"https:\/\/www.europesays.com\/de\/wp-json\/wp\/v2\/posts"}],"about":[{"href":"https:\/\/www.europesays.com\/de\/wp-json\/wp\/v2\/types\/post"}],"author":[{"embeddable":true,"href":"https:\/\/www.europesays.com\/de\/wp-json\/wp\/v2\/users\/2"}],"replies":[{"embeddable":true,"href":"https:\/\/www.europesays.com\/de\/wp-json\/wp\/v2\/comments?post=1272648"}],"version-history":[{"count":0,"href":"https:\/\/www.europesays.com\/de\/wp-json\/wp\/v2\/posts\/1272648\/revisions"}],"wp:featuredmedia":[{"embeddable":true,"href":"https:\/\/www.europesays.com\/de\/wp-json\/wp\/v2\/media\/1272649"}],"wp:attachment":[{"href":"https:\/\/www.europesays.com\/de\/wp-json\/wp\/v2\/media?parent=1272648"}],"wp:term":[{"taxonomy":"category","embeddable":true,"href":"https:\/\/www.europesays.com\/de\/wp-json\/wp\/v2\/categories?post=1272648"},{"taxonomy":"post_tag","embeddable":true,"href":"https:\/\/www.europesays.com\/de\/wp-json\/wp\/v2\/tags?post=1272648"}],"curies":[{"name":"wp","href":"https:\/\/api.w.org\/{rel}","templated":true}]}}