{"id":1272653,"date":"2026-08-31T22:37:17","date_gmt":"2026-08-31T22:37:17","guid":{"rendered":"https:\/\/www.europesays.com\/de\/1272653\/"},"modified":"2026-08-31T22:37:17","modified_gmt":"2026-08-31T22:37:17","slug":"landtagswahl-sachsen-anhalt-merz-warnt-vor-afd-regierung-pfiffe-fuer-den-kanzler-im-osten-liveticker","status":"publish","type":"post","link":"https:\/\/www.europesays.com\/de\/1272653\/","title":{"rendered":"Landtagswahl Sachsen-Anhalt: ++ Merz warnt vor AfD-Regierung \u2013 Pfiffe f\u00fcr den Kanzler im Osten ++ Liveticker"},"content":{"rendered":"<p>FDP-Chef Wolfgang Kubicki h\u00e4lt eine m\u00f6gliche Regierung der AfD in Sachsen-Anhalt nicht f\u00fcr eine Bedrohung f\u00fcr die Demokratie. \u201eEs w\u00e4re schlimm, aber kein Betriebsverfall der Demokratie, wenn die AfD in Sachsen-Anhalt regieren w\u00fcrde\u201c, sagte der FDP-Chef dem Sender ntv. Auch eine AfD-gef\u00fchrte Regierung m\u00fcsste sich an Bundesgesetze halten\u00a0\u2013 und \u201edas kann auch durch Bundeszwang erwirkt werden\u201c, sagte Kubicki. Der Begriff \u201eBundeszwang\u201c geht auf Artikel 37 des Grundgesetzes zur\u00fcck. Der Artikel gibt dem Bund die M\u00f6glichkeit, gegen ein Bundesland Zwangsma\u00dfnahmen zu ergreifen, wenn dieses seine bundesstaatlichen Pflichten nicht erf\u00fcllt. Forderungen aus dem AfD-Wahlprogramm in Sachsen-Anhalt, wonach ausl\u00e4ndische \u00c4rzte verdr\u00e4ngt werden sollten, seien nicht durchzusetzen, sagte Kubicki. \u201eDas geht im Rechtsstaat nicht so einfach, wie die AfD sich das vorstellt. Jedes Gericht wird denen sofort in den Arm fallen. Keine Sorge.\u201c Im Notfall k\u00f6nne der Bund \u201evon Verfassungswegen einen Staatskommissar einsetzen, die Regierung entmachten, wenn sie sich nicht an Bundesgesetze h\u00e4lt\u201c.<\/p>\n","protected":false},"excerpt":{"rendered":"FDP-Chef Wolfgang Kubicki h\u00e4lt eine m\u00f6gliche Regierung der AfD in Sachsen-Anhalt nicht f\u00fcr eine Bedrohung f\u00fcr die Demokratie.&hellip;\n","protected":false},"author":2,"featured_media":1272654,"comment_status":"","ping_status":"","sticky":false,"template":"","format":"standard","meta":{"footnotes":"","_share_on_mastodon":"0"},"categories":[5],"tags":[186,31,183,13,99561,97373,188,182,14,15,110,12,141666,45,10,8,9,11,141667],"class_list":["post-1272653","post","type-post","status-publish","format-standard","has-post-thumbnail","category-nachrichten","tag-afd","tag-cdu","tag-friedrich-cdu","tag-headlines","tag-landtagswahl-sachsen-anhalt","tag-landtagswahlen-ks","tag-liveticker","tag-merz","tag-nachrichten","tag-news","tag-newsteam","tag-schlagzeilen","tag-siegmund","tag-texttospeech","tag-top-news","tag-top-meldungen","tag-topmeldungen","tag-topnews","tag-ulrich-afd"],"share_on_mastodon":{"url":"","error":""},"_links":{"self":[{"href":"https:\/\/www.europesays.com\/de\/wp-json\/wp\/v2\/posts\/1272653","targetHints":{"allow":["GET"]}}],"collection":[{"href":"https:\/\/www.europesays.com\/de\/wp-json\/wp\/v2\/posts"}],"about":[{"href":"https:\/\/www.europesays.com\/de\/wp-json\/wp\/v2\/types\/post"}],"author":[{"embeddable":true,"href":"https:\/\/www.europesays.com\/de\/wp-json\/wp\/v2\/users\/2"}],"replies":[{"embeddable":true,"href":"https:\/\/www.europesays.com\/de\/wp-json\/wp\/v2\/comments?post=1272653"}],"version-history":[{"count":0,"href":"https:\/\/www.europesays.com\/de\/wp-json\/wp\/v2\/posts\/1272653\/revisions"}],"wp:featuredmedia":[{"embeddable":true,"href":"https:\/\/www.europesays.com\/de\/wp-json\/wp\/v2\/media\/1272654"}],"wp:attachment":[{"href":"https:\/\/www.europesays.com\/de\/wp-json\/wp\/v2\/media?parent=1272653"}],"wp:term":[{"taxonomy":"category","embeddable":true,"href":"https:\/\/www.europesays.com\/de\/wp-json\/wp\/v2\/categories?post=1272653"},{"taxonomy":"post_tag","embeddable":true,"href":"https:\/\/www.europesays.com\/de\/wp-json\/wp\/v2\/tags?post=1272653"}],"curies":[{"name":"wp","href":"https:\/\/api.w.org\/{rel}","templated":true}]}}