{"id":1272655,"date":"2026-08-31T22:38:20","date_gmt":"2026-08-31T22:38:20","guid":{"rendered":"https:\/\/www.europesays.com\/de\/1272655\/"},"modified":"2026-08-31T22:38:20","modified_gmt":"2026-08-31T22:38:20","slug":"vereinshuette-weisser-ring-und-eurasier-hundeverein-stellen-sich-vor-du-bist-halle","status":"publish","type":"post","link":"https:\/\/www.europesays.com\/de\/1272655\/","title":{"rendered":"Vereinsh\u00fctte: \u201eWei\u00dfer Ring\u201c und Eurasier-Hundeverein stellen sich vor \u2013 Du bist Halle"},"content":{"rendered":"<p class=\"wp-block-paragraph\">Die Stadt Halle (Saale) erm\u00f6glicht auch dieses Jahr wieder die kostenlose Nutzung einer Vereinsh\u00fctte. In dieser Woche pr\u00e4sentiert sich nach Auskunft der Stadtverwaltung im mobilen Stand an der Konzerthalle Ulrichskirche, Leipziger Stra\u00dfe, am morgigen\u00a0<strong>Dienstag, 1.\u00a0September\u00a02026<\/strong>, die hallesche Au\u00dfenstelle des\u00a0<strong>Wei\u00dfen Rings\u00a0e.V.<\/strong>, der sich f\u00fcr Opfer von Kriminalit\u00e4t und Gewalt sowie deren Angeh\u00f6rige einsetzt.<br \/>Am\u00a0<strong>Samstag, 5.\u00a0September\u00a02026<\/strong>, stellt die Landesgruppe Sachsen-Anhalt des\u00a0<strong>KZG\u00a0Eurasier e.V.<\/strong>\u00a0Tiere dieser Hunderasse sowie das Vereinsleben vor.<\/p>\n<p>Werbung<\/p>\n<p><a href=\"https:\/\/qr.hwgmbh.de\/695w4\" target=\"_blank\" aria-label=\"Monatsmotive_September_800x600px\" rel=\"nofollow noopener\"><img loading=\"lazy\" decoding=\"async\" src=\"https:\/\/www.europesays.com\/de\/wp-content\/uploads\/2026\/08\/Monatsmotive_September_800x600px.jpg\" alt=\"\"   width=\"800\" height=\"600\"\/><\/a><\/p>\n<p class=\"wp-block-paragraph\">Noch bis zum Freitag, 30. Oktober 2026, k\u00f6nnen in dieser Saison wieder Vereine und Einrichtungen sich und ihre Projekte in der eigens gestalteten Vereinsh\u00fctte einem gro\u00dfen Publikum pr\u00e4sentieren. Neben halleschen gemeinn\u00fctzigen, kulturellen und Sportvereinen sind auch weitere Nutzer in der Vereinsh\u00fctte der Stadt willkommen. Termine k\u00f6nnen per E-Mail unter\u00a0<a href=\"http:\/\/dubisthalle.de\/cdn-cgi\/l\/email-protection#6e030f0b1c051a0b2e060f02020b400a0b\" rel=\"nofollow noopener\" target=\"_blank\">[email\u00a0protected]<\/a>\u00a0angefragt werden.<\/p>\n<p>Werbung<\/p>\n<p><a href=\"https:\/\/saalebulls.vbotickets.com\/event\/saale_bulls_vs_eispiraten_crimmitschau\/200455\" target=\"_blank\" aria-label=\"WhatsApp Image 2026-08-31 at 10.27.24 (1)\" rel=\"nofollow noopener\"><img loading=\"lazy\" decoding=\"async\" src=\"https:\/\/www.europesays.com\/de\/wp-content\/uploads\/2026\/08\/WhatsApp-Image-2026-08-31-at-10.27.24-1.jpeg\" alt=\"\"   width=\"800\" height=\"600\"\/><\/a>          <\/p>\n","protected":false},"excerpt":{"rendered":"Die Stadt Halle (Saale) erm\u00f6glicht auch dieses Jahr wieder die kostenlose Nutzung einer Vereinsh\u00fctte. In dieser Woche pr\u00e4sentiert&hellip;\n","protected":false},"author":2,"featured_media":1231059,"comment_status":"","ping_status":"","sticky":false,"template":"","format":"standard","meta":{"footnotes":"","_share_on_mastodon":"0"},"categories":[1860],"tags":[3364,29,548,663,3934,30,4062,17332,13,14,15,17331,860,12],"class_list":["post-1272655","post","type-post","status-publish","format-standard","has-post-thumbnail","category-halle-saale","tag-de","tag-deutschland","tag-eu","tag-europa","tag-europe","tag-germany","tag-halle","tag-halle-saale","tag-headlines","tag-nachrichten","tag-news","tag-saale","tag-sachsen-anhalt","tag-schlagzeilen"],"share_on_mastodon":{"url":"","error":""},"_links":{"self":[{"href":"https:\/\/www.europesays.com\/de\/wp-json\/wp\/v2\/posts\/1272655","targetHints":{"allow":["GET"]}}],"collection":[{"href":"https:\/\/www.europesays.com\/de\/wp-json\/wp\/v2\/posts"}],"about":[{"href":"https:\/\/www.europesays.com\/de\/wp-json\/wp\/v2\/types\/post"}],"author":[{"embeddable":true,"href":"https:\/\/www.europesays.com\/de\/wp-json\/wp\/v2\/users\/2"}],"replies":[{"embeddable":true,"href":"https:\/\/www.europesays.com\/de\/wp-json\/wp\/v2\/comments?post=1272655"}],"version-history":[{"count":0,"href":"https:\/\/www.europesays.com\/de\/wp-json\/wp\/v2\/posts\/1272655\/revisions"}],"wp:featuredmedia":[{"embeddable":true,"href":"https:\/\/www.europesays.com\/de\/wp-json\/wp\/v2\/media\/1231059"}],"wp:attachment":[{"href":"https:\/\/www.europesays.com\/de\/wp-json\/wp\/v2\/media?parent=1272655"}],"wp:term":[{"taxonomy":"category","embeddable":true,"href":"https:\/\/www.europesays.com\/de\/wp-json\/wp\/v2\/categories?post=1272655"},{"taxonomy":"post_tag","embeddable":true,"href":"https:\/\/www.europesays.com\/de\/wp-json\/wp\/v2\/tags?post=1272655"}],"curies":[{"name":"wp","href":"https:\/\/api.w.org\/{rel}","templated":true}]}}