{"id":1272664,"date":"2026-08-31T22:45:19","date_gmt":"2026-08-31T22:45:19","guid":{"rendered":"https:\/\/www.europesays.com\/de\/1272664\/"},"modified":"2026-08-31T22:45:19","modified_gmt":"2026-08-31T22:45:19","slug":"fw-mg-kellerbrand-in-mehrfamilienhaus-presseportal","status":"publish","type":"post","link":"https:\/\/www.europesays.com\/de\/1272664\/","title":{"rendered":"FW-MG: Kellerbrand in Mehrfamilienhaus | Presseportal"},"content":{"rendered":"<p class=\"date\">01.09.2026 \u2013 00:23<\/p>\n<p class=\"customer\">\n                        <a class=\"story-customer\" title=\"weiter zum newsroom von Feuerwehr M\u00f6nchengladbach\" href=\"https:\/\/www.presseportal.de\/blaulicht\/nr\/115879\" rel=\"nofollow noopener\" target=\"_blank\">Feuerwehr M\u00f6nchengladbach<\/a>\n                    <\/p>\n<p><a class=\"glightbox event-trigger\" href=\"https:\/\/cache.pressmailing.net\/thumbnail\/story_hires\/7d8d98c6-e001-48ad-a293-1df9b874ec97\/Logo_PresseBRAND_neu.jpg.jpg\" data-description=\"Symbolbild\" data-category=\"medialightbox\" data-action=\"click\" data-label=\"single\" data-value=\"6a95fefb270000fd2cbfbd6d\" rel=\"nofollow noopener\" target=\"_blank\"><img decoding=\"async\" height=\"540\" with=\"720\" src=\"https:\/\/www.europesays.com\/de\/wp-content\/uploads\/2026\/08\/fw-mg-kellerbrand-in-mehrfamilienhaus.jpeg\"   alt=\"FW-MG: Kellerbrand in Mehrfamilienhaus\" class=\"single\"\/><\/a><\/p>\n<p><a data-category=\"citylink-story-view\" data-action=\"click\" data-label=\"Citylink in Meldungsansicht\" class=\"story-city event-trigger\" href=\"https:\/\/www.presseportal.de\/regional\/M%F6nchengladbach-Bonnenbroich%20Geneiken%2C%2031.08.2026%2C%2018%3A55%20Uhr%2C%20Merowingerstra%DFe\" title=\"News aus M\u00f6nchengladbach-Bonnenbroich Geneiken, 31.08.2026, 18:55 Uhr, Merowingerstra\u00dfe \" rel=\"nofollow noopener\" target=\"_blank\">M\u00f6nchengladbach-Bonnenbroich Geneiken, 31.08.2026, 18:55 Uhr, Merowingerstra\u00dfe<\/a> (ots)<\/p>\n<p>Gegen 18:55 Uhr wurde die Feuerwehr zu einem Kellerbrand in einem Mehrfamilienhaus auf der Merowingerstra\u00dfe alarmiert. Zwei Bewohner hatten eine Rauchentwicklung bemerkt und unternahmen einen L\u00f6schversuch, mussten diesen aber wegen der starken Rauchentwicklung abbrechen.<\/p>\n<p>Beim Eintreffen der Einsatzkr\u00e4fte rauchte es aus einem Kellerfenster. Umgehend wurde ein Trupp mit C-Rohr und Pressluftatmer unter Verwendung eines Rauchschutzvorhangs in den betroffenen Kellerbereich geschickt. Zus\u00e4tzlich wurde ein Hochleistungsl\u00fcfter eingesetzt, um den Treppenraum rauchfrei zu halten.<\/p>\n<p>Der eingesetzte Trupp konnte das Feuer schnell lokalisieren und abl\u00f6schen. Zur Entrauchung des Kellers wurde ein zweiter Hochleistungsl\u00fcfter eingesetzt. Durch das Feuer wurde die Wasserversorgung des Geb\u00e4udes besch\u00e4digt. Zur Reparatur wurde die NEW zur Einsatzstelle alarmiert.<\/p>\n<p>Verletzt wurde gl\u00fccklicherweise niemand. Die Wohnungen im Geb\u00e4ude waren durch das Feuer nicht betroffen. Die Einsatzstelle wurde zur weiteren Ermittlung der Brandursache an die Polizei \u00fcbergeben.<\/p>\n<p>Im Einsatz waren der L\u00f6schzug der Feuer- und Rettungswache III (Rheydt), das Hilfeleistungsl\u00f6schfahrzeug der Feuer- und Rettungswache I (Neuwerk) , der Abrollbeh\u00e4lter Atemschutz und der Ger\u00e4tewagen Einsatzstellenhygiene, die Einheit Rheydt der Freiwilligen Feuerwehr, der Rettungsdienst sowie der F\u00fchrungsdienst der Berufsfeuerwehr.<\/p>\n<p>Einsatzleiter: Brandamtmann Stephan M\u00fcller \/ Ingo Hartmann (Zugf\u00fchrer in Ausbildung)<\/p>\n<p class=\"contact-headline\">R\u00fcckfragen bitte an:<\/p>\n<p class=\"contact-text\">Stadt M\u00f6nchengladbach<br \/>Fachbereich 37 &#8211; Feuerwehr<br \/>F\u00fchrungs- und Lagezentrum<br \/>Stockholtweg 132<br \/>41238 M\u00f6nchengladbach<\/p>\n<p>Telefon: 02166\/9989-0<br \/>Fax: 02166\/9989-37729<br \/>E-Mail: <a href=\"https:\/\/www.presseportal.de\/blaulicht\/pm\/115879\/mailto:leitstelle.feuerwehr@moenchengladbach.de\" class=\"uri-mailto\" rel=\"nofollow noopener\" target=\"_blank\">leitstelle.feuerwehr@moenchengladbach.de<\/a><br \/><a target=\"_blank\" class=\"uri-ext outbound\" rel=\"noopener nofollow\" href=\"http:\/\/www.feuerwehr-mg.de\/\">http:\/\/www.feuerwehr-mg.de\/<\/a><\/p>\n<p class=\"originator\">Original-Content von: Feuerwehr M\u00f6nchengladbach, \u00fcbermittelt durch news aktuell<\/p>\n","protected":false},"excerpt":{"rendered":"01.09.2026 \u2013 00:23 Feuerwehr M\u00f6nchengladbach M\u00f6nchengladbach-Bonnenbroich Geneiken, 31.08.2026, 18:55 Uhr, Merowingerstra\u00dfe (ots) Gegen 18:55 Uhr wurde die Feuerwehr&hellip;\n","protected":false},"author":2,"featured_media":1272665,"comment_status":"","ping_status":"","sticky":false,"template":"","format":"standard","meta":{"footnotes":"","_share_on_mastodon":"0"},"categories":[1849],"tags":[2919,3364,29,548,663,3934,985,30,13,5669,4455,14,15,1209,176,178,180,179,181,12,1284,4028],"class_list":["post-1272664","post","type-post","status-publish","format-standard","has-post-thumbnail","category-moenchengladbach","tag-brand","tag-de","tag-deutschland","tag-eu","tag-europa","tag-europe","tag-feuerwehr","tag-germany","tag-headlines","tag-hochwasser","tag-moenchengladbach","tag-nachrichten","tag-news","tag-nordrhein-westfalen","tag-nrw","tag-presse","tag-pressemeldung","tag-pressemitteilung","tag-pressemitteilungen","tag-schlagzeilen","tag-unfall","tag-unwetter"],"share_on_mastodon":{"url":"","error":""},"_links":{"self":[{"href":"https:\/\/www.europesays.com\/de\/wp-json\/wp\/v2\/posts\/1272664","targetHints":{"allow":["GET"]}}],"collection":[{"href":"https:\/\/www.europesays.com\/de\/wp-json\/wp\/v2\/posts"}],"about":[{"href":"https:\/\/www.europesays.com\/de\/wp-json\/wp\/v2\/types\/post"}],"author":[{"embeddable":true,"href":"https:\/\/www.europesays.com\/de\/wp-json\/wp\/v2\/users\/2"}],"replies":[{"embeddable":true,"href":"https:\/\/www.europesays.com\/de\/wp-json\/wp\/v2\/comments?post=1272664"}],"version-history":[{"count":0,"href":"https:\/\/www.europesays.com\/de\/wp-json\/wp\/v2\/posts\/1272664\/revisions"}],"wp:featuredmedia":[{"embeddable":true,"href":"https:\/\/www.europesays.com\/de\/wp-json\/wp\/v2\/media\/1272665"}],"wp:attachment":[{"href":"https:\/\/www.europesays.com\/de\/wp-json\/wp\/v2\/media?parent=1272664"}],"wp:term":[{"taxonomy":"category","embeddable":true,"href":"https:\/\/www.europesays.com\/de\/wp-json\/wp\/v2\/categories?post=1272664"},{"taxonomy":"post_tag","embeddable":true,"href":"https:\/\/www.europesays.com\/de\/wp-json\/wp\/v2\/tags?post=1272664"}],"curies":[{"name":"wp","href":"https:\/\/api.w.org\/{rel}","templated":true}]}}