{"id":1272681,"date":"2026-08-31T22:55:41","date_gmt":"2026-08-31T22:55:41","guid":{"rendered":"https:\/\/www.europesays.com\/de\/1272681\/"},"modified":"2026-08-31T22:55:41","modified_gmt":"2026-08-31T22:55:41","slug":"zwei-tornados-der-deutschen-luftwaffe-auf-uebungsflug-ueber-guetersloh","status":"publish","type":"post","link":"https:\/\/www.europesays.com\/de\/1272681\/","title":{"rendered":"Zwei Tornados der deutschen Luftwaffe auf \u00dcbungsflug \u00fcber G\u00fctersloh"},"content":{"rendered":"<p>Sie trainieren f\u00fcr den Ernstfall: Zwei Tornado-Kampfjets sind jetzt am Himmel \u00fcber G\u00fctersloh zu h\u00f6ren gewesen.<\/p>\n<p>G\u00fctersloh (cabo) &#8211; Zwei Kampfjets vom Typ Tornado sind am Montagvormittag, 31. August, \u00fcber G\u00fctersloh geflogen. Das teilte ein Sprecher des Luftfahrtamts der Bundeswehr auf Anfrage mit. Die Maschinen der deutschen Luftwaffe flogen demnach zwischen 10.47 und 10.55 Uhr insgesamt drei Mal \u00fcber die\u2026<\/p>\n<p>            <img decoding=\"async\" src=\"https:\/\/www.die-glocke.de\/typo3conf\/ext\/bo_dieglocke_template\/Resources\/Public\/Images\/logo\/glocke_plus_icon.svg\" class=\"pwTopImage\" alt=\"Glocke Plus\"\/><\/p>\n<p>                Jetzt weiterlesen mit G+<\/p>\n<p class=\"card-text equal-height text-center\" data-equalheightgroup=\"1\">\n                0,99 \u20ac im 1. Monat \u2013 monatlich k\u00fcndbar\n            <\/p>\n<tr>\n<tr>\n<td class=\"w-25px p-1\">\n<\/td>\n<td class=\"p-1\">\n<p>                                            aktuelle Nachrichten rund um die Uhr<\/p>\n<\/td>\n<\/tr>\n<tr>\n<td class=\"w-25px p-1\">\n<\/td>\n<td class=\"p-1\">\n<p>                                            nur 79 \u20ac (ab dem 13. Monat 7,90 \u20ac monatlich)<\/p>\n<\/td>\n<\/tr>\n<tr>\n<td class=\"w-25px p-1\">\n<\/td>\n<td class=\"p-1\">\n<p>                                            nach 12 Monaten Mindestlaufzeit monatlich k\u00fcndbar<\/p>\n<\/td>\n<\/tr>\n<tr>\n<td class=\"w-25px p-1\">\n<\/td>\n<td class=\"p-1\">\n<p>                                            sparen Sie 15,80 \u20ac gegen\u00fcber dem Monatsabo<\/p>\n<\/td>\n<\/tr>\n<\/tr>\n<p>\n                        79 \u20ac f\u00fcr 12 Monate\n                    <\/p>\n<p>                    <a data-upscore-conversion=\"1\" rel=\"nofollow noopener\" class=\"btn link-primary border rounded border-2 border-primary d-block w-100 mb-4\" href=\"https:\/\/shop.die-glocke.de\/bestellen\/g-jahresabo-bc91?type=paypal&amp;upscore_object_id=afabc8af-a0c0-4381-b715-b76c6b032120-Portal&amp;upscore_offer_id=&amp;upscore_click_id=&amp;upscore_object_url=https%3A%2F%2Fwww.die-glocke.de%2Fkreis-guetersloh%2Fguetersloh%2Fartikel%2Fzwei-tornados-der-deutschen-luftwaffe-auf-uebungsflug-ueber-guetersloh-1788192604&amp;target=https%3A%2F%2Fwww.die-glocke.de%2Fkreis-guetersloh%2Fguetersloh%2Fartikel%2Fzwei-tornados-der-deutschen-luftwaffe-auf-uebungsflug-ueber-guetersloh-1788192604\" target=\"_blank\"><br \/>\n                        <strong>Jahresabo bestellen mit <\/strong><br \/>\n                        <img loading=\"lazy\" decoding=\"async\" class=\"me-2 icon-paypal\" src=\"https:\/\/www.die-glocke.de\/fileadmin\/images\/demo\/paypal.svg\" width=\"65\" height=\"15\" alt=\"Paypal\"\/><br \/>\n                    <\/a><\/p>\n<p>                    <a data-upscore-conversion=\"1\" class=\"paywall_order_btn-668975\" href=\"https:\/\/shop.die-glocke.de\/gplus-jahresabo?upscore_object_id=afabc8af-a0c0-4381-b715-b76c6b032120-Portal&amp;upscore_offer_id=&amp;upscore_click_id=&amp;upscore_object_url=https%3A%2F%2Fwww.die-glocke.de%2Fkreis-guetersloh%2Fguetersloh%2Fartikel%2Fzwei-tornados-der-deutschen-luftwaffe-auf-uebungsflug-ueber-guetersloh-1788192604&amp;target=https%3A%2F%2Fwww.die-glocke.de%2Fkreis-guetersloh%2Fguetersloh%2Fartikel%2Fzwei-tornados-der-deutschen-luftwaffe-auf-uebungsflug-ueber-guetersloh-1788192604\" rel=\"nofollow noopener\" target=\"_blank\"><br \/>\n                        Jahresabo bestellen<br \/>\n                    <\/a><\/p>\n<p>Texte und Fotos von die-glocke.de sind urheberrechtlich gesch\u00fctzt.<br \/>\n            Weiterverwendung nur mit Genehmigung der Chefredaktion.<\/p>\n","protected":false},"excerpt":{"rendered":"Sie trainieren f\u00fcr den Ernstfall: Zwei Tornado-Kampfjets sind jetzt am Himmel \u00fcber G\u00fctersloh zu h\u00f6ren gewesen. G\u00fctersloh (cabo)&hellip;\n","protected":false},"author":2,"featured_media":1272682,"comment_status":"","ping_status":"","sticky":false,"template":"","format":"standard","meta":{"footnotes":"","_share_on_mastodon":"0"},"categories":[1841],"tags":[1605,685,3364,29,30,33685,1480,451,1209,37339,4961],"class_list":["post-1272681","post","type-post","status-publish","format-standard","has-post-thumbnail","category-bielefeld","tag-bielefeld","tag-bundeswehr","tag-de","tag-deutschland","tag-germany","tag-kampfjet","tag-luftwaffe","tag-militaer","tag-nordrhein-westfalen","tag-tornado","tag-verteidigung"],"share_on_mastodon":{"url":"https:\/\/pubeurope.com\/@de\/117192593946391828","error":""},"_links":{"self":[{"href":"https:\/\/www.europesays.com\/de\/wp-json\/wp\/v2\/posts\/1272681","targetHints":{"allow":["GET"]}}],"collection":[{"href":"https:\/\/www.europesays.com\/de\/wp-json\/wp\/v2\/posts"}],"about":[{"href":"https:\/\/www.europesays.com\/de\/wp-json\/wp\/v2\/types\/post"}],"author":[{"embeddable":true,"href":"https:\/\/www.europesays.com\/de\/wp-json\/wp\/v2\/users\/2"}],"replies":[{"embeddable":true,"href":"https:\/\/www.europesays.com\/de\/wp-json\/wp\/v2\/comments?post=1272681"}],"version-history":[{"count":0,"href":"https:\/\/www.europesays.com\/de\/wp-json\/wp\/v2\/posts\/1272681\/revisions"}],"wp:featuredmedia":[{"embeddable":true,"href":"https:\/\/www.europesays.com\/de\/wp-json\/wp\/v2\/media\/1272682"}],"wp:attachment":[{"href":"https:\/\/www.europesays.com\/de\/wp-json\/wp\/v2\/media?parent=1272681"}],"wp:term":[{"taxonomy":"category","embeddable":true,"href":"https:\/\/www.europesays.com\/de\/wp-json\/wp\/v2\/categories?post=1272681"},{"taxonomy":"post_tag","embeddable":true,"href":"https:\/\/www.europesays.com\/de\/wp-json\/wp\/v2\/tags?post=1272681"}],"curies":[{"name":"wp","href":"https:\/\/api.w.org\/{rel}","templated":true}]}}