{"id":1272696,"date":"2026-08-31T23:06:25","date_gmt":"2026-08-31T23:06:25","guid":{"rendered":"https:\/\/www.europesays.com\/de\/1272696\/"},"modified":"2026-08-31T23:06:25","modified_gmt":"2026-08-31T23:06:25","slug":"powerhouse-films-bringt-romper-stomper-erstmals-auf-4k-uhd-in-der-indicator-series-uk-us","status":"publish","type":"post","link":"https:\/\/www.europesays.com\/de\/1272696\/","title":{"rendered":"Powerhouse Films bringt &#8222;Romper Stomper&#8220; erstmals auf 4K UHD in der &#8222;Indicator Series&#8220; (UK\/US)"},"content":{"rendered":"<p>&#13;<br \/>\n                        &#13;<br \/>\n                        &#13;<br \/>\n                                                 &#13;<br \/>\n                        \t\t\t\t\t\t\t\t\t\t                        &#13;<br \/>\n                                &#13;<br \/>\n                                                  &#13;<br \/>\n&#13;<br \/>\n                        <img fetchpriority=\"high\" width=\"800\" height=\"800\" src=\"https:\/\/www.europesays.com\/de\/wp-content\/uploads\/2026\/08\/ROMPER-STOMPER-4K-UHD-LE.jpg\" class=\"cj-featured-inline wp-post-image\" alt=\"Powerhouse Films bringt \u201eRomper Stomper\u201c erstmals auf 4K UHD in der \u201eIndicator Series\u201c (UK\/US)\" loading=\"eager\" decoding=\"async\"  \/><\/p>\n<p>Powerhouse Films bringt im November dieses Jahres im Rahmen der \u201eIndicator Series\u201c Geoffrey Wrights \u201eRomper Stomper\u201c (1992), mit Russell Crowe, Jacqueline McKenzie und Daniel Pollock, erstmals auf 4K UHD heraus. Die auf 6.000 einzeln nummerierte Exemplare f\u00fcr Gro\u00dfbritannien und die USA limitierte Edition basiert auf einer neuen 4K-HDR-Restaurierung des Originalnegativs und bietet Dolby Vision sowie HDR10.<\/p>\n<p>Zum Bonusmaterial geh\u00f6ren unter anderem zwei Audiokommentare, neue Interviews mit Regisseur Geoffrey Wright und Produzent Daniel Scharf, \u00e4ltere Gespr\u00e4che mit Wright, Russell Crowe, Jacqueline McKenzie und weiteren Beteiligten sowie Aufnahmen eines Behind-the-Scenes-Fotoshootings aus dem Jahr 1992. Erg\u00e4nzt wird die Ausstattung durch eine neue kritische Betrachtung von Stephen Morgan, den Archivbeitrag \u201eNationwide: Sydney Skinheads\u201c aus dem Jahr 1983, den Kinotrailer sowie Bild- und Script-Galerien. Au\u00dferdem liegt ein exklusives 80-seitiges Buch mit neuen und archivierten Texten zur Produktion, Ver\u00f6ffentlichung und den damaligen Kontroversen des Films bei.<\/p>\n<p><strong>Tonspuren<\/strong><\/p>\n<ul>\n<li>English DTS-HD MA 5.1<\/li>\n<li>English DTS-HD MA 2.0<\/li>\n<\/ul>\n<p><strong>Handlung<\/strong><\/p>\n<p>In einem Vorort von Melbourne terrorisiert eine gewaltt\u00e4tige Neonazi-Skinhead-Gang unter F\u00fchrung des psychopathischen Hando die vietnamesisch-australische Gemeinschaft. Nachdem die Gewalt immer weiter eskaliert, wird die Gruppe sowohl von Vietnamesen als auch von der Polizei verfolgt. Handos Freundin Gabrielle und sein Vertrauter Davey beginnen daraufhin, ihre Situation und die Taten der Gang zu hinterfragen, w\u00e4hrend Hando zunehmend ohne Ausweg dasteht.<\/p>\n<p>Der Release ist voraussichtlich am 16.11.2026.<\/p>\n<p>Jetzt bestellen<\/p>\n<p>&#13;<\/p>\n","protected":false},"excerpt":{"rendered":"&#13; &#13; &#13; &#13; &#13; &#13; &#13; &#13; Powerhouse Films bringt im November dieses Jahres im Rahmen der&hellip;\n","protected":false},"author":2,"featured_media":1272697,"comment_status":"","ping_status":"","sticky":false,"template":"","format":"standard","meta":{"footnotes":"","_share_on_mastodon":"0"},"categories":[3976],"tags":[331,332,13,14,15,12,3992,3993,3994,3995,3996,3997],"class_list":["post-1272696","post","type-post","status-publish","format-standard","has-post-thumbnail","category-vereinigtes-koenigreich","tag-aktuelle-nachrichten","tag-aktuelle-news","tag-headlines","tag-nachrichten","tag-news","tag-schlagzeilen","tag-uk","tag-united-kingdom","tag-united-kingdom-of-great-britain-and-northern-ireland","tag-vereinigtes-koenigreich","tag-vereinigtes-koenigreich-grossbritannien-und-nordirland","tag-vereinigtes-koenigreich-von-grossbritannien-und-nordirland"],"share_on_mastodon":{"url":"","error":""},"_links":{"self":[{"href":"https:\/\/www.europesays.com\/de\/wp-json\/wp\/v2\/posts\/1272696","targetHints":{"allow":["GET"]}}],"collection":[{"href":"https:\/\/www.europesays.com\/de\/wp-json\/wp\/v2\/posts"}],"about":[{"href":"https:\/\/www.europesays.com\/de\/wp-json\/wp\/v2\/types\/post"}],"author":[{"embeddable":true,"href":"https:\/\/www.europesays.com\/de\/wp-json\/wp\/v2\/users\/2"}],"replies":[{"embeddable":true,"href":"https:\/\/www.europesays.com\/de\/wp-json\/wp\/v2\/comments?post=1272696"}],"version-history":[{"count":0,"href":"https:\/\/www.europesays.com\/de\/wp-json\/wp\/v2\/posts\/1272696\/revisions"}],"wp:featuredmedia":[{"embeddable":true,"href":"https:\/\/www.europesays.com\/de\/wp-json\/wp\/v2\/media\/1272697"}],"wp:attachment":[{"href":"https:\/\/www.europesays.com\/de\/wp-json\/wp\/v2\/media?parent=1272696"}],"wp:term":[{"taxonomy":"category","embeddable":true,"href":"https:\/\/www.europesays.com\/de\/wp-json\/wp\/v2\/categories?post=1272696"},{"taxonomy":"post_tag","embeddable":true,"href":"https:\/\/www.europesays.com\/de\/wp-json\/wp\/v2\/tags?post=1272696"}],"curies":[{"name":"wp","href":"https:\/\/api.w.org\/{rel}","templated":true}]}}