{"id":1272698,"date":"2026-08-31T23:07:21","date_gmt":"2026-08-31T23:07:21","guid":{"rendered":"https:\/\/www.europesays.com\/de\/1272698\/"},"modified":"2026-08-31T23:07:21","modified_gmt":"2026-08-31T23:07:21","slug":"frankreichs-ehemaliger-premier-edouard-balladur-ist-tot","status":"publish","type":"post","link":"https:\/\/www.europesays.com\/de\/1272698\/","title":{"rendered":"Frankreichs ehemaliger Premier \u00c9douard Balladur ist tot"},"content":{"rendered":"<p>Er wurde 97 Jahre alt <\/p>\n<p>Frankreichs ehemaliger Premier \u00c9douard Balladur ist tot<\/p>\n<p>01.09.2026 &#8211; 00:22 UhrLesedauer: 2 Min.<\/p>\n<p><a href=\"#focus-0\" class=\"transition-colors block text-current relative\" data-sctrack=\"FocusGalleryImage.Reference\"><img fetchpriority=\"high\" data-testid=\"Opener.Image\"   loading=\"eager\" src=\"https:\/\/www.europesays.com\/de\/wp-content\/uploads\/2026\/08\/naming-ceremony-of-the-ministry-of-the-armed-forces-grand-amphitheater-paris-edouard-balladur-former.jpeg\" alt=\"imago images 0854898361\" title=\"imago images 0854898361\" width=\"5245\" height=\"2950\" class=\"bg-[url:var(--lqipURL)] bg-cover bg-center flex h-full w-full max-w-full\" style=\"--lqipURL:url('https:\/\/images.t-online.de\/2026\/08\/LlL8cPngLeIC\/0x2399:5245x2950\/fit-in\/150x0\/filters:blur(25)\/naming-ceremony-of-the-ministry-of-the-armed-forces-grand-amphitheater-paris-edouard-balladur-former-pm-during-the-naming-ceremony-for-the-ministry-of-the-armed-forces-main-auditorium-in-honor-of-pierre-messmer-at-the-ministry-of-the-armed-forces-and-veterans-affairs-on-april-27-2026-in-paris-france-photo-by-eric-tschaen-pool-abacapress-com-paris-france-publicationxnotxinxfraxuk-copyright-xtschaenxeric-pool-abacax.jpg')\" decoding=\"async\"\/><img loading=\"lazy\" src=\"https:\/\/www.t-online.de\/s\/paper\/_next\/static\/media\/zoom-in.f7dae02f.svg\" alt=\"Vergr\u00f6\u00dfern des Bildes\" title=\"Vergr\u00f6\u00dfern des Bildes\" class=\"block h-[calc(var(--height)_\/_16_*_1rem)] w-[calc(var(--width)_\/_16_*_1rem)] max-w-none absolute right-8 bottom-8 rounded-4 bg-snow p-8\" style=\"--width:32;--height:32\" decoding=\"async\"\/><\/a><\/p>\n<p>\u00c9douard Balladur: Der konservative, fr\u00fchere franz\u00f6sische Premierminister ist tot. (Quelle: IMAGO\/Tschaen Eric\/Pool\/ABACA\/imago)<\/p>\n<p><img loading=\"lazy\" src=\"https:\/\/www.t-online.de\/s\/paper\/_next\/static\/media\/audio-volume.6689034c.svg\" alt=\"\" title=\"\" class=\"block h-[calc(var(--height)_\/_16_*_1rem)] w-[calc(var(--width)_\/_16_*_1rem)] max-w-none group-hover:brightness-0 group-hover:invert\" style=\"--width:16;--height:16\" decoding=\"async\"\/>Vorlesen<\/p>\n<p>Aktuelle Zeit:0:00Gesamtdauer:0:00<\/p>\n<p>1x<img loading=\"lazy\" src=\"https:\/\/www.t-online.de\/s\/paper\/_next\/static\/media\/font-sizes.32942e33.svg\" alt=\"\" title=\"\" class=\"block h-[calc(var(--height)_\/_16_*_1rem)] w-[calc(var(--width)_\/_16_*_1rem)] max-w-none group-hover:hidden group-aria-expanded:hidden\" style=\"--width:16;--height:16\" decoding=\"async\"\/><img loading=\"lazy\" src=\"https:\/\/www.t-online.de\/s\/paper\/_next\/static\/media\/font-sizes-dark-mode.e382645c.svg\" alt=\"\" title=\"\" class=\"block h-[calc(var(--height)_\/_16_*_1rem)] w-[calc(var(--width)_\/_16_*_1rem)] max-w-none hidden group-hover:block group-aria-expanded:block\" style=\"--width:16;--height:16\" decoding=\"async\"\/><img loading=\"lazy\" src=\"https:\/\/www.t-online.de\/s\/paper\/_next\/static\/media\/sharing-menu-icon.1eb71368.svg\" alt=\"\" title=\"\" class=\"block h-[calc(var(--height)_\/_16_*_1rem)] w-[calc(var(--width)_\/_16_*_1rem)] max-w-none group-hover:brightness-0 group-hover:invert\" style=\"--width:16;--height:16\" decoding=\"async\"\/>Artikel teilen<\/p>\n<p class=\"font-bold text-18 leading-17 user-text-lg:text-22 user-text-xl:text-24\">Der fr\u00fchere franz\u00f6sische Premierminister \u00c9douard Balladur ist tot. Balladur trat 1995 gegen Chirac zur Pr\u00e4sidentschaftswahl an \u2013 ein Machtkampf, der die Konservativen spaltete.<\/p>\n<p class=\"text-18 leading-17 user-text-lg:text-22 user-text-xl:text-24\">Der konservative fr\u00fchere franz\u00f6sische Premierminister \u00c9douard Balladur ist tot. Balladur, der von 1993 bis 1995 Premier in <a href=\"https:\/\/www.t-online.de\/themen\/frankreich\/\" class=\"transition-colors cursor-pointer no-underline md:hover:text-magenta md:focus:text-magenta border-b border-solid border-current text-salemsfur md:hover:border-magenta\" data-tracking=\"{&quot;action&quot;:&quot;click&quot;,&quot;category&quot;:&quot;intextLink&quot;,&quot;label&quot;:&quot;\/themen\/frankreich\/&quot;}\" data-sctrack=\"BodyAnchor\" rel=\"nofollow noopener\" target=\"_blank\">Frankreich<\/a> war, starb am Montag im Alter von 97 Jahren, wie seine Familie mitteilte. F\u00fcr ihn werde eine Trauermesse &#8222;im engsten Familienkreis&#8220; abgehalten. Weitere Einzelheiten wurden nicht genannt.<\/p>\n<p class=\"text-18 leading-17 user-text-lg:text-22 user-text-xl:text-24\">Pr\u00e4sident <a href=\"https:\/\/www.t-online.de\/themen\/emmanuel-macron\/\" class=\"transition-colors cursor-pointer no-underline md:hover:text-magenta md:focus:text-magenta border-b border-solid border-current text-salemsfur md:hover:border-magenta\" data-tracking=\"{&quot;action&quot;:&quot;click&quot;,&quot;category&quot;:&quot;intextLink&quot;,&quot;label&quot;:&quot;\/themen\/emmanuel-macron\/&quot;}\" data-sctrack=\"BodyAnchor\" rel=\"nofollow noopener\" target=\"_blank\">Emmanuel Macron<\/a> w\u00fcrdigte Balladur auf der Plattform X als einen &#8222;anspruchsvollen, besonnenen und engagierten Diener seines Landes&#8220;, dem Frankreich am Herzen gelegen habe.<\/p>\n<p>&#8222;Ein Staatsmann mit progressivem Geist&#8220;<\/p>\n<p class=\"text-18 leading-17 user-text-lg:text-22 user-text-xl:text-24\">&#8222;Er war ein Staatsmann mit progressivem Geist und wird f\u00fcr viele M\u00e4nner und Frauen seines politischen Lagers ein Vorbild bleiben&#8220;, erkl\u00e4rte Premierminister S\u00e9bastien Lecornu im Onlinedienst X. &#8222;Er geh\u00f6rte zu jenen Politikern, die viel von den W\u00e4hlern hielten, weil sie eine edle Vorstellung von Frankreich haben&#8220;, erkl\u00e4rte der Vorsitzende der konservativen Partei Les R\u00e9publicains, Bruno Retailleau.<\/p>\n<p class=\"text-18 leading-17 user-text-lg:text-22 user-text-xl:text-24\">Der Konservative Balladur war von M\u00e4rz 1993 bis Mai 1995 letzter Premierminister unter dem sozialistischen Pr\u00e4sidenten Fran\u00e7ois Mitterrand. W\u00e4hrend seiner Amtszeit setzte er sich f\u00fcr die Privatisierung staatlicher Unternehmen ein. Seine politische Karriere hatte er als enger Vertrauter des sp\u00e4teren Pr\u00e4sidenten Georges Pompidou begonnen, den er als Generalsekret\u00e4r in den \u00c9lys\u00e9e-Palast begleitete.<\/p>\n<p>Balladurs Rivalit\u00e4t mit Chirac spaltete die Konservativen<\/p>\n<p class=\"text-18 leading-17 user-text-lg:text-22 user-text-xl:text-24\">Am meisten bleibt Balladur den Menschen in Frankreich im Ged\u00e4chtnis, weil er 1995 in offener Konkurrenz zum konservativen Parteichef Jacques Chirac in den Pr\u00e4sidentschaftswahlkampf zog.<\/p>\n<p><a href=\"#focus-1\" class=\"transition-colors block text-current relative\" data-sctrack=\"FocusGalleryImage.Reference\"><img   loading=\"lazy\" src=\"https:\/\/www.europesays.com\/de\/wp-content\/uploads\/2026\/08\/der-ehemalige-franzoesische-ministerpraesident-edouard-balladur-haelt-am-5-maerz-2009-in-paris-im-el.jpeg\" alt=\"Ehemaliger franz\u00f6sischer Premierminister Balladur\" title=\"Ehemaliger franz\u00f6sischer Premierminister Balladur\" width=\"2048\" height=\"1152\" class=\"h-full w-full max-w-full rounded-8\" decoding=\"async\"\/><img loading=\"lazy\" src=\"https:\/\/www.t-online.de\/s\/paper\/_next\/static\/media\/zoom-in.f7dae02f.svg\" alt=\"Vergr\u00f6\u00dfern des Bildes\" title=\"Vergr\u00f6\u00dfern des Bildes\" class=\"block h-[calc(var(--height)_\/_16_*_1rem)] w-[calc(var(--width)_\/_16_*_1rem)] max-w-none absolute right-8 bottom-8 rounded-4 bg-snow p-8\" style=\"--width:32;--height:32\" decoding=\"async\"\/>\u00c9douard Balladur: Zog gegen Chirac in den Pr\u00e4sidentschaftswahlkampf. (Quelle: Jacques Brinon\/AFP\/dpa\/dpa-bilder)<\/a><\/p>\n<p class=\"text-18 leading-17 user-text-lg:text-22 user-text-xl:text-24\">Lange sah es nach einem Sieg von Balladur aus, am Ende aber zog Chirac mit Vorsprung in die zweite Runde ein und entschied die Wahl f\u00fcr sich gegen den sozialistischen Kandidaten Lionel Jospin. Diese Rivalit\u00e4t spaltete die Konservativen nachhaltig und bedeutete das Ende von Balladurs Karriere.<\/p>\n<p class=\"text-18 leading-17 user-text-lg:text-22 user-text-xl:text-24\">Nach seinem R\u00fcckzug aus der Politik geriet Balladur in den Verdacht, seinen Pr\u00e4sidentschaftswahlkampf durch Schmiergelder aus R\u00fcstungsvertr\u00e4gen mit <a href=\"https:\/\/www.t-online.de\/themen\/pakistan\/\" class=\"transition-colors cursor-pointer no-underline md:hover:text-magenta md:focus:text-magenta border-b border-solid border-current text-salemsfur md:hover:border-magenta\" data-tracking=\"{&quot;action&quot;:&quot;click&quot;,&quot;category&quot;:&quot;intextLink&quot;,&quot;label&quot;:&quot;\/themen\/pakistan\/&quot;}\" data-sctrack=\"BodyAnchor\" rel=\"nofollow noopener\" target=\"_blank\">Pakistan<\/a> heimlich finanziert zu haben. Er wurde 2021 jedoch vom Gerichtshof der Republik freigesprochen.<\/p>\n","protected":false},"excerpt":{"rendered":"Er wurde 97 Jahre alt Frankreichs ehemaliger Premier \u00c9douard Balladur ist tot 01.09.2026 &#8211; 00:22 UhrLesedauer: 2 Min.&hellip;\n","protected":false},"author":2,"featured_media":1272699,"comment_status":"","ping_status":"","sticky":false,"template":"","format":"standard","meta":{"footnotes":"","_share_on_mastodon":"0"},"categories":[3974],"tags":[1217,331,332,262771,1356,548,663,3934,3980,156,13,25615,14,15,12],"class_list":["post-1272698","post","type-post","status-publish","format-standard","has-post-thumbnail","category-frankreich","tag-1217","tag-aktuelle-nachrichten","tag-aktuelle-news","tag-edouard-balladur","tag-emmanuel-macron","tag-eu","tag-europa","tag-europe","tag-france","tag-frankreich","tag-headlines","tag-jacques-chirac","tag-nachrichten","tag-news","tag-schlagzeilen"],"share_on_mastodon":{"url":"","error":""},"_links":{"self":[{"href":"https:\/\/www.europesays.com\/de\/wp-json\/wp\/v2\/posts\/1272698","targetHints":{"allow":["GET"]}}],"collection":[{"href":"https:\/\/www.europesays.com\/de\/wp-json\/wp\/v2\/posts"}],"about":[{"href":"https:\/\/www.europesays.com\/de\/wp-json\/wp\/v2\/types\/post"}],"author":[{"embeddable":true,"href":"https:\/\/www.europesays.com\/de\/wp-json\/wp\/v2\/users\/2"}],"replies":[{"embeddable":true,"href":"https:\/\/www.europesays.com\/de\/wp-json\/wp\/v2\/comments?post=1272698"}],"version-history":[{"count":0,"href":"https:\/\/www.europesays.com\/de\/wp-json\/wp\/v2\/posts\/1272698\/revisions"}],"wp:featuredmedia":[{"embeddable":true,"href":"https:\/\/www.europesays.com\/de\/wp-json\/wp\/v2\/media\/1272699"}],"wp:attachment":[{"href":"https:\/\/www.europesays.com\/de\/wp-json\/wp\/v2\/media?parent=1272698"}],"wp:term":[{"taxonomy":"category","embeddable":true,"href":"https:\/\/www.europesays.com\/de\/wp-json\/wp\/v2\/categories?post=1272698"},{"taxonomy":"post_tag","embeddable":true,"href":"https:\/\/www.europesays.com\/de\/wp-json\/wp\/v2\/tags?post=1272698"}],"curies":[{"name":"wp","href":"https:\/\/api.w.org\/{rel}","templated":true}]}}