{"id":1272701,"date":"2026-08-31T23:09:23","date_gmt":"2026-08-31T23:09:23","guid":{"rendered":"https:\/\/www.europesays.com\/de\/1272701\/"},"modified":"2026-08-31T23:09:23","modified_gmt":"2026-08-31T23:09:23","slug":"bmw-knackt-2-millionen-e-autos-neue-klasse-zuendet-in-europa","status":"publish","type":"post","link":"https:\/\/www.europesays.com\/de\/1272701\/","title":{"rendered":"BMW knackt 2 Millionen E-Autos, Neue Klasse z\u00fcndet in Europa"},"content":{"rendered":"<p>BMW meldet zwei Millionen ausgelieferte reine Elektroautos seit dem Start des i3 im Jahr 2013. Der Meilenstein rollte als i5 M60 xDrive in Dingolfing vom Band, w\u00e4hrend die Neue Klasse in Europa f\u00fcr sp\u00fcrbaren R\u00fcckenwind sorgt. Im ersten Halbjahr 2026 war in Europa bereits rund jedes vierte verkaufte BMW-Fahrzeug vollelektrisch.<\/p>\n<p>2 Millionen Elektro-BMW seit 2013, und Dingolfing liefert den \u201eJubil\u00e4umswagen\u201c<\/p>\n<p>BMW hat nach eigenen Angaben einen runden Meilenstein erreicht: <strong>2 Millionen<\/strong> rein elektrische Fahrzeuge wurden seit dem Marktstart des ersten BMW i3 Ende 2013 weltweit an Kundinnen und Kunden ausgeliefert. Z\u00e4hlt man Plug-in-Hybride dazu, kommt der Konzern auf <strong>rund 3,5 Millionen<\/strong> elektrifizierte Fahrzeuge von BMW und Mini.<\/p>\n<p>Das zweimillionste BEV ist ein <strong>BMW i5 M60 xDrive<\/strong>, der im Werk Dingolfing vom Band lief und an einen Kunden in Spanien ausgeliefert wurde. Damit unterstreicht BMW auch die Rolle der deutschen Standorte als R\u00fcckgrat f\u00fcr den Hochlauf der Elektromobilit\u00e4t.<\/p>\n<p>Zum i5 passt unsere Modellseite zum <a href=\"https:\/\/www.elektroquatsch.de\/elektroautos\/bmw-5er\" rel=\"nofollow noopener\" target=\"_blank\">BMW 5er<\/a>, falls du dir Daten und Einordnung zur Baureihe kompakt ansehen willst.<\/p>\n<p>Neue Klasse als Wachstumstreiber, besonders beim iX3<\/p>\n<p>Spannend ist weniger die runde Zahl selbst, sondern die Dynamik dahinter. BMW f\u00fchrt den aktuellen Schub ma\u00dfgeblich auf die <strong>Neue Klasse<\/strong> zur\u00fcck, die seit ihrem Marktstart in Europa den Absatz vollelektrischer Modelle sichtbar anschiebt.<\/p>\n<p>Im <strong>zweiten Quartal 2026<\/strong> legte BMWs BEV-Absatz in Europa laut Unternehmensangaben um <strong>38%<\/strong> auf <strong>81.445<\/strong> Einheiten zu. \u00dcber das <strong>erste Halbjahr 2026<\/strong> lag der Anteil vollelektrischer Fahrzeuge am europ\u00e4ischen Gesamtabsatz bei <strong>rund 28%<\/strong>.<\/p>\n<p>Besonders auff\u00e4llig: Seit der Weltpremiere des iX3 soll <strong>jedes dritte<\/strong> in Europa bestellte vollelektrische BMW-Modell ein iX3 gewesen sein. Innerhalb der X3-Familie liege der BEV-Anteil inzwischen bei <strong>jedem zweiten<\/strong> Fahrzeug, das zeigt, wie schnell sich ein elektrisches Derivat zum Volumentreiber entwickeln kann.<\/p>\n<p>Mehr zum Modell findest du auf unserer Seite zum <a href=\"https:\/\/www.elektroquatsch.de\/elektroautos\/bmw-ix3\" rel=\"nofollow noopener\" target=\"_blank\">BMW iX3<\/a>.<\/p>\n<p>Was die Zahlen im Alltag bedeuten, und warum Europa hier entscheidend ist<\/p>\n<p>Ein BEV-Anteil von knapp 30% in Europa ist f\u00fcr BMW vor allem ein Signal, dass <strong>Produktion, Lieferf\u00e4higkeit und Modellmix<\/strong> inzwischen mit der Nachfrage mithalten. F\u00fcr Kundinnen und Kunden ist genau das der reale Hebel: mehr verf\u00fcgbare Konfigurationen, k\u00fcrzere Wartezeiten und mehr Auswahl bei Karosserieformen und Leistung.<\/p>\n<p>Dass das Jubil\u00e4umsfahrzeug aus Dingolfing kommt, ist dabei kein Zufall. Das Werk steht seit Jahren f\u00fcr gro\u00dfe St\u00fcckzahlen und komplexe Antriebsvarianten, und genau diese Skalierung ist n\u00f6tig, damit Elektro-Topmodelle wie der i5 nicht nur Image-Tr\u00e4ger bleiben, sondern in relevanten Volumina rollen.<\/p>\n<p>Parallel Hochlauf in M\u00fcnchen: der neue i3 als zweites Neue-Klasse-Modell<\/p>\n<p>Parallel zum Meilenstein meldet BMW auch Produktionsfortschritt in M\u00fcnchen: Dort ist k\u00fcrzlich die Serienfertigung des neuen <strong>BMW i3<\/strong> angelaufen, der als zweite Baureihe der Neuen Klasse nach dem iX3 gilt. Laut BMW ist die Nachfrage nach dem Kompaktmodell bereits kurz nach dem vorgezogenen Bestellstart hoch, entsprechend steil falle die Anlaufkurve aus.<\/p>\n<p>Unterm Strich zeigt der Doppel-Hochlauf an zwei Standorten, wie BMW die n\u00e4chsten Quartale plant: nicht mit einem einzelnen \u201eHalo-Car\u201c, sondern mit einer Modellfamilie, die St\u00fcckzahlen liefern soll. Ein \u00e4hnlicher Architekturwechsel treibt auch andere Hersteller um, dazu passt unser Vergleich <a href=\"https:\/\/www.elektroquatsch.de\/artikel\/800v-vs-400v-e-auto-architektur-vergleich-2026\" rel=\"nofollow noopener\" target=\"_blank\">800V vs. 400V bei E-Autos<\/a>, weil Plattform und Lade-Setup am Ende mitentscheiden, wie \u00fcberzeugend ein neues Modell im Alltag ist.<\/p>\n<p>BMWs E-Strategie in Zahlen: Einordnung kompakt<\/p>\n<tr>\n      Kennzahl<br \/>\n      BMW Angabe<br \/>\n      Einordnung<br \/>\n    <\/tr>\n<tr>\n<td>Ausgelieferte reine Elektroautos seit 2013<\/td>\n<td>2.000.000<\/td>\n<td>Meilenstein seit i3-Start, zeigt Skalierung \u00fcber mehrere Baureihen<\/td>\n<\/tr>\n<tr>\n<td>Elektrifizierte Fahrzeuge inkl. Plug-in-Hybride<\/td>\n<td>rund 3.500.000<\/td>\n<td>PHEV bleiben \u00dcbergangstechnologie, tragen aber weiter Volumen<\/td>\n<\/tr>\n<tr>\n<td>BEV-Absatz Europa, Q2 2026<\/td>\n<td>81.445 (+38%)<\/td>\n<td>Wachstum korreliert laut BMW mit h\u00f6herer iX3-Verf\u00fcgbarkeit<\/td>\n<\/tr>\n<tr>\n<td>BEV-Anteil am Europa-Absatz, H1 2026<\/td>\n<td>rund 28%<\/td>\n<td>F\u00fcr einen Premium-Hersteller ein hoher Mix, wenn Lieferkette stabil bleibt<\/td>\n<\/tr>\n<tr>\n<td>Zweimillionstes BEV<\/td>\n<td>i5 M60 xDrive aus Dingolfing<\/td>\n<td>Symbolisch, aber auch Hinweis auf Produktionskompetenz in Deutschland<\/td>\n<\/tr>\n<blockquote><p>2 Millionen ausgelieferte Elektroautos sind f\u00fcr BMW vor allem ein Beleg, dass die Neue Klasse nicht nur ein Technikversprechen ist, sondern inzwischen den Absatz in Europa messbar nach oben zieht.<\/p><\/blockquote>\n","protected":false},"excerpt":{"rendered":"BMW meldet zwei Millionen ausgelieferte reine Elektroautos seit dem Start des i3 im Jahr 2013. Der Meilenstein rollte&hellip;\n","protected":false},"author":2,"featured_media":1272702,"comment_status":"","ping_status":"","sticky":false,"template":"","format":"standard","meta":{"footnotes":"","_share_on_mastodon":"0"},"categories":[3933],"tags":[331,332,374,1368,1138,1519,548,663,158,3934,3935,13970,13,2911,14,15,2043,12,760,603],"class_list":["post-1272701","post","type-post","status-publish","format-standard","has-post-thumbnail","category-eu","tag-aktuelle-nachrichten","tag-aktuelle-news","tag-bmw","tag-e-auto","tag-elektroauto","tag-elektromobilitaet","tag-eu","tag-europa","tag-europaeische-union","tag-europe","tag-european-union","tag-ev","tag-headlines","tag-mercedes","tag-nachrichten","tag-news","tag-podcast","tag-schlagzeilen","tag-tesla","tag-vw"],"share_on_mastodon":{"url":"https:\/\/pubeurope.com\/@de\/117192646514535888","error":""},"_links":{"self":[{"href":"https:\/\/www.europesays.com\/de\/wp-json\/wp\/v2\/posts\/1272701","targetHints":{"allow":["GET"]}}],"collection":[{"href":"https:\/\/www.europesays.com\/de\/wp-json\/wp\/v2\/posts"}],"about":[{"href":"https:\/\/www.europesays.com\/de\/wp-json\/wp\/v2\/types\/post"}],"author":[{"embeddable":true,"href":"https:\/\/www.europesays.com\/de\/wp-json\/wp\/v2\/users\/2"}],"replies":[{"embeddable":true,"href":"https:\/\/www.europesays.com\/de\/wp-json\/wp\/v2\/comments?post=1272701"}],"version-history":[{"count":0,"href":"https:\/\/www.europesays.com\/de\/wp-json\/wp\/v2\/posts\/1272701\/revisions"}],"wp:featuredmedia":[{"embeddable":true,"href":"https:\/\/www.europesays.com\/de\/wp-json\/wp\/v2\/media\/1272702"}],"wp:attachment":[{"href":"https:\/\/www.europesays.com\/de\/wp-json\/wp\/v2\/media?parent=1272701"}],"wp:term":[{"taxonomy":"category","embeddable":true,"href":"https:\/\/www.europesays.com\/de\/wp-json\/wp\/v2\/categories?post=1272701"},{"taxonomy":"post_tag","embeddable":true,"href":"https:\/\/www.europesays.com\/de\/wp-json\/wp\/v2\/tags?post=1272701"}],"curies":[{"name":"wp","href":"https:\/\/api.w.org\/{rel}","templated":true}]}}