{"id":1272704,"date":"2026-08-31T23:10:19","date_gmt":"2026-08-31T23:10:19","guid":{"rendered":"https:\/\/www.europesays.com\/de\/1272704\/"},"modified":"2026-08-31T23:10:19","modified_gmt":"2026-08-31T23:10:19","slug":"freihandel-eu-stoppt-fleischimporte-aus-brasilien-wegen-antibiotika-regeln","status":"publish","type":"post","link":"https:\/\/www.europesays.com\/de\/1272704\/","title":{"rendered":"Freihandel: EU stoppt Fleischimporte aus Brasilien wegen Antibiotika-Regeln"},"content":{"rendered":"<p class=\"paragraph article__item\">Die Europ\u00e4ische Union setzt ab Donnerstag die Einfuhr von Fleisch und anderen tierischen Produkten aus <a class=\"rtr-entity\" href=\"https:\/\/www.zeit.de\/thema\/brasilien\" rel=\"nofollow noopener\" target=\"_blank\">Brasilien<\/a> aus. Das Land habe bislang keine ausreichenden Garantien daf\u00fcr vorgelegt, dass seine Produkte die EU-Vorgaben zum Einsatz von Antibiotika in der Tierhaltung erf\u00fcllten, teilte die EU-Kommission mit. Betroffen von dem Einfuhrstopp sind unter anderem Rind- und Gefl\u00fcgelfleisch sowie Honig.\n<\/p>\n<p class=\"paragraph article__item\">Die <a class=\"rtr-entity\" href=\"https:\/\/www.zeit.de\/thema\/europaeische-union\" rel=\"nofollow noopener\" target=\"_blank\">EU<\/a> arbeite eng mit den brasilianischen Beh\u00f6rden zusammen, um die Einhaltung der<br \/>\nVorgaben sicherzustellen, sagte eine Sprecherin der Kommission gegen\u00fcber der Nachrichtenagentur AFP. Sobald diese nachgewiesen sei, k\u00f6nnten die<br \/>\nExporte wieder aufgenommen werden. Einen Zeitplan daf\u00fcr nannte die<br \/>\nKommission nicht.\n<\/p>\n<p class=\"paragraph article__item\">F\u00fcr Gefl\u00fcgel und Honig l\u00e4uft derzeit eine \u00dcberpr\u00fcfung, die am Freitag abgeschlossen werden soll. F\u00e4llt sie positiv aus und stimmen die EU-Staaten zu, k\u00f6nnten Gefl\u00fcgelexporte aus Brasilien nach Angaben der Kommission innerhalb weniger Wochen wieder zugelassen werden. Bei Rindfleisch k\u00f6nnte es wegen der l\u00e4ngeren Produktionszyklen l\u00e4nger dauern.\n<\/p>\n<p>            Mercosur-Abkommen gilt seit Mai            <\/p>\n<p class=\"paragraph article__item\">Die EU verbietet den Einsatz von Antibiotika in der Vieh- und Gefl\u00fcgelzucht zur Wachstumsf\u00f6rderung oder reinen Ertragssteigerung. Tiere d\u00fcrfen zudem nicht mit bestimmten Medikamenten behandelt werden, die f\u00fcr Menschen vorbehalten sind. Bereits im Mai hatte Brasilien nicht ausreichend dargelegt, dass es diese Vorgaben einh\u00e4lt.\n<\/p>\n<p class=\"paragraph article__item\">Der Streit f\u00e4llt in eine politisch heikle Phase: Das Handelsabkommen der EU mit den Mercosur-Staaten Brasilien, Argentinien, Paraguay und Uruguay <a href=\"https:\/\/www.zeit.de\/wirtschaft\/2026-04\/mercosur-freihandel-abkommen-eu-suedamerika\" target=\"_blank\" rel=\"nofollow noopener\">trat Anfang Mai vorl\u00e4ufig in Kraft<\/a>. Fleischimporte aus S\u00fcdamerika hatten insbesondere in Frankreich gro\u00dfe Proteste von Landwirten ausgel\u00f6st.\n<\/p>\n<p>Mehr zum Thema<\/p>\n<p>            Freihandel        <\/p>\n<p>                <a href=\"https:\/\/www.zeit.de\/wirtschaft\/2026-01\/freihandelsabkommen-indien-eu-unabhaengigkeit-zoelle\" data-ct-label=\"Freihandelsabkommen mit Indien: So profitiert Europa vom Freihandel mit Indien\" data-uuid=\"93136b96-bea2-4669-a546-c3649d623ded\" rel=\"nofollow noopener\" target=\"_blank\"><\/p>\n<p>        Z+ (abopflichtiger Inhalt);<\/p>\n<p>    Freihandelsabkommen mit Indien:<br \/>\n                        So profitiert Europa vom Freihandel mit Indien<\/p>\n<p>                <\/a><\/p>\n<p>                <a href=\"https:\/\/www.zeit.de\/politik\/2025-12\/mercosur-abkommen-europa-suedamerika-nachrichtenpodcast\" data-ct-label=\"Nachrichtenpodcast: Mercosur-Abkommen: Wer profitiert \u2013 und wer verliert\" data-uuid=\"cced9ceb-0540-49e7-889f-5277d07657cb\" rel=\"nofollow noopener\" target=\"_blank\"><\/p>\n<p>                        Nachrichtenpodcast:<br \/>\n                        Mercosur-Abkommen: Wer profitiert \u2013 und wer verliert<\/p>\n<p>                <\/a><\/p>\n<p>                <a href=\"https:\/\/www.zeit.de\/2025\/46\/aussenhandel-deutschland-weltwirtschaft-freihandel-gxe\" data-ct-label=\"Deutscher Au\u00dfenhandel: Der Weltmarkt ist kein Wohlstandsgarant mehr\" data-uuid=\"04efd6e0-8b0f-4e88-8fd7-1435f22c637d\" rel=\"nofollow noopener\" target=\"_blank\"><\/p>\n<p>        Z+ (abopflichtiger Inhalt);<\/p>\n<p>    Deutscher Au\u00dfenhandel:<br \/>\n                        Der Weltmarkt ist kein Wohlstandsgarant mehr<\/p>\n<p>                <\/a><\/p>\n","protected":false},"excerpt":{"rendered":"Die Europ\u00e4ische Union setzt ab Donnerstag die Einfuhr von Fleisch und anderen tierischen Produkten aus Brasilien aus. Das&hellip;\n","protected":false},"author":2,"featured_media":1272705,"comment_status":"","ping_status":"","sticky":false,"template":"","format":"standard","meta":{"footnotes":"","_share_on_mastodon":"0"},"categories":[3933],"tags":[331,332,5697,548,663,158,3934,3935,262772,5192,13,14,15,12,55],"class_list":["post-1272704","post","type-post","status-publish","format-standard","has-post-thumbnail","category-eu","tag-aktuelle-nachrichten","tag-aktuelle-news","tag-brasilien","tag-eu","tag-europa","tag-europaeische-union","tag-europe","tag-european-union","tag-fleischimporte","tag-freihandel","tag-headlines","tag-nachrichten","tag-news","tag-schlagzeilen","tag-wirtschaft"],"share_on_mastodon":{"url":"https:\/\/pubeurope.com\/@de\/117192650383602530","error":""},"_links":{"self":[{"href":"https:\/\/www.europesays.com\/de\/wp-json\/wp\/v2\/posts\/1272704","targetHints":{"allow":["GET"]}}],"collection":[{"href":"https:\/\/www.europesays.com\/de\/wp-json\/wp\/v2\/posts"}],"about":[{"href":"https:\/\/www.europesays.com\/de\/wp-json\/wp\/v2\/types\/post"}],"author":[{"embeddable":true,"href":"https:\/\/www.europesays.com\/de\/wp-json\/wp\/v2\/users\/2"}],"replies":[{"embeddable":true,"href":"https:\/\/www.europesays.com\/de\/wp-json\/wp\/v2\/comments?post=1272704"}],"version-history":[{"count":0,"href":"https:\/\/www.europesays.com\/de\/wp-json\/wp\/v2\/posts\/1272704\/revisions"}],"wp:featuredmedia":[{"embeddable":true,"href":"https:\/\/www.europesays.com\/de\/wp-json\/wp\/v2\/media\/1272705"}],"wp:attachment":[{"href":"https:\/\/www.europesays.com\/de\/wp-json\/wp\/v2\/media?parent=1272704"}],"wp:term":[{"taxonomy":"category","embeddable":true,"href":"https:\/\/www.europesays.com\/de\/wp-json\/wp\/v2\/categories?post=1272704"},{"taxonomy":"post_tag","embeddable":true,"href":"https:\/\/www.europesays.com\/de\/wp-json\/wp\/v2\/tags?post=1272704"}],"curies":[{"name":"wp","href":"https:\/\/api.w.org\/{rel}","templated":true}]}}