{"id":1272719,"date":"2026-08-31T23:20:31","date_gmt":"2026-08-31T23:20:31","guid":{"rendered":"https:\/\/www.europesays.com\/de\/1272719\/"},"modified":"2026-08-31T23:20:31","modified_gmt":"2026-08-31T23:20:31","slug":"1-fc-nuernberg-lehnt-wohl-20-millionen-angebot-fuer-mohamed-ali-zoma-ab","status":"publish","type":"post","link":"https:\/\/www.europesays.com\/de\/1272719\/","title":{"rendered":"1. FC N\u00fcrnberg lehnt wohl 20-Millionen-Angebot f\u00fcr Mohamed Ali Zoma ab"},"content":{"rendered":"<p>Transfer-Hammer <\/p>\n<p>FCN soll 20-Millionen-Angebot f\u00fcr Zoma abgelehnt haben<\/p>\n<p>Aktualisiert am 31.08.2026 &#8211; 19:46 UhrLesedauer: 2 Min.<\/p>\n<p><a href=\"#focus-0\" class=\"transition-colors block text-current relative\" data-sctrack=\"FocusGalleryImage.Reference\"><img fetchpriority=\"high\" data-testid=\"Opener.Image\"   loading=\"eager\" src=\"https:\/\/www.europesays.com\/de\/wp-content\/uploads\/2026\/08\/mohamed-ali-zoma-23-1fc-nuernberg-erzielt-das-1-0-laesst-jonas-kerksen-1-dsc-arminia-bielefeld-keine.jpeg\" alt=\"imago images 1082134570\" title=\"imago images 1082134570\" width=\"3291\" height=\"1851\" class=\"bg-[url:var(--lqipURL)] bg-cover bg-center flex h-full w-full max-w-full\" style=\"--lqipURL:url('https:\/\/images.t-online.de\/2026\/08\/3HPBCsU7RBke\/709x75:3291x1851\/fit-in\/150x0\/filters:blur(25)\/mohamed-ali-zoma-23-1fc-nuernberg-erzielt-das-1-0-laesst-jonas-kerksen-1-dsc-arminia-bielefeld-keine-chance-1-fc-nuernberg-vs-dsc-arminia-bielefeld-fussball-maenner-2-bundesliga-saison-2026-2027-hinrunde-3-spieltag-29-082026-dfb-regulations-prohibit-any-use-of-photographs-as-image-sequences-and-or-quasi-video-nuernberg-bayern-deutschland-mohamed-ali-zoma-23-of-1-fc-nuremberg-scores-the-1-0-goal-leaving-jonas-kerksen-of-dsc-arminia-bielefeld-with-no-chance-1-fc-nuremberg-vs-dsc-a.jpg')\" decoding=\"async\"\/><img loading=\"lazy\" src=\"https:\/\/nuernberg.t-online.de\/s\/paper\/_next\/static\/media\/zoom-in.f7dae02f.svg\" alt=\"Vergr\u00f6\u00dfern des Bildes\" title=\"Vergr\u00f6\u00dfern des Bildes\" class=\"block h-[calc(var(--height)_\/_16_*_1rem)] w-[calc(var(--width)_\/_16_*_1rem)] max-w-none absolute right-8 bottom-8 rounded-4 bg-snow p-8\" style=\"--width:32;--height:32\" decoding=\"async\"\/><\/a><\/p>\n<p>Mohamed Ali Zoma (Nummer 23) trifft gegen Arminia Bielefeld: Der Topst\u00fcrmer des Clubs bleibt dem FCN erhalten. (Quelle: IMAGO\/kolbert-press\/Martin Ag\u00fcera\/imago)<\/p>\n<p><img loading=\"lazy\" src=\"https:\/\/nuernberg.t-online.de\/s\/paper\/_next\/static\/media\/audio-volume.6689034c.svg\" alt=\"\" title=\"\" class=\"block h-[calc(var(--height)_\/_16_*_1rem)] w-[calc(var(--width)_\/_16_*_1rem)] max-w-none group-hover:brightness-0 group-hover:invert\" style=\"--width:16;--height:16\" decoding=\"async\"\/>Vorlesen<\/p>\n<p>Aktuelle Zeit:0:00Gesamtdauer:0:00<\/p>\n<p>1x<img loading=\"lazy\" src=\"https:\/\/nuernberg.t-online.de\/s\/paper\/_next\/static\/media\/font-sizes.32942e33.svg\" alt=\"\" title=\"\" class=\"block h-[calc(var(--height)_\/_16_*_1rem)] w-[calc(var(--width)_\/_16_*_1rem)] max-w-none group-hover:hidden group-aria-expanded:hidden\" style=\"--width:16;--height:16\" decoding=\"async\"\/><img loading=\"lazy\" src=\"https:\/\/nuernberg.t-online.de\/s\/paper\/_next\/static\/media\/font-sizes-dark-mode.e382645c.svg\" alt=\"\" title=\"\" class=\"block h-[calc(var(--height)_\/_16_*_1rem)] w-[calc(var(--width)_\/_16_*_1rem)] max-w-none hidden group-hover:block group-aria-expanded:block\" style=\"--width:16;--height:16\" decoding=\"async\"\/><img loading=\"lazy\" src=\"https:\/\/nuernberg.t-online.de\/s\/paper\/_next\/static\/media\/sharing-menu-icon.1eb71368.svg\" alt=\"\" title=\"\" class=\"block h-[calc(var(--height)_\/_16_*_1rem)] w-[calc(var(--width)_\/_16_*_1rem)] max-w-none group-hover:brightness-0 group-hover:invert\" style=\"--width:16;--height:16\" decoding=\"async\"\/>Artikel teilen<\/p>\n<p class=\"font-bold text-18 leading-17 user-text-lg:text-22 user-text-xl:text-24\">Der 1. FC N\u00fcrnberg h\u00e4lt Mohamed Ali Zoma \u2013 und verzichtet daf\u00fcr offenbar auf sehr viel Geld. Gleich zwei Millionen-Angebote sollen beim FCN eingegangen sein.<\/p>\n<p class=\"text-18 leading-17 user-text-lg:text-22 user-text-xl:text-24\">Mohamed Ali Zoma bleibt beim <a href=\"https:\/\/www.t-online.de\/themen\/1-fc-nuernberg\/\" class=\"transition-colors cursor-pointer no-underline md:hover:text-magenta md:focus:text-magenta border-b border-solid border-current text-salemsfur md:hover:border-magenta\" data-tracking=\"{&quot;action&quot;:&quot;click&quot;,&quot;category&quot;:&quot;intextLink&quot;,&quot;label&quot;:&quot;https:\/\/www.t-online.de\/themen\/1-fc-nuernberg\/&quot;}\" data-sctrack=\"BodyAnchor\" rel=\"nofollow noopener\" target=\"_blank\">1. FC N\u00fcrnberg<\/a> \u2013 und daf\u00fcr soll der Club sogar auf eine enorme Abl\u00f6se verzichtet haben. Nach Informationen der &#8222;Bild&#8220; lehnte der Zweitligist ein Angebot \u00fcber 20 Millionen Euro inklusive Boni f\u00fcr seinen Topst\u00fcrmer ab.<\/p>\n<p class=\"text-18 leading-17 user-text-lg:text-22 user-text-xl:text-24\">Dem Bericht zufolge kam die Offerte von West Ham United. Der englische Club spielt derzeit in der zweiten Liga. Zuvor hatte der italienische Transferexperte Matteo Moretto \u00fcber das Angebot berichtet. Auf Nachfrage der &#8222;Bild&#8220; wollte sich N\u00fcrnbergs Sportvorstand Joti Chatzialexiou nicht zu den Zahlen \u00e4u\u00dfern.<\/p>\n<p>Auch Marseille soll geboten haben<\/p>\n<p class=\"text-18 leading-17 user-text-lg:text-22 user-text-xl:text-24\">Brisant: Die 20 Millionen Euro sollen ungef\u00e4hr jener Summe entsprechen, die der FCN zuvor als Schmerzgrenze f\u00fcr einen Verkauf Zomas angesehen hatte. Trotzdem entschieden sich die N\u00fcrnberger offenbar gegen einen Transfer.<\/p>\n<p class=\"text-18 leading-17 user-text-lg:text-22 user-text-xl:text-24\">Und West Ham soll nicht der einzige Interessent gewesen sein. Laut &#8222;Bild&#8220; lag auch von Olympique Marseille ein Angebot in \u00e4hnlicher H\u00f6he vor. Auch der franz\u00f6sische Erstligist habe eine Absage erhalten.<\/p>\n<p>FCN erkl\u00e4rt Zoma f\u00fcr unverk\u00e4uflich<\/p>\n<p class=\"text-18 leading-17 user-text-lg:text-22 user-text-xl:text-24\">Der Verbleib des 22 Jahre alten Angreifers war <a href=\"https:\/\/nuernberg.t-online.de\/region\/nuernberg\/id_101411482\/1-fc-nuernberg-stellt-gegen-bielefeld-startrekord-ein-zoma-bleibt.html\" class=\"transition-colors cursor-pointer no-underline md:hover:text-magenta md:focus:text-magenta border-b border-solid border-current text-salemsfur md:hover:border-magenta\" data-tracking=\"{&quot;action&quot;:&quot;click&quot;,&quot;category&quot;:&quot;intextLink&quot;,&quot;label&quot;:&quot;\/region\/nuernberg\/id_101411482\/1-fc-nuernberg-stellt-gegen-bielefeld-startrekord-ein-zoma-bleibt.html&quot;}\" data-sctrack=\"BodyAnchor\" rel=\"nofollow noopener\" target=\"_blank\">bereits am Samstag offiziell besiegelt worden.<\/a> W\u00e4hrend des 4:1 gegen Arminia Bielefeld erkl\u00e4rte Chatzialexiou Zoma f\u00fcr die laufende Transferperiode f\u00fcr unverk\u00e4uflich. &#8222;Heute ist unser Deadline Day&#8220;, sagte der Sportvorstand.<\/p>\n<p class=\"text-18 leading-17 user-text-lg:text-22 user-text-xl:text-24\">Zoma unterstrich gegen Bielefeld prompt seinen Wert f\u00fcr die Mannschaft. Nach einem Solo erzielte er bereits in der elften Minute die F\u00fchrung und damit sein viertes Saisontor.<\/p>\n<p>N\u00fcrnberg startet mit drei Siegen<\/p>\n<p class=\"text-18 leading-17 user-text-lg:text-22 user-text-xl:text-24\">Auch sportlich l\u00e4uft es f\u00fcr die Mannschaft von Trainer Miroslav Klose bislang nahezu perfekt. Mit dem Erfolg gegen Bielefeld gewann der FCN auch sein drittes Saisonspiel und stellte damit seinen Zweitliga-Startrekord aus der Saison 1999\/2000 ein.<\/p>\n<p class=\"text-18 leading-17 user-text-lg:text-22 user-text-xl:text-24\">Die N\u00fcrnberger stehen damit an der Tabellenspitze und haben fr\u00fch ein Zeichen im Aufstiegskampf gesetzt. Dass der Verein nun offenbar selbst Angebote in der Gr\u00f6\u00dfenordnung von 20 Millionen Euro f\u00fcr einen Leistungstr\u00e4ger ausschl\u00e4gt, d\u00fcrfte die Ambitionen zus\u00e4tzlich unterstreichen.<\/p>\n","protected":false},"excerpt":{"rendered":"Transfer-Hammer FCN soll 20-Millionen-Angebot f\u00fcr Zoma abgelehnt haben Aktualisiert am 31.08.2026 &#8211; 19:46 UhrLesedauer: 2 Min. Mohamed Ali&hellip;\n","protected":false},"author":2,"featured_media":1272720,"comment_status":"","ping_status":"","sticky":false,"template":"","format":"standard","meta":{"footnotes":"","_share_on_mastodon":"0"},"categories":[1837],"tags":[783,722,621,2368,772,1605,3364,29,30,12477,54348,262775,3783,136595,65798],"class_list":["post-1272719","post","type-post","status-publish","format-standard","has-post-thumbnail","category-nuernberg","tag-1-fc-nuernberg","tag-722","tag-2-bundesliga","tag-arminia-bielefeld","tag-bayern","tag-bielefeld","tag-de","tag-deutschland","tag-germany","tag-joti-chatzialexiou","tag-marseille","tag-matteo-moretto","tag-nuernberg","tag-west-ham","tag-west-ham-united-f-c"],"share_on_mastodon":{"url":"","error":""},"_links":{"self":[{"href":"https:\/\/www.europesays.com\/de\/wp-json\/wp\/v2\/posts\/1272719","targetHints":{"allow":["GET"]}}],"collection":[{"href":"https:\/\/www.europesays.com\/de\/wp-json\/wp\/v2\/posts"}],"about":[{"href":"https:\/\/www.europesays.com\/de\/wp-json\/wp\/v2\/types\/post"}],"author":[{"embeddable":true,"href":"https:\/\/www.europesays.com\/de\/wp-json\/wp\/v2\/users\/2"}],"replies":[{"embeddable":true,"href":"https:\/\/www.europesays.com\/de\/wp-json\/wp\/v2\/comments?post=1272719"}],"version-history":[{"count":0,"href":"https:\/\/www.europesays.com\/de\/wp-json\/wp\/v2\/posts\/1272719\/revisions"}],"wp:featuredmedia":[{"embeddable":true,"href":"https:\/\/www.europesays.com\/de\/wp-json\/wp\/v2\/media\/1272720"}],"wp:attachment":[{"href":"https:\/\/www.europesays.com\/de\/wp-json\/wp\/v2\/media?parent=1272719"}],"wp:term":[{"taxonomy":"category","embeddable":true,"href":"https:\/\/www.europesays.com\/de\/wp-json\/wp\/v2\/categories?post=1272719"},{"taxonomy":"post_tag","embeddable":true,"href":"https:\/\/www.europesays.com\/de\/wp-json\/wp\/v2\/tags?post=1272719"}],"curies":[{"name":"wp","href":"https:\/\/api.w.org\/{rel}","templated":true}]}}