{"id":1272723,"date":"2026-08-31T23:24:28","date_gmt":"2026-08-31T23:24:28","guid":{"rendered":"https:\/\/www.europesays.com\/de\/1272723\/"},"modified":"2026-08-31T23:24:28","modified_gmt":"2026-08-31T23:24:28","slug":"vampir-von-hannover-zerstueckelte-seine-opfer","status":"publish","type":"post","link":"https:\/\/www.europesays.com\/de\/1272723\/","title":{"rendered":"&#8222;Vampir von Hannover&#8220; zerst\u00fcckelte seine Opfer"},"content":{"rendered":"<p>Er galt als &#8222;Vampir von Hannover&#8220; <\/p>\n<p>&#8222;Habe ihre Leichen zerst\u00fcckelt und die einzelnen Teile entsorgt&#8220;<\/p>\n<ul class=\"grid grid-flow-col gap-4\" aria-label=\"Autorenbilder\">\n<li class=\"leading-0\"><img data-tb-author-image=\"\"  loading=\"lazy\" src=\"https:\/\/www.europesays.com\/de\/wp-content\/uploads\/2026\/08\/katharina-grimm.jpg\" alt=\"Katharina Grimm\" title=\"Katharina Grimm\" width=\"40\" height=\"40\" class=\"\" decoding=\"async\"\/><\/li>\n<\/ul>\n<p>Aktualisiert am 31.08.2026 &#8211; 22:21 UhrLesedauer: 4 Min.<\/p>\n<p><a href=\"#focus-0\" class=\"transition-colors block text-current relative\" data-sctrack=\"FocusGalleryImage.Reference\"><img fetchpriority=\"high\" data-testid=\"Opener.Image\"   loading=\"eager\" src=\"https:\/\/www.europesays.com\/de\/wp-content\/uploads\/2026\/08\/eine-nachgebaute-zelle-mit-einem-foto-des-massenmoerders-fritz-haarmann-wird-im-polizeimuseum-nieder.jpeg\" alt=\"100. Jahrestag der Verhaftung des Massenm\u00f6rders Haarmann\" title=\"100. Jahrestag der Verhaftung des Massenm\u00f6rders Haarmann\" width=\"1769\" height=\"995\" class=\"bg-[url:var(--lqipURL)] bg-cover bg-center flex h-full w-full max-w-full\" style=\"--lqipURL:url('https:\/\/images.t-online.de\/2024\/06\/WsS7alP6JCrf\/94x88:1769x995\/fit-in\/150x0\/filters:blur(25)\/eine-nachgebaute-zelle-mit-einem-foto-des-massenmoerders-fritz-haarmann-wird-im-polizeimuseum-niedersachsen-gezeigt-zu-dpa-interesse-an-beruechtigtem-serienmoerder-fritz-haarmann-ungebrochen.jpg')\" decoding=\"async\"\/><img loading=\"lazy\" src=\"https:\/\/hannover.t-online.de\/s\/paper\/_next\/static\/media\/zoom-in.f7dae02f.svg\" alt=\"Vergr\u00f6\u00dfern des Bildes\" title=\"Vergr\u00f6\u00dfern des Bildes\" class=\"block h-[calc(var(--height)_\/_16_*_1rem)] w-[calc(var(--width)_\/_16_*_1rem)] max-w-none absolute right-8 bottom-8 rounded-4 bg-snow p-8\" style=\"--width:32;--height:32\" decoding=\"async\"\/><\/a><\/p>\n<p>Eine nachgebaute Zelle mit einem Foto des Massenm\u00f6rders Fritz Haarmann: Wer war der &#8222;Vampir von Hannover&#8220;? (Quelle: Sina Schuldt\/dpa\/dpa-bilder)<\/p>\n<p><img loading=\"lazy\" src=\"https:\/\/hannover.t-online.de\/s\/paper\/_next\/static\/media\/audio-volume.6689034c.svg\" alt=\"\" title=\"\" class=\"block h-[calc(var(--height)_\/_16_*_1rem)] w-[calc(var(--width)_\/_16_*_1rem)] max-w-none group-hover:brightness-0 group-hover:invert\" style=\"--width:16;--height:16\" decoding=\"async\"\/>Vorlesen<\/p>\n<p>Aktuelle Zeit:0:00Gesamtdauer:0:00<\/p>\n<p>1x<img loading=\"lazy\" src=\"https:\/\/hannover.t-online.de\/s\/paper\/_next\/static\/media\/font-sizes.32942e33.svg\" alt=\"\" title=\"\" class=\"block h-[calc(var(--height)_\/_16_*_1rem)] w-[calc(var(--width)_\/_16_*_1rem)] max-w-none group-hover:hidden group-aria-expanded:hidden\" style=\"--width:16;--height:16\" decoding=\"async\"\/><img loading=\"lazy\" src=\"https:\/\/hannover.t-online.de\/s\/paper\/_next\/static\/media\/font-sizes-dark-mode.e382645c.svg\" alt=\"\" title=\"\" class=\"block h-[calc(var(--height)_\/_16_*_1rem)] w-[calc(var(--width)_\/_16_*_1rem)] max-w-none hidden group-hover:block group-aria-expanded:block\" style=\"--width:16;--height:16\" decoding=\"async\"\/><img loading=\"lazy\" src=\"https:\/\/hannover.t-online.de\/s\/paper\/_next\/static\/media\/sharing-menu-icon.1eb71368.svg\" alt=\"\" title=\"\" class=\"block h-[calc(var(--height)_\/_16_*_1rem)] w-[calc(var(--width)_\/_16_*_1rem)] max-w-none group-hover:brightness-0 group-hover:invert\" style=\"--width:16;--height:16\" decoding=\"async\"\/>Artikel teilen<\/p>\n<p class=\"font-bold text-18 leading-17 user-text-lg:text-22 user-text-xl:text-24\">Vor rund 100 Jahren hatte es ein Serienm\u00f6rder in Hannover auf Jungs und junge M\u00e4nner abgesehen. Durch Kleidungsst\u00fccke kam die Polizei ihm auf die Schliche.<\/p>\n<p class=\"text-18 leading-17 user-text-lg:text-22 user-text-xl:text-24\">Es war Zufall, dass die Kinder den Sch\u00e4del beim Spielen entdeckten. Sie schlugen sofort Alarm und das Ufer der Leine zwischen Hannover und Garbsen wurde abgesucht. Immer mehr zusammengeschn\u00fcrte B\u00fcndel mit Leichenteilen und Knochenresten wurden geborgen. Am Ende z\u00e4hlten die Ermittler allein 22 Oberschenkelknochen, insgesamt waren es 500 einzelne Leichenteile. Es war amtlich: In Hannover ging ein Serienm\u00f6rder um.<\/p>\n<p class=\"text-18 leading-17 user-text-lg:text-22 user-text-xl:text-24\">Es war das Jahr 1924 und die Wirren der Nachkriegszeit waren noch lange nicht vorbei. Daher reagierte die Polizei lange nicht, als besorgte Eltern ihre S\u00f6hne vermisst meldeten. Vielleicht umgezogen, abgehauen, vielleicht wollten sie ihr Gl\u00fcck woanders suchen. Sorgen machte sich bis dahin niemand. Rund um den Hannoveraner Bahnhof entstand in dieser Zeit ein Milieu der Gl\u00fcckssucher, Vertriebenen, Mittellosen \u2013 und somit schnell der Prostituierten und Hehler. In dieser Szene lebte der damals 44-j\u00e4hrige Fritz Haarmann. Und rutschte mal wieder ins Visier der Polizei.<\/p>\n<p class=\"text-18 leading-17 user-text-lg:text-22 user-text-xl:text-24\">Denn Friedrich &#8222;Fritz&#8220; Heinrich Karl Haarmann war l\u00e4ngst polizeibekannt, der Mann war immer mal wieder wegen &#8222;Unzucht mit Knaben&#8220; aufgefallen, wie der NDR berichtet. Wohl als Kind von seinem \u00e4lteren Bruder missbraucht, beging er nun selbst diese Verbrechen an Nachbarsjungen. Ein geordnetes Leben zu f\u00fchren, gelang ihm nie, er rutschte in die Kleinkriminalit\u00e4t ab. Regelm\u00e4\u00dfige Kurzbesuche im Knast folgten. Den Ersten Weltkrieg verbrachte er fast vollst\u00e4ndig im Gef\u00e4ngnis, schrieb die &#8222;Welt&#8220;. Die Polizei heuerte ihn 1918 direkt als Spitzel an.<\/p>\n<p>Als Polizeispitzel auf Opferjagd<\/p>\n<p class=\"text-18 leading-17 user-text-lg:text-22 user-text-xl:text-24\">Ausgestattet mit einem offiziellen Polizeiausweis, wie der &#8222;Spiegel&#8220; berichtet, durchsuchte er den Bahnhof und die Wartes\u00e4le nach potenziellen Opfern. Der Deal war simpel: Er bot Essen und Unterkunft f\u00fcr Sex. Seine Opfer, am Ende mindestens 24 Jungs und M\u00e4nner zwischen 10 und 22 Jahre alt, gingen mit ihm.<\/p>\n<p><a href=\"#focus-1\" class=\"transition-colors block text-current relative\" data-sctrack=\"FocusGalleryImage.Reference\"><img   loading=\"lazy\" src=\"https:\/\/www.europesays.com\/de\/wp-content\/uploads\/2026\/08\/menschenknochen-die-nach-absenkung-des-leinepegels-gefunden-wurden-archivbild-fritz-haarmann-hatte-z.jpeg\" alt=\"Menschenknochen, die man nach Absenkung des Leinepegels gefunden hat (Archivbild): Fritz Haarmann hatte zahlreiche Menschen get\u00f6tet.\" title=\"Menschenknochen, die man nach Absenkung des Leinepegels gefunden hat (Archivbild): Fritz Haarmann hatte zahlreiche Menschen get\u00f6tet.\" width=\"1920\" height=\"1080\" class=\"h-full w-full max-w-full rounded-8\" decoding=\"async\"\/><img loading=\"lazy\" src=\"https:\/\/hannover.t-online.de\/s\/paper\/_next\/static\/media\/zoom-in.f7dae02f.svg\" alt=\"Vergr\u00f6\u00dfern des Bildes\" title=\"Vergr\u00f6\u00dfern des Bildes\" class=\"block h-[calc(var(--height)_\/_16_*_1rem)] w-[calc(var(--width)_\/_16_*_1rem)] max-w-none absolute right-8 bottom-8 rounded-4 bg-snow p-8\" style=\"--width:32;--height:32\" decoding=\"async\"\/>Menschenknochen, die nach Absenkung des Leinepegels gefunden wurden (Archivbild). (Quelle: localpic)<\/a><\/p>\n<p class=\"text-18 leading-17 user-text-lg:text-22 user-text-xl:text-24\">Den ersten Mord beging er 1918, so die Ermittler. Kurz danach lernte er seinen zwanzig Jahre j\u00fcngeren Geliebten Hans Grans kennen. Das Morden h\u00f6rte auf, Haarmann bekam seine Lust zu t\u00f6ten in den Griff.<\/p>\n<p class=\"text-18 leading-17 user-text-lg:text-22 user-text-xl:text-24\">Doch im Februar 1923 begann Haarmann eine der gr\u00f6\u00dften Mordserien, die Deutschland je ersch\u00fctterte. Ab Februar bis Juni 2024 mordete er durchschnittlich ein Mal pro Monat, zwischen Oktober 1923 und April 1924 brachte er w\u00f6chentlich ein Opfer um. Der Fu\u00dfboden seiner Wohnung soll blutgetr\u00e4nkt gewesen sein, berichtet die &#8222;Welt&#8220;.<\/p>\n","protected":false},"excerpt":{"rendered":"Er galt als &#8222;Vampir von Hannover&#8220; &#8222;Habe ihre Leichen zerst\u00fcckelt und die einzelnen Teile entsorgt&#8220; Aktualisiert am 31.08.2026&hellip;\n","protected":false},"author":2,"featured_media":1272724,"comment_status":"","ping_status":"","sticky":false,"template":"","format":"standard","meta":{"footnotes":"","_share_on_mastodon":"0"},"categories":[1836],"tags":[2201,3364,29,15850,19567,9090,30,46,262776,262777,1411,121,262778,1995],"class_list":["post-1272723","post","type-post","status-publish","format-standard","has-post-thumbnail","category-hannover","tag-2201","tag-de","tag-deutschland","tag-erster-weltkrieg","tag-fritz-haarmann","tag-garbsen","tag-germany","tag-hannover","tag-hans-gran","tag-heinrich-karl-haarmann","tag-niedersachsen","tag-polizei","tag-theodor-lessing","tag-verbrechen"],"share_on_mastodon":{"url":"","error":""},"_links":{"self":[{"href":"https:\/\/www.europesays.com\/de\/wp-json\/wp\/v2\/posts\/1272723","targetHints":{"allow":["GET"]}}],"collection":[{"href":"https:\/\/www.europesays.com\/de\/wp-json\/wp\/v2\/posts"}],"about":[{"href":"https:\/\/www.europesays.com\/de\/wp-json\/wp\/v2\/types\/post"}],"author":[{"embeddable":true,"href":"https:\/\/www.europesays.com\/de\/wp-json\/wp\/v2\/users\/2"}],"replies":[{"embeddable":true,"href":"https:\/\/www.europesays.com\/de\/wp-json\/wp\/v2\/comments?post=1272723"}],"version-history":[{"count":0,"href":"https:\/\/www.europesays.com\/de\/wp-json\/wp\/v2\/posts\/1272723\/revisions"}],"wp:featuredmedia":[{"embeddable":true,"href":"https:\/\/www.europesays.com\/de\/wp-json\/wp\/v2\/media\/1272724"}],"wp:attachment":[{"href":"https:\/\/www.europesays.com\/de\/wp-json\/wp\/v2\/media?parent=1272723"}],"wp:term":[{"taxonomy":"category","embeddable":true,"href":"https:\/\/www.europesays.com\/de\/wp-json\/wp\/v2\/categories?post=1272723"},{"taxonomy":"post_tag","embeddable":true,"href":"https:\/\/www.europesays.com\/de\/wp-json\/wp\/v2\/tags?post=1272723"}],"curies":[{"name":"wp","href":"https:\/\/api.w.org\/{rel}","templated":true}]}}