{"id":1272782,"date":"2026-09-01T00:07:29","date_gmt":"2026-09-01T00:07:29","guid":{"rendered":"https:\/\/www.europesays.com\/de\/1272782\/"},"modified":"2026-09-01T00:07:29","modified_gmt":"2026-09-01T00:07:29","slug":"radio-emersacker-das-steckt-hinter-dem-radiosender-aus-dem-holzwinkel","status":"publish","type":"post","link":"https:\/\/www.europesays.com\/de\/1272782\/","title":{"rendered":"Radio Emersacker: Das steckt hinter dem Radiosender aus dem Holzwinkel"},"content":{"rendered":"<p class=\"mb-6 text-xs-varying md:text-m lg:text-l font-serif group-[.font-sans]:font-sans \">\n    Haben Sie schon was von \u201eRadio <a href=\"https:\/\/augsburger-allgemeine.de\/augsburg-land\/ort\/Emersacker\" target=\"_self\" class=\"underline \" rel=\"nofollow noopener\">Emersacker<\/a>\u201c geh\u00f6rt? An sieben Tagen die Woche rund um die Uhr unterh\u00e4lt Ivan Sraga zusammen mit seiner Frau Ines ihre H\u00f6rerinnen und H\u00f6rer mit Musik aus <a href=\"https:\/\/www.suedkurier.de\/schlager\" target=\"_self\" class=\"underline \" rel=\"nofollow noopener\">Schlager<\/a>, Rock, Pop, aktuellen Charts und Partyhits. Und das alles \u00fcber \u201elaut.fm emersacker\u201c einem privaten Webradio, das beide mit viel Herzblut ins Leben gerufen hat. Wie die beiden auf die Idee kamen und was  Radio Emersacker anders macht als gro\u00dfe Sender.\n  <\/p>\n<p class=\"mb-6 text-xs-varying md:text-m lg:text-l font-serif group-[.font-sans]:font-sans \">\n    Die Idee entstand beim Radioh\u00f6ren, erz\u00e4hlt der 40-J\u00e4hrige. Dabei war ihm aufgefallen, dass Nachrichten und aktuelle Themen h\u00e4ufig auf gr\u00f6\u00dfere St\u00e4dte ausgerichtet sind, w\u00e4hrend kleinere Orte mit ihren Vereinen und Feuerwehren, Festen und Veranstaltungen deutlich weniger Beachtung bekommen. \u201eDa kam mir der Gedanke: Warum sollen wir es nicht versuchen, es ein wenig anders zu machen\u201c, erz\u00e4hlt er. \u201eNah bei den Menschen in ihren D\u00f6rfern und ihrem t\u00e4glichen Leben.\u201c Er machte sich im Internet schlau, was an Technik notwendig, was urheberrechtlich zu ber\u00fccksichtigen ist und besorgte sich die entsprechenden Programme.\n  <\/p>\n<p>            Radio im Holzwinkel: Ivan und Ines Straga gr\u00fcnden Sender<\/p>\n<p class=\"mb-6 text-xs-varying md:text-m lg:text-l font-serif group-[.font-sans]:font-sans \">\n    Seine Frau zeigte sich anfangs etwas skeptisch, denn das Projekt w\u00fcrde viel Zeit in Anspruch nehmen. Sie haben zwei Kinder. Beide sind beruflich t\u00e4tig, er selbst arbeitet im Dreischichtbetrieb. W\u00e4hrend er sich um Technik, Programmgestaltung und Vorbereitung der Inhalte und das Einsprechen der Radio-Beitr\u00e4ge k\u00fcmmert, \u00fcbernimmt seine Frau Ines die Organisation, hilft bei der Suche und Sammlung lokaler Nachrichten und Informationen und k\u00fcmmert sich um die \u00d6ffentlichkeitsarbeit.\n  <\/p>\n<p class=\"mb-6 text-xs-varying md:text-m lg:text-l font-serif group-[.font-sans]:font-sans \">\n    Bei ihrer Arbeit nutzen sie auch digitale Werkzeuge und k\u00fcnstliche Intelligenz als Unterst\u00fctzung. Drei- bis viermal die Woche bearbeitet Ivan Sraga das Programm und die Beitr\u00e4ge. Regelm\u00e4\u00dfig um 5, um 10, 16 und 20 Uhr berichtet er \u00fcber Veranstaltungen und aktuelle Themen aus dem gesamten Holzwinkel und <a href=\"https:\/\/augsburger-allgemeine.de\/wertingen\/ort\/Wertingen\" target=\"_self\" class=\"underline \" rel=\"nofollow noopener\">Wertingen<\/a>. Immer h\u00e4ufiger melden sich auch die Bewohner bei ihnen und schicken ihnen Veranstaltungshinweise, Informationen und Ideen. \u201eGenauso haben wir es uns gew\u00fcnscht\u201c, sagt er. \u201eEs soll kein Radio sein, das nur zu den Menschen spricht, sondern ein Radio, das gemeinsam mit den Menschen entsteht.\u201c\n  <\/p>\n<p>            Radio Emersacker: Feedback ist positiv<\/p>\n<p class=\"mb-6 text-xs-varying md:text-m lg:text-l font-serif group-[.font-sans]:font-sans \">\n    Anfang Juni nahm Radio Emersacker seinen Sendebetrieb auf. Sraga ist stolz darauf, dass sich das Projek besser entwickelt hat, als er zu Beginn erwartet hatte. Der erste Sendetag war aufregend und mit Stolz verbunden, aber auch mit ein wenig Angst. \u201eWir haben uns gefragt, ob alles technisch funktionieren w\u00fcrde, ob die Menschen \u00fcberhaupt Interesse daran h\u00e4tten und ob wir mit unserer Idee auf dem richtigen Weg sind.\u201c Bereits nach zwei Wochen erhielten sie zahlreiche positive R\u00fcckmeldungen aus der Region.\n  <\/p>\n<p class=\"mb-6 text-xs-varying md:text-m lg:text-l font-serif group-[.font-sans]:font-sans \">\n    Musik ist seit seiner Kindheit ein wichtiger Teil in Sragas Lebens. Mit zw\u00f6lf Jahren spielte er Saiteninstrumente. Zwanzig Jahre lang war er aktiv als Musiker. Er spielte in einem Tamburica-Ensemble und war Mitglied eines Kulturvereins. Zusammen mit seinem Freund J\u00fcrgen Fuhrmann ist ganz spontan nach einem ihrer \u201eH\u00fcttenjungs-Abende\u201c mit Freunden aus dem Holzwinkel und Wertingen das Lied \u201eH\u00fcttenjungs im Holzwinkel\u201c entstanden. Jetzt ist es auch im Radio Emersacker zu h\u00f6ren.\n  <\/p>\n<p class=\"mb-6 text-xs-varying md:text-m lg:text-l font-serif group-[.font-sans]:font-sans \">\n    2018 kam der geb\u00fcrtige Kroate nach Deutschland. Ein Jahr sp\u00e4ter folgten seine Frau und die beiden Kinder. Emersacker und der gesamte Holzwinkel sind f\u00fcr sie zu einem Ort geworden, mit dem sie sich sehr verbunden f\u00fchlen, sagt er. Die Sch\u00f6nheit der Region, insbesondere die Menschen, der Zusammenhalt und das Gef\u00fchl, dass hier jeder auf seine Weise zur Gemeinschaft beitr\u00e4gt, bedeuten ihn sehr viel. \u201eEmersacker ist f\u00fcr uns heute unser Zuhause.\u201c\n  <\/p>\n","protected":false},"excerpt":{"rendered":"Haben Sie schon was von \u201eRadio Emersacker\u201c geh\u00f6rt? An sieben Tagen die Woche rund um die Uhr unterh\u00e4lt&hellip;\n","protected":false},"author":2,"featured_media":1272783,"comment_status":"","ping_status":"","sticky":false,"template":"","format":"standard","meta":{"footnotes":"","_share_on_mastodon":"0"},"categories":[1772],"tags":[29,232865,214,30,262809,1779,810,970,262810,215,33068,201224],"class_list":["post-1272782","post","type-post","status-publish","format-standard","has-post-thumbnail","category-musik","tag-deutschland","tag-emersacker","tag-entertainment","tag-germany","tag-holzwinkel","tag-music","tag-musik","tag-schlager","tag-sraga","tag-unterhaltung","tag-veranstaltungstipp","tag-wertingen"],"share_on_mastodon":{"url":"https:\/\/pubeurope.com\/@de\/117192874542072610","error":""},"_links":{"self":[{"href":"https:\/\/www.europesays.com\/de\/wp-json\/wp\/v2\/posts\/1272782","targetHints":{"allow":["GET"]}}],"collection":[{"href":"https:\/\/www.europesays.com\/de\/wp-json\/wp\/v2\/posts"}],"about":[{"href":"https:\/\/www.europesays.com\/de\/wp-json\/wp\/v2\/types\/post"}],"author":[{"embeddable":true,"href":"https:\/\/www.europesays.com\/de\/wp-json\/wp\/v2\/users\/2"}],"replies":[{"embeddable":true,"href":"https:\/\/www.europesays.com\/de\/wp-json\/wp\/v2\/comments?post=1272782"}],"version-history":[{"count":0,"href":"https:\/\/www.europesays.com\/de\/wp-json\/wp\/v2\/posts\/1272782\/revisions"}],"wp:featuredmedia":[{"embeddable":true,"href":"https:\/\/www.europesays.com\/de\/wp-json\/wp\/v2\/media\/1272783"}],"wp:attachment":[{"href":"https:\/\/www.europesays.com\/de\/wp-json\/wp\/v2\/media?parent=1272782"}],"wp:term":[{"taxonomy":"category","embeddable":true,"href":"https:\/\/www.europesays.com\/de\/wp-json\/wp\/v2\/categories?post=1272782"},{"taxonomy":"post_tag","embeddable":true,"href":"https:\/\/www.europesays.com\/de\/wp-json\/wp\/v2\/tags?post=1272782"}],"curies":[{"name":"wp","href":"https:\/\/api.w.org\/{rel}","templated":true}]}}