{"id":1272791,"date":"2026-09-01T00:13:13","date_gmt":"2026-09-01T00:13:13","guid":{"rendered":"https:\/\/www.europesays.com\/de\/1272791\/"},"modified":"2026-09-01T00:13:13","modified_gmt":"2026-09-01T00:13:13","slug":"klage-in-den-usa-zoff-fuer-amazon-wegen-moeglicher-milliarden-abzocke-geld","status":"publish","type":"post","link":"https:\/\/www.europesays.com\/de\/1272791\/","title":{"rendered":"Klage in den USA: Zoff f\u00fcr Amazon wegen m\u00f6glicher Milliarden-Abzocke | Geld"},"content":{"rendered":"<p><a class=\"skip-content skip-content--link\" href=\"#in-content-skip-link-target-v-0-0\">TTS-Player \u00fcberspringen\u21b5<\/a><a id=\"in-content-skip-link-target-v-0-0\" class=\"skip-content--target-link-hidden skip-content skip-content--target-link\" href=\"#in-content-skip-link-target-v-0-0\">Artikel weiterlesen<\/a><\/p>\n<p>Washington \u2013 <b>Die US-Wettbewerbsbeh\u00f6rde FTC und mehrere Bundesstaaten verklagen den Internet-Riesen Amazon wegen des Vorwurfs k\u00fcnstlich verteuerter Werbepl\u00e4tze. \u00dcber sieben Jahre hinweg habe der Konzern bei Auktionen von Werbeanzeigen heimlich die Preise nach oben getrieben und so wahrscheinlich zweistellige Milliardenbetr\u00e4ge verdient, teilte die Beh\u00f6rde mit. Die Generalstaatsanw\u00e4lte von 22 Bundesstaaten schlossen sich der Klage an.<\/b><\/p>\n<p>\u201eDiese h\u00f6heren Kosten wurden gr\u00f6\u00dftenteils an die amerikanischen Verbraucher weitergegeben\u201c, erkl\u00e4rte der FTC-Vorsitzende Andrew Ferguson. Wenn einer der weltweit gr\u00f6\u00dften Online-H\u00e4ndler unlautere Praktiken anwende, k\u00f6nnten die Folgen verheerend sein, so Ferguson. Die Aktien von Amazon notierten am Montag rund 2,5 Prozent im Minus.<\/p>\n<p>Wollte Amazon Werbeeinnahmen ankurbeln?<\/p>\n<p>Unternehmen k\u00f6nnen <a href=\"https:\/\/www.bild.de\/unterhaltung\/leute\/jeff-bezos-alle-infos-7J9wOfy2j61cSHNq2lwI\" class=\"text-link\" rel=\"nofollow noopener\" target=\"_blank\">Amazon<\/a> daf\u00fcr bezahlen, dass ihre Werbung bei bestimmten Suchergebnissen auftaucht. Welches Unternehmen den Werbeplatz bekommt, wird per Auktion entschieden.<\/p>\n<p>Laut Darstellung der FTC muss der H\u00f6chstbietende daf\u00fcr aber nicht den tats\u00e4chlichen Preis seines Gebots zahlen, sondern nur einen Cent mehr als der Zweitplatzierte. Das hei\u00dft: Wenn eine Firma 200 Dollar bietet und eine andere 190 Dollar, muss die erste Firma nur 190,01 Dollar f\u00fcr den ersteigerten Werbeplatz zahlen. Bei der Produktwerbung habe Amazon aber in nahezu vier von f\u00fcnf F\u00e4llen doch das volle Gebot des Erstplatzierten einkassiert, so der Vorwurf \u2013 und damit gegen die eigenen Regeln versto\u00dfen.<\/p>\n<p>Laut der FTC gibt es f\u00fcr diese Praxis auch Beweise in firmeninternen Dokumenten, in denen von einem \u201eversteckten Aufschlag\u201c die Rede ist. Zudem habe der Konzern die Preise mit fiktiven Auktionsteilnehmern selbst in die H\u00f6he getrieben. Der Klage zufolge nahm Amazon die heimliche \u00c4nderung vor, weil der Tech-Riese unzufrieden mit den Einnahmen aus den Werbeauktionen war.<\/p>\n","protected":false},"excerpt":{"rendered":"TTS-Player \u00fcberspringen\u21b5Artikel weiterlesen Washington \u2013 Die US-Wettbewerbsbeh\u00f6rde FTC und mehrere Bundesstaaten verklagen den Internet-Riesen Amazon wegen des Vorwurfs&hellip;\n","protected":false},"author":2,"featured_media":1272792,"comment_status":"","ping_status":"","sticky":false,"template":"","format":"standard","meta":{"footnotes":"","_share_on_mastodon":"0"},"categories":[134],"tags":[2483,175,170,169,29,30,1789,171,174,138370,173,172,64],"class_list":["post-1272791","post","type-post","status-publish","format-standard","has-post-thumbnail","category-unternehmen-maerkte","tag-amazon","tag-business","tag-companies","tag-companies-markets","tag-deutschland","tag-germany","tag-klage","tag-markets","tag-maerkte","tag-team-first","tag-unternehmen","tag-unternehmen-maerkte","tag-usa"],"share_on_mastodon":{"url":"https:\/\/pubeurope.com\/@de\/117192897924719769","error":""},"_links":{"self":[{"href":"https:\/\/www.europesays.com\/de\/wp-json\/wp\/v2\/posts\/1272791","targetHints":{"allow":["GET"]}}],"collection":[{"href":"https:\/\/www.europesays.com\/de\/wp-json\/wp\/v2\/posts"}],"about":[{"href":"https:\/\/www.europesays.com\/de\/wp-json\/wp\/v2\/types\/post"}],"author":[{"embeddable":true,"href":"https:\/\/www.europesays.com\/de\/wp-json\/wp\/v2\/users\/2"}],"replies":[{"embeddable":true,"href":"https:\/\/www.europesays.com\/de\/wp-json\/wp\/v2\/comments?post=1272791"}],"version-history":[{"count":0,"href":"https:\/\/www.europesays.com\/de\/wp-json\/wp\/v2\/posts\/1272791\/revisions"}],"wp:featuredmedia":[{"embeddable":true,"href":"https:\/\/www.europesays.com\/de\/wp-json\/wp\/v2\/media\/1272792"}],"wp:attachment":[{"href":"https:\/\/www.europesays.com\/de\/wp-json\/wp\/v2\/media?parent=1272791"}],"wp:term":[{"taxonomy":"category","embeddable":true,"href":"https:\/\/www.europesays.com\/de\/wp-json\/wp\/v2\/categories?post=1272791"},{"taxonomy":"post_tag","embeddable":true,"href":"https:\/\/www.europesays.com\/de\/wp-json\/wp\/v2\/tags?post=1272791"}],"curies":[{"name":"wp","href":"https:\/\/api.w.org\/{rel}","templated":true}]}}