{"id":1272804,"date":"2026-09-01T00:21:15","date_gmt":"2026-09-01T00:21:15","guid":{"rendered":"https:\/\/www.europesays.com\/de\/1272804\/"},"modified":"2026-09-01T00:21:15","modified_gmt":"2026-09-01T00:21:15","slug":"regionalexpress-kollidiert-mit-umgestuerztem-baum-zugverkehr-bei-burgstaedt-unterbrochen","status":"publish","type":"post","link":"https:\/\/www.europesays.com\/de\/1272804\/","title":{"rendered":"Regionalexpress kollidiert mit umgest\u00fcrztem Baum: Zugverkehr bei Burgst\u00e4dt unterbrochen"},"content":{"rendered":"<p>Am Montagnachmittag kollidierte ein Regionalexpress der Linie RE6 zwischen <a href=\"https:\/\/www.blick.de\/thema\/ort\/chemnitz\" title=\"Nachrichten f\u00fcr den Ort: Chemnitz\" class=\"internal-article-link\" data-ct=\"ENTITY\/LOCATION\/CHEMNITZ\" rel=\"nofollow noopener\" target=\"_blank\">Chemnitz<\/a> und Leipzig auf der Bahnstrecke zwischen Cossen und Burgst\u00e4dt mit einem umgest\u00fcrzten Baum.<\/p>\n<p>Der Baum lag nach ersten Informationen in einem Kurvenbereich auf den Gleisen und wurde vom Triebfahrzeugf\u00fchrer w\u00e4hrend der Fahrt bemerkt. Trotz einer eingeleiteten Schnellbremsung konnte eine Kollision nicht mehr verhindert werden.<\/p>\n<p>\n\tRegionalexpress kollidiert mit umgest\u00fcrztem Baum\n\t<\/p>\n<p>Verletzt wurde nach bisherigen Erkenntnissen niemand. In dem aus zwei Triebwagenteilen bestehenden Zug befanden sich zum Zeitpunkt des Unfalls rund 150 Fahrg\u00e4ste. Der vordere Zugteil wurde bei dem Zusammensto\u00df besch\u00e4digt und konnte seine Fahrt nicht fortsetzen.<\/p>\n<p>Die Fahrg\u00e4ste aus diesem Zugteil wurden deshalb in den hinteren, unbesch\u00e4digten Teil des Zuges gebracht. Einsatzkr\u00e4fte der Feuerwehr unterst\u00fctzten dabei und beseitigten zudem Teile des umgest\u00fcrzten Baumes aus dem Gleisbereich.<\/p>\n<p>\n\tZugverkehr zwischen Cossen und Burgst\u00e4dt unterbrochen\n\t<\/p>\n<p>Anschlie\u00dfend konnte der intakte Zugteil nach Cossen zur\u00fcckgesetzt werden. Der besch\u00e4digte Zugteil verblieb zun\u00e4chst auf der Strecke.<\/p>\n<p>Da es sich in dem betroffenen Abschnitt um eine eingleisige Bahnstrecke handelte, war der Zugverkehr zwischen Cossen und Burgst\u00e4dt infolge der Kollision unterbrochen. Im Schienenpersonennahverkehr kam es zu Teilausf\u00e4llen, au\u00dferdem wurden G\u00fcterz\u00fcge zur\u00fcckgehalten.<\/p>\n<p>Wie der besch\u00e4digte Zug von der Strecke geborgen werden sollte und wann der betroffene Abschnitt wieder f\u00fcr den Bahnverkehr freigegeben werden konnte, war zun\u00e4chst nicht bekannt.<\/p>\n<p><b>F\u00fcr alle, die wissen wollen, was in der Region los ist:<\/b><\/p>\n<p>Mit dem Blaulicht-Newsletter von BLICK.de bekommst du jeden Freitag aktuelle Polizeimeldungen, Ermittlungen und Verkehrshinweise direkt in dein Postfach.<\/p>\n<p><b>Jetzt\u00a0kostenlos\u00a0anmelden:<\/b><\/p>\n<p><a href=\"http:\/\/www.blick.de\/service\/formulare\/newsletteranmeldung?k=bl-Artikel#blaulicht\" class=\"button button--cta\" rel=\"nofollow noopener\" target=\"_blank\">Zum\u00a0Blaulicht-Newsletter<\/a><\/p>\n<p>\n\t\t\t<a class=\"link\" href=\"http:\/\/www.blick.de\/cdn-cgi\/l\/email-protection#3e5551504a5f554a7e5c52575d55105a5b014d4b5c545b5d4a03765750495b574d1b0c0e444b531b0c0e7f4c4a57555b521b0c0e6c5b595751505f525b464e4c5b4d4d1b0c0e55515252575a575b4c4a1b0c0e53574a1b0c0e4b53595b4d4a1b7d0d1b7c7d4c444a5b531b0c0e7c5f4b531b0d7f1b0c0e644b59485b4c555b564c1b0c0e5c5b571b0c0e7c4b4c594d4a1b7d0d1b7f0a5a4a1b0c0e4b504a5b4c5c4c515d565b50\" data-ct=\"ARTIKEL\/FOOTER\/KORREKTURHINWEIS\" rel=\"nofollow noopener\" target=\"_blank\"><br \/>\n\t\t\t\tHabt ihr eine Meinung zu diesem Artikel oder einen Fehler entdeckt? Dann weist uns gern darauf hin.<br \/>\n\t\t\t<\/a>\n\t\t<\/p>\n","protected":false},"excerpt":{"rendered":"Am Montagnachmittag kollidierte ein Regionalexpress der Linie RE6 zwischen Chemnitz und Leipzig auf der Bahnstrecke zwischen Cossen und&hellip;\n","protected":false},"author":2,"featured_media":1272805,"comment_status":"","ping_status":"","sticky":false,"template":"","format":"standard","meta":{"footnotes":"","_share_on_mastodon":"0"},"categories":[1851],"tags":[1739,2770,3364,29,548,663,3934,30,13,14,15,859,12],"class_list":["post-1272804","post","type-post","status-publish","format-standard","has-post-thumbnail","category-chemnitz","tag-bahn","tag-chemnitz","tag-de","tag-deutschland","tag-eu","tag-europa","tag-europe","tag-germany","tag-headlines","tag-nachrichten","tag-news","tag-sachsen","tag-schlagzeilen"],"share_on_mastodon":{"url":"https:\/\/pubeurope.com\/@de\/117192929193109384","error":""},"_links":{"self":[{"href":"https:\/\/www.europesays.com\/de\/wp-json\/wp\/v2\/posts\/1272804","targetHints":{"allow":["GET"]}}],"collection":[{"href":"https:\/\/www.europesays.com\/de\/wp-json\/wp\/v2\/posts"}],"about":[{"href":"https:\/\/www.europesays.com\/de\/wp-json\/wp\/v2\/types\/post"}],"author":[{"embeddable":true,"href":"https:\/\/www.europesays.com\/de\/wp-json\/wp\/v2\/users\/2"}],"replies":[{"embeddable":true,"href":"https:\/\/www.europesays.com\/de\/wp-json\/wp\/v2\/comments?post=1272804"}],"version-history":[{"count":0,"href":"https:\/\/www.europesays.com\/de\/wp-json\/wp\/v2\/posts\/1272804\/revisions"}],"wp:featuredmedia":[{"embeddable":true,"href":"https:\/\/www.europesays.com\/de\/wp-json\/wp\/v2\/media\/1272805"}],"wp:attachment":[{"href":"https:\/\/www.europesays.com\/de\/wp-json\/wp\/v2\/media?parent=1272804"}],"wp:term":[{"taxonomy":"category","embeddable":true,"href":"https:\/\/www.europesays.com\/de\/wp-json\/wp\/v2\/categories?post=1272804"},{"taxonomy":"post_tag","embeddable":true,"href":"https:\/\/www.europesays.com\/de\/wp-json\/wp\/v2\/tags?post=1272804"}],"curies":[{"name":"wp","href":"https:\/\/api.w.org\/{rel}","templated":true}]}}